{"id":3470,"date":"2024-03-25T15:25:31","date_gmt":"2024-03-25T15:25:31","guid":{"rendered":"https:\/\/koff.swisspeace.ch\/apropos\/?p=3470"},"modified":"2024-03-26T08:42:09","modified_gmt":"2024-03-26T08:42:09","slug":"evenements-6","status":"publish","type":"post","link":"https:\/\/koff.swisspeace.ch\/apropos\/3470\/evenements-6\/","title":{"rendered":"\u00c9v\u00e9nements"},"content":{"rendered":"\n<h2>Festival du film sur les droits de l&#8217;homme &#8220;This war is over. This is a new war\u00bb. C&#8217;est une nouvelle guerre&#8221; : Femmes entre la guerre et la paix<\/h2>\n\n\n\n<p><strong>6 avril 2024, 20h40 au cin\u00e9ma Riffraff 1, Neugasse 57\/63, Z\u00fcrich<\/strong><\/p>\n\n\n\n<p>Le documentaire syrien &#8220;Under the sky of Damascus&#8221; raconte l&#8217;histoire d&#8217;un groupe de jeunes femmes qui veulent monter une pi\u00e8ce de th\u00e9\u00e2tre exposant la culture de la misogynie et de la violence \u00e0 l&#8217;\u00e9gard des femmes dans leur pays ravag\u00e9 par le conflit. Elles doivent surmonter de nombreux obstacles : au sein de leur propre famille, dans la soci\u00e9t\u00e9 et dans l&#8217;\u00e9quipe de production. Le film d\u00e9montre ce que cela signifie pour ces femmes de lutter contre la misogynie structurelle et le sexisme dans un pays o\u00f9 il n&#8217;y a pas de consensus sur la question de savoir si le conflit arm\u00e9 est termin\u00e9, s&#8217;il se poursuit ou si un nouveau conflit a d\u00e9j\u00e0 commenc\u00e9.<\/p>\n\n\n\n<p>Apr\u00e8s la projection, Karin Widmer, responsable du programme PeaceWomen Across the Globe, participera \u00e0 une table ronde sur les exp\u00e9riences des femmes et les possibilit\u00e9s d&#8217;action dans les pays touch\u00e9s par un conflit. Comment les femmes peuvent-elles cr\u00e9er des espaces s\u00fbrs et autod\u00e9termin\u00e9s et \u00e0 quels obstacles sociaux sont-elles confront\u00e9es ? Un \u00e9change sur la justice de genre et la paix qui n&#8217;en est pas un.<\/p>\n\n\n\n<p>Plus d&#8217;informations <a href=\"https:\/\/www.humanrightsfilmfestival.ch\/\" target=\"_blank\" rel=\"noreferrer noopener\">ici<\/a>.<\/p>\n\n\n\n<h2>Nouveau cours de swisspeace : Formation aux techniques de facilitation<\/h2>\n\n\n\n<p><strong>06 &#8211; 07 juin 2024 \u00e0 B\u00e2le, inscription jusqu&#8217;au 15 avril<\/strong><\/p>\n\n\n\n<p>Les interactions sont au c\u0153ur de notre travail quotidien, que ce soit lors de r\u00e9unions, d&#8217;\u00e9changes, d&#8217;ateliers ou de formations. La facilitation est l&#8217;art de comprendre, de concevoir et de guider ces interactions. Cependant, nous nous en tenons souvent aux m\u00e9thodes de collaboration conventionnelles telles que les pr\u00e9sentations, les discussions de groupe et les s\u00e9ances de brainstorming. Cette formation, vise \u00e0 d\u00e9velopper vos comp\u00e9tences en mati\u00e8re de facilitation afin de rendre les \u00e9changes plus engageants, plus inclusifs et plus efficaces. Nous discuterons des r\u00f4les et des d\u00e9fis d&#8217;un facilitateur et mettrons en pratique des m\u00e9thodologies et des outils cr\u00e9atifs qui peuvent \u00eatre appliqu\u00e9s dans diverses situations.&nbsp;<\/p>\n\n\n\n<p>Plus d&#8217;informations <a href=\"https:\/\/www.swisspeace.ch\/courses\/short-courses\/facilitation-skills-training\" target=\"_blank\" rel=\"noreferrer noopener\">ici<\/a>.<\/p>\n","protected":false},"excerpt":{"rendered":"<p>Festival du film sur les droits de l&#8217;homme &#8220;This war is over. This is a new war\u00bb. C&#8217;est une nouvelle guerre&#8221; : Femmes entre la guerre et la paix 6 avril 2024, 20h40 au cin\u00e9ma Riffraff 1, Neugasse 57\/63, Z\u00fcrich Le documentaire syrien &#8220;Under the sky of Damascus&#8221; raconte l&#8217;histoire d&#8217;un groupe de jeunes femmes <a href=\"https:\/\/koff.swisspeace.ch\/apropos\/3470\/evenements-6\/\" class=\"more-link\">&#8230;<span class=\"screen-reader-text\">  \u00c9v\u00e9nements<\/span><\/a><\/p>\n","protected":false},"author":3,"featured_media":392,"comment_status":"closed","ping_status":"closed","sticky":false,"template":"","format":"standard","meta":{"advgb_blocks_editor_width":"","advgb_blocks_columns_visual_guide":""},"categories":[97],"tags":[],"issue":[264],"acf":[],"author_meta":{"display_name":"\u00e0 propos","author_link":"https:\/\/koff.swisspeace.ch\/apropos\/author\/apropos\/"},"featured_img":"https:\/\/koff.swisspeace.ch\/apropos\/wp-content\/uploads\/2023\/01\/Bildschirmfoto-2023-01-03-um-11.57.47-e1672743726765-300x200.png","coauthors":[],"tax_additional":{"categories":{"linked":["<a href=\"https:\/\/koff.swisspeace.ch\/apropos\/category\/calendar-fr\/\" class=\"advgb-post-tax-term\">Calendrier<\/a>"],"unlinked":["<span class=\"advgb-post-tax-term\">Calendrier<\/span>"]}},"comment_count":0,"relative_dates":{"created":"Posted 2 years ago","modified":"Updated 2 years ago"},"absolute_dates":{"created":"Posted on March 25, 2024","modified":"Updated on March 26, 2024"},"absolute_dates_time":{"created":"Posted on March 25, 2024 3:25 pm","modified":"Updated on March 26, 2024 8:42 am"},"featured_img_caption":"","series_order":null,"_links":{"self":[{"href":"https:\/\/koff.swisspeace.ch\/apropos\/wp-json\/wp\/v2\/posts\/3470"}],"collection":[{"href":"https:\/\/koff.swisspeace.ch\/apropos\/wp-json\/wp\/v2\/posts"}],"about":[{"href":"https:\/\/koff.swisspeace.ch\/apropos\/wp-json\/wp\/v2\/types\/post"}],"author":[{"embeddable":true,"href":"https:\/\/koff.swisspeace.ch\/apropos\/wp-json\/wp\/v2\/users\/3"}],"replies":[{"embeddable":true,"href":"https:\/\/koff.swisspeace.ch\/apropos\/wp-json\/wp\/v2\/comments?post=3470"}],"version-history":[{"count":3,"href":"https:\/\/koff.swisspeace.ch\/apropos\/wp-json\/wp\/v2\/posts\/3470\/revisions"}],"predecessor-version":[{"id":3679,"href":"https:\/\/koff.swisspeace.ch\/apropos\/wp-json\/wp\/v2\/posts\/3470\/revisions\/3679"}],"wp:featuredmedia":[{"embeddable":true,"href":"https:\/\/koff.swisspeace.ch\/apropos\/wp-json\/wp\/v2\/media\/392"}],"wp:attachment":[{"href":"https:\/\/koff.swisspeace.ch\/apropos\/wp-json\/wp\/v2\/media?parent=3470"}],"wp:term":[{"taxonomy":"category","embeddable":true,"href":"https:\/\/koff.swisspeace.ch\/apropos\/wp-json\/wp\/v2\/categories?post=3470"},{"taxonomy":"post_tag","embeddable":true,"href":"https:\/\/koff.swisspeace.ch\/apropos\/wp-json\/wp\/v2\/tags?post=3470"},{"taxonomy":"issue","embeddable":true,"href":"https:\/\/koff.swisspeace.ch\/apropos\/wp-json\/wp\/v2\/issue?post=3470"}],"curies":[{"name":"wp","href":"https:\/\/api.w.org\/{rel}","templated":true}]}}