{"id":3471,"date":"2024-03-25T15:25:19","date_gmt":"2024-03-25T15:25:19","guid":{"rendered":"https:\/\/koff.swisspeace.ch\/apropos\/?p=3471"},"modified":"2024-03-26T08:40:55","modified_gmt":"2024-03-26T08:40:55","slug":"events-11","status":"publish","type":"post","link":"https:\/\/koff.swisspeace.ch\/apropos\/3471\/events-11\/","title":{"rendered":"Events"},"content":{"rendered":"\n<h2><strong>Menschenrechtsfilmfestival \u00abThis war is over. This is a new war.\u00bb: Frauen zwischen Krieg und Frieden<\/strong><\/h2>\n\n\n\n<p><strong>6. April 2024, 20.40 Uhr im Kino Riffraff 1, Neugasse 57\/63, Z\u00fcrich<\/strong><\/p>\n\n\n\n<p>Der syrische Dokumentationsfilm &#8220;Under the sky of Damascus&#8221; handelt von einer Gruppe junger Frauen, die ein Theaterst\u00fcck auff\u00fchren wollen, das die Kultur der Frauenfeindlichkeit und die Gewalt gegen Frauen in ihrem konfliktreichen Land aufdeckt. Sie m\u00fcssen zahlreiche Hindernisse \u00fcberwinden: mit ihren eigenen Familien und mit dem Produktionsteam. Der Film zeigt was es f\u00fcr Frauen bedeutet gegen strukturelle Frauenfeindlichkeit und Sexismus in einem Land zu k\u00e4mpfen in dem es keinen Konsens dar\u00fcber gibt, ob der bewaffnete Konflikt vorbei ist, weitergeht, oder ob ein neuer bereit begonnen hat.<\/p>\n\n\n\n<p>Nach der Filmvorf\u00fchrung wird Karin Widmer, Programmleiter bei FriedensFrauen Weltweit, in einer Podiumsdiskussion \u00fcber die Erfahrung von Frauen und m\u00f6glichen Handlungsr\u00e4umen in einem konfliktreichen Land sprechen. Wie k\u00f6nnen Frauen selbstbestimmt sichere R\u00e4ume gestalten und welche Hindernisse m\u00fcssen sie sich stellen? Ein Austausch \u00fcber Geschlechtergerechtigkeit und Frieden, der keiner ist.<\/p>\n\n\n\n<p>Mehr Informationen <a href=\"https:\/\/www.humanrightsfilmfestival.ch\/\" target=\"_blank\" rel=\"noreferrer noopener\">hier<\/a>.<\/p>\n\n\n\n<h2><strong>Neuer swisspeace Kurs: Moderationstraining<\/strong><\/h2>\n\n\n\n<p><strong>6. \u2013 7. Juni 2024 in Basel, Bewerbungen bis zum 15. April<\/strong><\/p>\n\n\n\n<p>Interaktionen stehen in unserer allt\u00e4glichen Arbeit im Mittelpunkt, egal ob Sitzungen, Austausche, Workshops, oder Trainings. Moderation ist die Kunst diese Interaktionen zu verstehen, zu gestalten und zu leiten. Oft behalten wir jedoch klassische Methoden der Zusammenarbeit wie Pr\u00e4sentationen, Gruppendiskussionen und Brainstorming-Sitzungen bei. In diesem Training m\u00f6chten wir Ihre Moderationsf\u00e4higkeiten ausbauen, um den Austausch beteiligender, inklusiver, und effizienter zu gestalten. Wir werden Rollen und Herausforderungen von Moderator:innen diskutieren und kreative Methoden und Instrumente \u00fcben, die in unterschiedlichen Situationen genutzt werden k\u00f6nnen. <\/p>\n\n\n\n<p>Mehr Informationen <a href=\"https:\/\/www.swisspeace.ch\/courses\/short-courses\/facilitation-skills-training\">hier<\/a>.<\/p>\n","protected":false},"excerpt":{"rendered":"<p>Menschenrechtsfilmfestival \u00abThis war is over. This is a new war.\u00bb: Frauen zwischen Krieg und Frieden 6. April 2024, 20.40 Uhr im Kino Riffraff 1, Neugasse 57\/63, Z\u00fcrich Der syrische Dokumentationsfilm &#8220;Under the sky of Damascus&#8221; handelt von einer Gruppe junger Frauen, die ein Theaterst\u00fcck auff\u00fchren wollen, das die Kultur der Frauenfeindlichkeit und die Gewalt gegen <a href=\"https:\/\/koff.swisspeace.ch\/apropos\/3471\/events-11\/\" class=\"more-link\">&#8230;<span class=\"screen-reader-text\">  Events<\/span><\/a><\/p>\n","protected":false},"author":3,"featured_media":392,"comment_status":"closed","ping_status":"closed","sticky":false,"template":"","format":"standard","meta":{"advgb_blocks_editor_width":"","advgb_blocks_columns_visual_guide":""},"categories":[93],"tags":[],"issue":[262],"acf":[],"author_meta":{"display_name":"\u00e0 propos","author_link":"https:\/\/koff.swisspeace.ch\/apropos\/author\/apropos\/"},"featured_img":"https:\/\/koff.swisspeace.ch\/apropos\/wp-content\/uploads\/2023\/01\/Bildschirmfoto-2023-01-03-um-11.57.47-e1672743726765-300x200.png","coauthors":[],"tax_additional":{"categories":{"linked":["<a href=\"https:\/\/koff.swisspeace.ch\/apropos\/category\/calendar-de\/\" class=\"advgb-post-tax-term\">Kalender<\/a>"],"unlinked":["<span class=\"advgb-post-tax-term\">Kalender<\/span>"]}},"comment_count":0,"relative_dates":{"created":"Posted 2 years ago","modified":"Updated 2 years ago"},"absolute_dates":{"created":"Posted on March 25, 2024","modified":"Updated on March 26, 2024"},"absolute_dates_time":{"created":"Posted on March 25, 2024 3:25 pm","modified":"Updated on March 26, 2024 8:40 am"},"featured_img_caption":"","series_order":null,"_links":{"self":[{"href":"https:\/\/koff.swisspeace.ch\/apropos\/wp-json\/wp\/v2\/posts\/3471"}],"collection":[{"href":"https:\/\/koff.swisspeace.ch\/apropos\/wp-json\/wp\/v2\/posts"}],"about":[{"href":"https:\/\/koff.swisspeace.ch\/apropos\/wp-json\/wp\/v2\/types\/post"}],"author":[{"embeddable":true,"href":"https:\/\/koff.swisspeace.ch\/apropos\/wp-json\/wp\/v2\/users\/3"}],"replies":[{"embeddable":true,"href":"https:\/\/koff.swisspeace.ch\/apropos\/wp-json\/wp\/v2\/comments?post=3471"}],"version-history":[{"count":6,"href":"https:\/\/koff.swisspeace.ch\/apropos\/wp-json\/wp\/v2\/posts\/3471\/revisions"}],"predecessor-version":[{"id":3677,"href":"https:\/\/koff.swisspeace.ch\/apropos\/wp-json\/wp\/v2\/posts\/3471\/revisions\/3677"}],"wp:featuredmedia":[{"embeddable":true,"href":"https:\/\/koff.swisspeace.ch\/apropos\/wp-json\/wp\/v2\/media\/392"}],"wp:attachment":[{"href":"https:\/\/koff.swisspeace.ch\/apropos\/wp-json\/wp\/v2\/media?parent=3471"}],"wp:term":[{"taxonomy":"category","embeddable":true,"href":"https:\/\/koff.swisspeace.ch\/apropos\/wp-json\/wp\/v2\/categories?post=3471"},{"taxonomy":"post_tag","embeddable":true,"href":"https:\/\/koff.swisspeace.ch\/apropos\/wp-json\/wp\/v2\/tags?post=3471"},{"taxonomy":"issue","embeddable":true,"href":"https:\/\/koff.swisspeace.ch\/apropos\/wp-json\/wp\/v2\/issue?post=3471"}],"curies":[{"name":"wp","href":"https:\/\/api.w.org\/{rel}","templated":true}]}}