{"id":3492,"date":"2024-03-25T15:25:31","date_gmt":"2024-03-25T15:25:31","guid":{"rendered":"https:\/\/koff.swisspeace.ch\/apropos\/?p=3492"},"modified":"2024-03-26T08:12:09","modified_gmt":"2024-03-26T08:12:09","slug":"la-communication-allie-de-la-paix-ou-etincelle-pour-les-conflits","status":"publish","type":"post","link":"https:\/\/koff.swisspeace.ch\/apropos\/3492\/la-communication-allie-de-la-paix-ou-etincelle-pour-les-conflits\/","title":{"rendered":"La communication \u2013 alli\u00e9 de la paix ou \u00e9tincelle pour les conflits?"},"content":{"rendered":"\n<div class=\"wp-block-advgb-images-slider advgb-images-slider-block advg-images-slider-b82d3fc2-164a-406a-8899-c8a37bab9a98\"><div class=\"advgb-images-slider\" dir=\"ltr\"><div class=\"advgb-image-slider-item\"><img decoding=\"async\" src=\"https:\/\/koff.swisspeace.ch\/apropos\/wp-content\/uploads\/2024\/03\/Titelbild_Klein.jpg\" class=\"advgb-image-slider-img\" alt=\"\" style=\"width:100%;height:auto\"\/><div class=\"advgb-image-slider-item-info\" style=\"justify-content:flex-end;align-items:center\"><a class=\"advgb-image-slider-overlay\" target=\"_blank\" rel=\"noopener noreferrer\" href=\"#\" style=\"opacity:0.5\"><\/a><\/div><\/div><div class=\"advgb-image-slider-item\"><img decoding=\"async\" src=\"https:\/\/koff.swisspeace.ch\/apropos\/wp-content\/uploads\/2024\/03\/WBFastenaktion184.png\" class=\"advgb-image-slider-img\" alt=\"Strat\u00e9gies de communication pour construire une soci\u00e9t\u00e9 pacifique\" style=\"width:100%;height:auto\"\/><div class=\"advgb-image-slider-item-info\" style=\"justify-content:flex-end;align-items:center\"><a class=\"advgb-image-slider-overlay\" target=\"_blank\" rel=\"noopener noreferrer\" href=\"https:\/\/koff.swisspeace.ch\/apropos\/3303\/strategies-de-communication-pour-construire-une-societe-pacifique\/\" style=\"opacity:0.5\"><\/a><h4 class=\"advgb-image-slider-title\">Strat\u00e9gies de communication pour construire une soci\u00e9t\u00e9 pacifique<\/h4><\/div><\/div><div class=\"advgb-image-slider-item\"><img decoding=\"async\" src=\"https:\/\/koff.swisspeace.ch\/apropos\/wp-content\/uploads\/2024\/03\/WB184_Frieda.jpg\" class=\"advgb-image-slider-img\" alt=\"Comprendre les processus de paix \u2013 les r\u00e9cits doivent \u00eatre racont\u00e9s sous un angle f\u00e9ministe\" style=\"width:100%;height:auto\"\/><div class=\"advgb-image-slider-item-info\" style=\"justify-content:flex-end;align-items:center\"><a class=\"advgb-image-slider-overlay\" target=\"_blank\" rel=\"noopener noreferrer\" href=\"https:\/\/koff.swisspeace.ch\/apropos\/3282\/comprendre-les-processus-de-paix-les-recits-doivent-etre-racontes-sous-un-angle-feministe\/\" style=\"opacity:0.5\"><\/a><h4 class=\"advgb-image-slider-title\">Comprendre les processus de paix \u2013 les r\u00e9cits doivent \u00eatre racont\u00e9s sous un angle f\u00e9ministe<\/h4><\/div><\/div><div class=\"advgb-image-slider-item\"><img decoding=\"async\" src=\"https:\/\/koff.swisspeace.ch\/apropos\/wp-content\/uploads\/2024\/03\/karin-schep-DhlZxwza9bg-unsplash.png\" class=\"advgb-image-slider-img\" alt=\"Les plaintes SLAPP \u2013 une menace croissante pour les ONG et les journalistes\" style=\"width:100%;height:auto\"\/><div class=\"advgb-image-slider-item-info\" style=\"justify-content:flex-end;align-items:center\"><a class=\"advgb-image-slider-overlay\" target=\"_blank\" rel=\"noopener noreferrer\" href=\"https:\/\/koff.swisspeace.ch\/apropos\/3317\/les-plaintes-slapp-une-menace-croissante-pour-les-ong-et-les-journalistes\/\" style=\"opacity:0.5\"><\/a><h4 class=\"advgb-image-slider-title\">Les plaintes SLAPP \u2013 une menace croissante pour les ONG et les journalistes<\/h4><\/div><\/div><\/div><\/div>\n\n\n\n<p>Que peuvent ou doivent exprimer publiquement les acteurs de la promotion de la paix, quand et dans quel but ? Lorsqu&#8217;elle est employ\u00e9e de mani\u00e8re opportune et appropri\u00e9e, la communication peut devenir un outil pr\u00e9cieux pour les efforts de consolidation de la paix. Elle peut contribuer \u00e0 renforcer la coh\u00e9sion sociale dans les r\u00e9gions en proie aux conflits, \u00e0 sensibiliser et \u00e0 mobiliser un soutien en faveur de la paix, ou encore \u00e0 servir de moyen de plaidoyer pour influencer les politiques et l&#8217;opinion publique. Cependant, selon la nature du message transmis, communiquer peut \u00eatre risqu\u00e9 pour les acteurs de la consolidation de la paix, non seulement dans les r\u00e9gimes autoritaires, mais parfois m\u00eame dans les d\u00e9mocraties. Ainsi, certaines organisations se retrouvent face au dilemme de s\u2019exprimer publiquement ou rester silencieux afin de pr\u00e9server les initiatives de consolidation de la paix.<\/p>\n\n\n\n<p>Dans cette \u00e9dition d&#8217;\u00e0 propos, plusieurs membres de la Plateforme suisse pour la promotion de la paix partagent leurs r\u00e9flexions et exp\u00e9riences, tant positives que n\u00e9gatives, concernant la communication sur la paix et les conflits. Ils\u00b7Elles illustrent divers outils et strat\u00e9gies de communication, ainsi que les opportunit\u00e9s et d\u00e9fis qui en d\u00e9coulent. Ils\u00b7Elles \u00e9voquent, par exemple, l&#8217;int\u00e9r\u00eat d&#8217;informer le public sur les processus de paix par le biais des m\u00e9dias ou d&#8217;organiser des forums, tout en soulignant l&#8217;importance de diffuser des r\u00e9cits f\u00e9ministes pour la paix f\u00e9ministe. Cependant, elles reconnaissent \u00e9galement des cas de diffamation, de r\u00e9actions n\u00e9gatives notamment en ligne, voire m\u00eame de poursuites judiciaires ou de coupures de financement apr\u00e8s s&#8217;\u00eatre exprim\u00e9\u00b7e\u00b7s publiquement.<\/p>\n\n\n\n<p>Je vous souhaite une agr\u00e9able lecture.<\/p>\n\n\n\n<p>Sanjally Jobarteh, r\u00e9dactrice du magazine de <a rel=\"noreferrer noopener\" href=\"https:\/\/koff.swisspeace.ch\/\" target=\"_blank\">KOFF<\/a>.<\/p>\n","protected":false},"excerpt":{"rendered":"<p>Que peuvent ou doivent exprimer publiquement les acteurs de la promotion de la paix, quand et dans quel but ? Lorsqu&#8217;elle est employ\u00e9e de mani\u00e8re opportune et appropri\u00e9e, la communication peut devenir un outil pr\u00e9cieux pour les efforts de consolidation de la paix. Elle peut contribuer \u00e0 renforcer la coh\u00e9sion sociale dans les r\u00e9gions en <a href=\"https:\/\/koff.swisspeace.ch\/apropos\/3492\/la-communication-allie-de-la-paix-ou-etincelle-pour-les-conflits\/\" class=\"more-link\">&#8230;<span class=\"screen-reader-text\">  La communication \u2013 alli\u00e9 de la paix ou \u00e9tincelle pour les conflits?<\/span><\/a><\/p>\n","protected":false},"author":3,"featured_media":0,"comment_status":"closed","ping_status":"closed","sticky":false,"template":"","format":"standard","meta":{"advgb_blocks_editor_width":"","advgb_blocks_columns_visual_guide":""},"categories":[87],"tags":[],"issue":[264],"acf":[],"author_meta":{"display_name":"\u00e0 propos","author_link":"https:\/\/koff.swisspeace.ch\/apropos\/author\/apropos\/"},"featured_img":null,"coauthors":[],"tax_additional":{"categories":{"linked":["<a href=\"https:\/\/koff.swisspeace.ch\/apropos\/category\/editorial-fr\/\" class=\"advgb-post-tax-term\">\u00c9ditorial<\/a>"],"unlinked":["<span class=\"advgb-post-tax-term\">\u00c9ditorial<\/span>"]}},"comment_count":0,"relative_dates":{"created":"Posted 2 years ago","modified":"Updated 2 years ago"},"absolute_dates":{"created":"Posted on March 25, 2024","modified":"Updated on March 26, 2024"},"absolute_dates_time":{"created":"Posted on March 25, 2024 3:25 pm","modified":"Updated on March 26, 2024 8:12 am"},"featured_img_caption":"","series_order":null,"_links":{"self":[{"href":"https:\/\/koff.swisspeace.ch\/apropos\/wp-json\/wp\/v2\/posts\/3492"}],"collection":[{"href":"https:\/\/koff.swisspeace.ch\/apropos\/wp-json\/wp\/v2\/posts"}],"about":[{"href":"https:\/\/koff.swisspeace.ch\/apropos\/wp-json\/wp\/v2\/types\/post"}],"author":[{"embeddable":true,"href":"https:\/\/koff.swisspeace.ch\/apropos\/wp-json\/wp\/v2\/users\/3"}],"replies":[{"embeddable":true,"href":"https:\/\/koff.swisspeace.ch\/apropos\/wp-json\/wp\/v2\/comments?post=3492"}],"version-history":[{"count":14,"href":"https:\/\/koff.swisspeace.ch\/apropos\/wp-json\/wp\/v2\/posts\/3492\/revisions"}],"predecessor-version":[{"id":3654,"href":"https:\/\/koff.swisspeace.ch\/apropos\/wp-json\/wp\/v2\/posts\/3492\/revisions\/3654"}],"wp:attachment":[{"href":"https:\/\/koff.swisspeace.ch\/apropos\/wp-json\/wp\/v2\/media?parent=3492"}],"wp:term":[{"taxonomy":"category","embeddable":true,"href":"https:\/\/koff.swisspeace.ch\/apropos\/wp-json\/wp\/v2\/categories?post=3492"},{"taxonomy":"post_tag","embeddable":true,"href":"https:\/\/koff.swisspeace.ch\/apropos\/wp-json\/wp\/v2\/tags?post=3492"},{"taxonomy":"issue","embeddable":true,"href":"https:\/\/koff.swisspeace.ch\/apropos\/wp-json\/wp\/v2\/issue?post=3492"}],"curies":[{"name":"wp","href":"https:\/\/api.w.org\/{rel}","templated":true}]}}