{"id":3723,"date":"2024-06-24T17:36:48","date_gmt":"2024-06-24T17:36:48","guid":{"rendered":"https:\/\/koff.swisspeace.ch\/apropos\/?p=3723"},"modified":"2024-06-25T06:46:38","modified_gmt":"2024-06-25T06:46:38","slug":"odara-brazil-lutte-contre-la-discrimination-raciale-envers-les-jeunes","status":"publish","type":"post","link":"https:\/\/koff.swisspeace.ch\/apropos\/3723\/odara-brazil-lutte-contre-la-discrimination-raciale-envers-les-jeunes\/","title":{"rendered":"Odara Brazil \u2013 Lutte contre la discrimination raciale envers les jeunes"},"content":{"rendered":"\n<p><strong>Les jeunes br\u00e9silien\u00b7nes font face \u00e0 une ins\u00e9curit\u00e9 induite \u00e0 la fois par une violence d\u2019Etat structurelle et des conflits entre factions criminelles. Les violences polici\u00e8res injustifi\u00e9es contre les jeunes d\u00e9coulent du racisme et des discriminations li\u00e9es \u00e0 leur \u00e2ge. <\/strong><\/p>\n\n\n\n<p>Selon une <a rel=\"noreferrer noopener\" href=\"https:\/\/soudapaz.org\/noticias\/criancas-e-adolescentes-negras-de-ate-14-anos-morrem-36-vezes-mais-por-armas-de-fogo-do-que-criancas-brancas-revela-estudo-do-instituto-sou-da-paz\/\" target=\"_blank\">\u00e9tude<\/a> publi\u00e9e en 2021 par l&#8217;Instituto Sou da Paz, les hommes noirs repr\u00e9sentaient 75 % des victimes d&#8217;agressions par arme \u00e0 feu en 2019, contre 19 % pour les hommes non-noirs ; les adolescents (15 \u00e0 19 ans) constituaient 61 % des victimes noires. Salvador, la capitale de l&#8217;\u00c9tat de Bahia dans le nord-est du Br\u00e9sil, se distingue par son incidence alarmante de violences polici\u00e8res. Selon le <a rel=\"noreferrer noopener\" href=\"https:\/\/www.brasildefato.com.br\/2023\/08\/17\/violencia-policial-na-bahia-um-a-cada-cinco-mortos-pela-policia-em-2022-foi-executado-no-estado\" target=\"_blank\">journal Brasil de Fato<\/a>, elle rassemble 22,77 % des homicides commis par la police dans le pays, ce qui en fait le taux le plus \u00e9lev\u00e9 du Br\u00e9sil. La police justifie ses interventions par le crime organis\u00e9 et le trafic de drogue.<\/p>\n\n\n\n<p>Odara est une organisation de femmes dirig\u00e9e par des f\u00e9ministes noires et soutenue par terre des hommes schweiz. En r\u00e9ponse \u00e0 la probl\u00e9matique croissante mentionn\u00e9e ci-dessus, Odara a lanc\u00e9 le projet \u00ab My Mother Doesn&#8217;t Sleep Until I Come Home \u00bb ou \u00ab Ma m\u00e8re ne dort pas tant que je ne suis pas rentr\u00e9\u00b7e \u00e0 la maison \u00bb. Cette initiative est n\u00e9e il y a neuf ans, \u00e0 la demande des m\u00e8res et des familles des victimes de violences polici\u00e8res, alarm\u00e9es par la hausse de ces incidents. Le projet op\u00e8re sur plusieurs fronts, offrant un soutien juridique, \u00e9ducatif et psychosocial.<\/p>\n\n\n\n<p>\u00c0 travers ce projet, Odara aide les familles et les avocat\u00b7es qui travaillent sur de tels cas \u00e0 recueillir des preuves et naviguer dans le syst\u00e8me juridique complexe, dans le but de combattre la culture de l&#8217;impunit\u00e9. Selon Gabriela Ramos, coordinatrice du projet chez Odara, cette impunit\u00e9 constitue l&#8217;un des principaux obstacles, aggrav\u00e9 par la longueur des proc\u00e9dures judiciaires. Elle illustre ce point par un cas en cours concernant le meurtre d&#8217;un enfant de 10 ans, o\u00f9 la dur\u00e9e de la proc\u00e9dure judiciaire d\u00e9passe celle de sa vie enti\u00e8re (14 ans \u00e0 ce jour, sans conclusion). Parall\u00e8lement, Odara offre un soutien psychosocial aux familles et aux m\u00e8res qui doivent faire face au traumatisme li\u00e9e \u00e0 la perte de leurs proches \u00e0 cause de cette violence.<\/p>\n\n\n\n<p>La pr\u00e9vention de la violence constitue \u00e9galement un aspect important de leur mission. En impliquant directement les jeunes dans leur travail communautaire de promotion de la paix, Odara cherche \u00e0 les doter d&#8217;une compr\u00e9hension approfondie de leur environnement, \u00e0 les \u00e9quiper de m\u00e9canismes de protection et \u00e0 les encourager \u00e0 rester \u00e0 l&#8217;\u00e9cole malgr\u00e9 la stigmatisation sociale. En utilisant une approche multiplicative, Odara a form\u00e9 plus de 100 jeunes leaders communautaires qui, \u00e0 leur tour, \u00e9duquent leurs pairs \u00e0 travers divers moyens tels que des podcasts, des pi\u00e8ces de th\u00e9\u00e2tre et des documentaires. Mme Ramos a t\u00e9moign\u00e9 que cet activisme a favoris\u00e9 l&#8217;engagement politique des jeunes et amplifi\u00e9 leurs voix \u00e0 l&#8217;\u00e9chelle de la ville gr\u00e2ce \u00e0 divers \u00e9v\u00e9nements ax\u00e9s sur la jeunesse. Cependant, elle \u00e9voque \u00e9galement les nombreux d\u00e9fis \u00e0 surmonter, notamment les pr\u00e9occupations de s\u00e9curit\u00e9 qui perturbent les activit\u00e9s et limitent la mobilit\u00e9 des participant\u00b7es. De plus, les communaut\u00e9s marginalis\u00e9es font face \u00e0 des obstacles socio-\u00e9conomiques, entravant leur engagement durable, beaucoup \u00e9tant contraint\u00b7es de quitter l&#8217;\u00e9cole afin de travailler et de privil\u00e9gier la survie plut\u00f4t que l&#8217;engagement communautaire.<\/p>\n\n\n\n<p>Si les d\u00e9fis auxquels sont confront\u00e9\u00b7es les jeunes br\u00e9silien\u00b7nes sont consid\u00e9rables, les initiatives telles que le projet \u00ab My Mother Doesn&#8217;t Sleep Until I Come Home \u00bb d&#8217;Odara offrent une lueur d&#8217;espoir. En s\u2019attaquant aux injustices syst\u00e9miques et en autonomisant les communaut\u00e9s marginalis\u00e9es, elles jouent un r\u00f4le crucial dans la formation d&#8217;un avenir plus \u00e9quitable et s\u00e9curis\u00e9 pour la jeunesse du Br\u00e9sil.<\/p>\n\n\n\n<p><em>Cet article est bas\u00e9 sur une interview avec Gabriela Ramos, coordinatrice du projet chez Odara, ainsi que ses coll\u00e8gues Lorena Pacheco et Naiara Leite, rendue possible gr\u00e2ce \u00e0 terre des hommes schweiz.<\/em><\/p>\n","protected":false},"excerpt":{"rendered":"<p>Les jeunes br\u00e9silien\u00b7nes font face \u00e0 une ins\u00e9curit\u00e9 induite \u00e0 la fois par une violence d\u2019Etat structurelle et des conflits entre factions criminelles. Les violences polici\u00e8res injustifi\u00e9es contre les jeunes d\u00e9coulent du racisme et des discriminations li\u00e9es \u00e0 leur \u00e2ge. Selon une \u00e9tude publi\u00e9e en 2021 par l&#8217;Instituto Sou da Paz, les hommes noirs repr\u00e9sentaient <a href=\"https:\/\/koff.swisspeace.ch\/apropos\/3723\/odara-brazil-lutte-contre-la-discrimination-raciale-envers-les-jeunes\/\" class=\"more-link\">&#8230;<span class=\"screen-reader-text\">  Odara Brazil \u2013 Lutte contre la discrimination raciale envers les jeunes<\/span><\/a><\/p>\n","protected":false},"author":3,"featured_media":4073,"comment_status":"closed","ping_status":"closed","sticky":false,"template":"","format":"standard","meta":{"advgb_blocks_editor_width":"","advgb_blocks_columns_visual_guide":""},"categories":[113],"tags":[],"issue":[285],"acf":[],"author_meta":{"display_name":"\u00e0 propos","author_link":"https:\/\/koff.swisspeace.ch\/apropos\/author\/apropos\/"},"featured_img":"https:\/\/koff.swisspeace.ch\/apropos\/wp-content\/uploads\/2024\/06\/tdh185WB-1-600x332.png","coauthors":[],"tax_additional":{"categories":{"linked":["<a href=\"https:\/\/koff.swisspeace.ch\/apropos\/category\/reports-fr\/\" class=\"advgb-post-tax-term\">Dossier<\/a>"],"unlinked":["<span class=\"advgb-post-tax-term\">Dossier<\/span>"]}},"comment_count":0,"relative_dates":{"created":"Posted 2 years ago","modified":"Updated 2 years ago"},"absolute_dates":{"created":"Posted on June 24, 2024","modified":"Updated on June 25, 2024"},"absolute_dates_time":{"created":"Posted on June 24, 2024 5:36 pm","modified":"Updated on June 25, 2024 6:46 am"},"featured_img_caption":"","series_order":null,"_links":{"self":[{"href":"https:\/\/koff.swisspeace.ch\/apropos\/wp-json\/wp\/v2\/posts\/3723"}],"collection":[{"href":"https:\/\/koff.swisspeace.ch\/apropos\/wp-json\/wp\/v2\/posts"}],"about":[{"href":"https:\/\/koff.swisspeace.ch\/apropos\/wp-json\/wp\/v2\/types\/post"}],"author":[{"embeddable":true,"href":"https:\/\/koff.swisspeace.ch\/apropos\/wp-json\/wp\/v2\/users\/3"}],"replies":[{"embeddable":true,"href":"https:\/\/koff.swisspeace.ch\/apropos\/wp-json\/wp\/v2\/comments?post=3723"}],"version-history":[{"count":12,"href":"https:\/\/koff.swisspeace.ch\/apropos\/wp-json\/wp\/v2\/posts\/3723\/revisions"}],"predecessor-version":[{"id":4157,"href":"https:\/\/koff.swisspeace.ch\/apropos\/wp-json\/wp\/v2\/posts\/3723\/revisions\/4157"}],"wp:featuredmedia":[{"embeddable":true,"href":"https:\/\/koff.swisspeace.ch\/apropos\/wp-json\/wp\/v2\/media\/4073"}],"wp:attachment":[{"href":"https:\/\/koff.swisspeace.ch\/apropos\/wp-json\/wp\/v2\/media?parent=3723"}],"wp:term":[{"taxonomy":"category","embeddable":true,"href":"https:\/\/koff.swisspeace.ch\/apropos\/wp-json\/wp\/v2\/categories?post=3723"},{"taxonomy":"post_tag","embeddable":true,"href":"https:\/\/koff.swisspeace.ch\/apropos\/wp-json\/wp\/v2\/tags?post=3723"},{"taxonomy":"issue","embeddable":true,"href":"https:\/\/koff.swisspeace.ch\/apropos\/wp-json\/wp\/v2\/issue?post=3723"}],"curies":[{"name":"wp","href":"https:\/\/api.w.org\/{rel}","templated":true}]}}