{"id":3726,"date":"2024-06-24T17:39:31","date_gmt":"2024-06-24T17:39:31","guid":{"rendered":"https:\/\/koff.swisspeace.ch\/apropos\/?p=3726"},"modified":"2024-06-25T06:46:04","modified_gmt":"2024-06-25T06:46:04","slug":"odara-brazil-eine-organisation-bekaempt-die-diskriminierung-von-jugendlichen-und-rassismus","status":"publish","type":"post","link":"https:\/\/koff.swisspeace.ch\/apropos\/3726\/odara-brazil-eine-organisation-bekaempt-die-diskriminierung-von-jugendlichen-und-rassismus\/","title":{"rendered":"Odara Brazil \u2013 Eine Organisation bek\u00e4mpt die Diskriminierung von Jugendlichen und Rassismus"},"content":{"rendered":"\n<p><strong>Junge Menschen in Brasilien sind mit Unsicherheit konfrontiert, die sowohl durch staatliche strukturelle Gewalt als auch durch Konflikte zwischen kriminellen Gruppen verursacht wird. Die ungerechtfertigte Polizeibrutalit\u00e4t gegen junge Menschen ist auf Diskriminierung aufgrund ihres Alters und auf Rassismus zur\u00fcckzuf\u00fchren.<\/strong><\/p>\n\n\n\n<p>Basierend auf einer <a rel=\"noreferrer noopener\" href=\"https:\/\/soudapaz.org\/noticias\/criancas-e-adolescentes-negras-de-ate-14-anos-morrem-36-vezes-mais-por-armas-de-fogo-do-que-criancas-brancas-revela-estudo-do-instituto-sou-da-paz\" target=\"_blank\">Studie<\/a>, die 2021 vom Instituto Sou da Paz ver\u00f6ffentlicht wurde, machten schwarze M\u00e4nner 75% der Opfer von Schusswaffenangriffen im Jahr 2019 aus, gegen\u00fcber 19 % bei nicht-schwarzen M\u00e4nnern; Jugendliche (15-19 Jahre) machten 61 % der schwarzen Opfer aus.<br>Salvador, die Hauptstadt des Staates Bahia im Nordosten Brasiliens sticht durch die alarmierende H\u00e4ufigkeit von Polizeigewalt hervor. Nach Angaben <a rel=\"noreferrer noopener\" href=\"https:\/\/www.brasildefato.com.br\/2023\/08\/17\/violencia-policial-na-bahia-um-a-cada-cinco-mortos-pela-policia-em-2022-foi-executado-no-estado\" target=\"_blank\">der Zeitung Brasil de Fato<\/a> macht dies 22.77% der polizeilichen T\u00f6tungen im Land aus, was dem h\u00f6chsten Anteil in Brasilien entspricht. Die Polizei rechtfertigt ihre Eins\u00e4tze mit organisierter Kriminalit\u00e4t und Drogenhandel.<\/p>\n\n\n\n<p>Odara, eine Organisation, die von terre des hommes schweiz unterst\u00fctzt wird, ist eine Frauenorganisation, die von schwarzen Feminist:innen geleitet wird. Als Antwort auf die oben beschriebenenen zunehmend eskalierenden Probleme initiierte Odara das Projekt \u201cMy Mother Doesn&#8217;t Sleep Until I Come Home&#8221; [dt. \u201cMeine Mutter schl\u00e4ft nicht, bis ich nach Hause komme\u201d]. Die Initiative, die vor neun Jahren begann, entstand basierend auf der Forderung von M\u00fcttern und Familien von Personen, die Opfer von Polizeibrutalit\u00e4t geworden sind, und vom Anstieg der Vorf\u00e4lle alarmiert waren. Das Projekt arbeitet auf mehreren Ebenen und bietet rechtliche, p\u00e4dagogische und psychosoziale Unterst\u00fctzung.<\/p>\n\n\n\n<p>Durch dieses Projekt hilft Odara Familien und Staatsanw\u00e4lt:innen, die an solchen F\u00e4llen arbeiten, dabei Beweise zu sammeln und sich in dem komplexen Rechtssystem zurechtzufinden, um die Kultur der Straflosigkeit zu bek\u00e4mpfen. Gabriela Ramos, Projektkoordinatorin bei Odara, nennt als Haupthindernisse die Straflosigkeit und die lange Dauer der F\u00e4lle. Sie nennt das Beispiel eines Rechtsstreits, an dem sie arbeiten und bei dem es um den Mord an einem 10-j\u00e4hrigen Kind geht, dessen Gerichtsverfahren l\u00e4nger andauert als sein ganzes Leben (14 Jahre; der Fall ist noch nicht abgeschlossen). Parallel dazu bietet Odara psychosoziale Unterst\u00fctzung f\u00fcr Familien und M\u00fctter an, die mit dem Trauma zu k\u00e4mpfen haben, einen geliebten Menschen durch Gewalt verloren zu haben.<\/p>\n\n\n\n<p>Ein weiterer grundlegender Aspekt ihrer Arbeit liegt in der Gewaltpr\u00e4vention. Durch die direkte Einbindung junger Menschen in ihre friedensf\u00f6rdernde Arbeit an der Basis will Odara ihnen ein besseres Verst\u00e4ndnis f\u00fcr ihre Umgebung vermitteln, sie mit Schutzmechanismen ausstatten und sie ermutigen, trotz gesellschaftlicher Stigmatisierung in der Schule zu bleiben. Mithilfe eines Multiplikator:innen-Ansatzes hat Odara \u00fcber 100 junge Gemeindeleiter:innen ausgebildet, die wiederum andere Jugendliche \u00fcber verschiedene Medien wie Podcasts, Theaterst\u00fccke und Dokumentarfilme aufkl\u00e4ren. Frau Ramos berichtete, dass dieser Aktivismus das politische Engagement junger Menschen gef\u00f6rdert und ihre Stimme in der ganzen Stadt durch organisierte Demonstrationen und jugendorientierte Veranstaltungen gest\u00e4rkt hat. Das Projekt steht jedoch vor zahlreichen Herausforderungen, darunter Sicherheitsbedenken, die die Aktivit\u00e4ten st\u00f6ren und die Mobilit\u00e4t der Teilnehmer:innen einschr\u00e4nken. Dar\u00fcber hinaus sehen sich marginalisierte Gruppen mit sozio\u00f6konomischen H\u00fcrden konfrontiert, die ihr nachhaltiges Engagement behindern, da viele gezwungen sind, die Schule zu verlassen, um zu arbeiten, und ihr \u00dcberleben dem Engagement in der Gemeinschaft vorziehen.<\/p>\n\n\n\n<p>Die Herausforderungen, mit denen junge Menschen in Brasilien konfrontiert sind, sind zwar gewaltig, aber Initiativen wie Odaras Projekt &#8220;Meine Mutter schl\u00e4ft nicht, bis ich nach Hause komme&#8221; bieten einen Hoffnungsschimmer. Indem sie sich mit systemischen Ungerechtigkeiten auseinandersetzen und marginalisierte Gemeinschaften st\u00e4rken, spielen solche Bem\u00fchungen eine entscheidende Rolle bei der Gestaltung einer gerechteren und sichereren Zukunft f\u00fcr Brasiliens Jugend.<\/p>\n\n\n\n<p><em>Dieser Artikel basiert auf einem Interview mit Gabriela Ramos, Projektkoordinatorin bei Odara, und ihren Kolleginnen Lorena Pacheco und Naiara Leite, das von terre des hommes schweiz erm\u00f6glicht wurde<\/em>.<\/p>\n","protected":false},"excerpt":{"rendered":"<p>Junge Menschen in Brasilien sind mit Unsicherheit konfrontiert, die sowohl durch staatliche strukturelle Gewalt als auch durch Konflikte zwischen kriminellen Gruppen verursacht wird. Die ungerechtfertigte Polizeibrutalit\u00e4t gegen junge Menschen ist auf Diskriminierung aufgrund ihres Alters und auf Rassismus zur\u00fcckzuf\u00fchren. Basierend auf einer Studie, die 2021 vom Instituto Sou da Paz ver\u00f6ffentlicht wurde, machten schwarze M\u00e4nner <a href=\"https:\/\/koff.swisspeace.ch\/apropos\/3726\/odara-brazil-eine-organisation-bekaempt-die-diskriminierung-von-jugendlichen-und-rassismus\/\" class=\"more-link\">&#8230;<span class=\"screen-reader-text\">  Odara Brazil \u2013 Eine Organisation bek\u00e4mpt die Diskriminierung von Jugendlichen und Rassismus<\/span><\/a><\/p>\n","protected":false},"author":3,"featured_media":4073,"comment_status":"closed","ping_status":"closed","sticky":false,"template":"","format":"standard","meta":{"advgb_blocks_editor_width":"","advgb_blocks_columns_visual_guide":""},"categories":[73],"tags":[],"issue":[283],"acf":[],"author_meta":{"display_name":"\u00e0 propos","author_link":"https:\/\/koff.swisspeace.ch\/apropos\/author\/apropos\/"},"featured_img":"https:\/\/koff.swisspeace.ch\/apropos\/wp-content\/uploads\/2024\/06\/tdh185WB-1-600x332.png","coauthors":[],"tax_additional":{"categories":{"linked":["<a href=\"https:\/\/koff.swisspeace.ch\/apropos\/category\/reports-de\/\" class=\"advgb-post-tax-term\">Dossier<\/a>"],"unlinked":["<span class=\"advgb-post-tax-term\">Dossier<\/span>"]}},"comment_count":0,"relative_dates":{"created":"Posted 2 years ago","modified":"Updated 2 years ago"},"absolute_dates":{"created":"Posted on June 24, 2024","modified":"Updated on June 25, 2024"},"absolute_dates_time":{"created":"Posted on June 24, 2024 5:39 pm","modified":"Updated on June 25, 2024 6:46 am"},"featured_img_caption":"","series_order":null,"_links":{"self":[{"href":"https:\/\/koff.swisspeace.ch\/apropos\/wp-json\/wp\/v2\/posts\/3726"}],"collection":[{"href":"https:\/\/koff.swisspeace.ch\/apropos\/wp-json\/wp\/v2\/posts"}],"about":[{"href":"https:\/\/koff.swisspeace.ch\/apropos\/wp-json\/wp\/v2\/types\/post"}],"author":[{"embeddable":true,"href":"https:\/\/koff.swisspeace.ch\/apropos\/wp-json\/wp\/v2\/users\/3"}],"replies":[{"embeddable":true,"href":"https:\/\/koff.swisspeace.ch\/apropos\/wp-json\/wp\/v2\/comments?post=3726"}],"version-history":[{"count":6,"href":"https:\/\/koff.swisspeace.ch\/apropos\/wp-json\/wp\/v2\/posts\/3726\/revisions"}],"predecessor-version":[{"id":4156,"href":"https:\/\/koff.swisspeace.ch\/apropos\/wp-json\/wp\/v2\/posts\/3726\/revisions\/4156"}],"wp:featuredmedia":[{"embeddable":true,"href":"https:\/\/koff.swisspeace.ch\/apropos\/wp-json\/wp\/v2\/media\/4073"}],"wp:attachment":[{"href":"https:\/\/koff.swisspeace.ch\/apropos\/wp-json\/wp\/v2\/media?parent=3726"}],"wp:term":[{"taxonomy":"category","embeddable":true,"href":"https:\/\/koff.swisspeace.ch\/apropos\/wp-json\/wp\/v2\/categories?post=3726"},{"taxonomy":"post_tag","embeddable":true,"href":"https:\/\/koff.swisspeace.ch\/apropos\/wp-json\/wp\/v2\/tags?post=3726"},{"taxonomy":"issue","embeddable":true,"href":"https:\/\/koff.swisspeace.ch\/apropos\/wp-json\/wp\/v2\/issue?post=3726"}],"curies":[{"name":"wp","href":"https:\/\/api.w.org\/{rel}","templated":true}]}}