{"id":3740,"date":"2024-06-24T17:36:49","date_gmt":"2024-06-24T17:36:49","guid":{"rendered":"https:\/\/koff.swisspeace.ch\/apropos\/?p=3740"},"modified":"2024-06-27T12:46:14","modified_gmt":"2024-06-27T12:46:14","slug":"nous-devons-rester-en-vie-pour-faire-ce-travail","status":"publish","type":"post","link":"https:\/\/koff.swisspeace.ch\/apropos\/3740\/nous-devons-rester-en-vie-pour-faire-ce-travail\/","title":{"rendered":"\u00ab Nous devons rester en vie pour faire ce travail \u00bb"},"content":{"rendered":"\n<p><strong>Caryn Dasah est une jeune leader et militante de la justice sociale et de la paix dans un pays en proie \u00e0 un conflit arm\u00e9 qui re\u00e7oit peu d\u2019attention du reste du monde: la crise anglophone au Cameroun.<\/strong><\/p>\n\n\n\n<p>Des violences ont \u00e9clat\u00e9 dans deux r\u00e9gions du Cameroun en 2017 suite aux mesures r\u00e9pressives du gouvernement central francophone suite \u00e0 l&#8217;organisation d&#8217;une gr\u00e8ve non violente d\u2019enseignant\u00b7es et d\u2019avocat\u00b7es. Ces derni\u00e8r\u00b7es qui protestaient contre la d\u00e9cision de nommer des juges francophones dans les r\u00e9gions anglophones du Sud et du Nord-Ouest et contre la marginalisation g\u00e9n\u00e9rale des anglophones. Cette r\u00e9pression a fait na\u00eetre un mouvement s\u00e9paratiste arm\u00e9. Les affrontements entre les s\u00e9paratistes et les forces de s\u00e9curit\u00e9 gouvernementales ont entra\u00een\u00e9 le d\u00e9placement de centaines de milliers de personnes, en majorit\u00e9 des femmes et des enfants. Avec plus de 60% de la population camerounaise \u00e2g\u00e9e de moins de 25&nbsp;ans, ce conflit affecte principalement les jeunes, ce qui met en \u00e9vidence leur r\u00f4le essentiel dans la promotion de la paix. Caryn Dasah est l\u2019une d\u2019entre eux\u00b7elle.<\/p>\n\n\n\n<p>Elle travaille \u00e0 la promotion de la paix et au plaidoyer pour la paix dans des communaut\u00e9s rurales des r\u00e9gions anglophones depuis 13&nbsp;ans et a cr\u00e9\u00e9 plusieurs projets et programmes. Elle est \u00e9galement coordinatrice g\u00e9n\u00e9rale du Mouvement des femmes camerounaises pour la paix (CAWOPEM), qui regroupe 200&nbsp;organisations de la soci\u00e9t\u00e9 civile dirig\u00e9es par des femmes, issues des dix r\u00e9gions du pays. En 2019, \u00e0 l\u2019\u00e2ge de 27&nbsp;ans, elle \u00e9tait \u00e0 la t\u00eate d\u2019une d\u00e9l\u00e9gation du CAWOPEM lors d\u2019une pr\u00e9consultation pour les pourparlers sur la paix du Grand dialogue national pilot\u00e9 par le gouvernement.<\/p>\n\n\n\n<p><strong>Un \u00e9v\u00e9nement particulier vous a-t-il pouss\u00e9 \u00e0 devenir activiste?<\/strong><strong><\/strong><\/p>\n\n\n\n<p>Je viens de cette r\u00e9gion en proie au chaos. Au d\u00e9but du conflit, les meurtres, les enl\u00e8vements, les arrestations arbitraires et les disparitions forc\u00e9es \u00e9taient inqui\u00e9tants. Puis, en 2017, plus d\u2019une vingtaine de villages de la Meme, dans le Sud-Ouest, ont \u00e9t\u00e9 incendi\u00e9s. Je me suis port\u00e9e volontaire aupr\u00e8s d\u2019une organisation pour apporter de l&#8217;aide humanitaire. Je ne pouvais pas rester silencieuse face \u00e0 toutes ces injustices.<\/p>\n\n\n\n<p><strong>Quelle a \u00e9t\u00e9 la r\u00e9action de votre famille concernant votre activisme?<\/strong><strong><\/strong><\/p>\n\n\n\n<p>Ils avaient l\u2019impression que je risquais ma vie, ce qui est vrai. Lorsqu\u2019une vid\u00e9o a \u00e9t\u00e9 diffus\u00e9e par un certain \u00ab Capo Daniel \u00bb, qui m\u2019avait prise pour cible apr\u00e8s la publication d\u2019une d\u00e9claration que j\u2019avais co\u00e9crite et qui appelait \u00e0 la cessation de la violence, j\u2019ai \u00e9t\u00e9 pourchass\u00e9e et menac\u00e9e. Ma seule option \u00e9tait de me mettre en s\u00e9curit\u00e9 jusqu\u2019\u00e0 ce que la situation se calme. Mon activisme a \u00e9galement mis ma famille en danger. Mon fr\u00e8re cadet a d\u00fb \u00eatre scolaris\u00e9 dans une ville plus s\u00fbre en raison de ces menaces et attaques.<\/p>\n\n\n\n<p><strong>Quelle partie de votre travail se concentre sp\u00e9cifiquement sur les jeunes?<\/strong><\/p>\n\n\n\n<p>Nous avons cr\u00e9\u00e9 des espaces conviviaux pour les femmes et les jeunes afin d\u2019encourager et de construire une paix inclusive, ancr\u00e9e localement et partag\u00e9e, qui tienne compte des personnes et du contexte. Le projet HerPlace implique les femmes en tant qu\u2019actrices de la paix au niveau local et renforce leurs capacit\u00e9s. Gr\u00e2ce au programme \u00ab She Builds Peace \u00bb (\u00ab Elle construit la paix \u00bb) de l\u2019Alliance des femmes pour le leadership en mati\u00e8re de s\u00e9curit\u00e9, nous soutenons des organisations dirig\u00e9es par des jeunes femmes en leur donnant la possibilit\u00e9 de partager leur travail avec des partenaires et des donateur\u00b7rices potentiel\u00b7les. Le projet annuel \u00ab Youth Champions for Peace \u00bb (\u00ab Jeunes champion\u00b7nes de la paix \u00bb) responsabilise les jeunes et les mobilise pour \u00e9duquer leurs camarades sur des questions telles que la toxicomanie, la lutte contre l\u2019extr\u00e9misme violent et sa pr\u00e9vention, etc.<\/p>\n\n\n\n<p><strong>Comment les jeunes sont-ils affect\u00e9s par le conflit?<\/strong><strong><\/strong><\/p>\n\n\n\n<p>Les jeunes ont \u00e9t\u00e9 qualifi\u00e9s de agitateurs, ce qui a donn\u00e9 lieu \u00e0 des r\u00e9pressions, des menaces et des arrestations. Pour les jeunes femmes, la situation est encore pire. Elles sont utilis\u00e9es comme esclaves sexuelles, viol\u00e9es, battues et endurent des grossesses non d\u00e9sir\u00e9es et des infections sexuellement transmissibles. Les destructions et l\u2019ins\u00e9curit\u00e9 ont pouss\u00e9 beaucoup de personnes \u00e0 fuir vers des zones plus s\u00fbres. Cela a entra\u00een\u00e9 d\u2019importants d\u00e9placements de population et une augmentation de la pauvret\u00e9. Beaucoup sont livr\u00e9\u00b7es \u00e0 eux\u00b7elles-m\u00eames dans des conditions terribles.<\/p>\n\n\n\n<p><strong>Quel r\u00f4le joue la jeunesse dans la construction de la paix au Cameroun? <\/strong><strong><\/strong><\/p>\n\n\n\n<p>Les jeunes sont en premi\u00e8re ligne pour d\u00e9noncer les injustices, sont actifs sur les r\u00e9seaux sociaux pour tenir le monde inform\u00e9 de la situation au Cameroun et ont particip\u00e9 \u00e0 des initiatives et des campagnes de plaidoyer pour la paix. Mais ils\u00b7elles sont confront\u00e9\u00b7es \u00e0 d\u2019\u00e9normes d\u00e9fis: menaces de mort parce que les parties bellig\u00e9rantes les consid\u00e8rent comme un danger; harc\u00e8lement et attaques; r\u00e9duction au silence par des arrestations lorsqu\u2019 ils\u00b7elles d\u00e9noncent des injustices; acc\u00e8s \u00e0 l\u2019arri\u00e8re-pays pour fournir des services; et manque ou limitation des fonds pour les organisations dirig\u00e9es par des jeunes parce qu\u2019elles ne r\u00e9pondent pas aux attentes souvent irr\u00e9alistes des bailleur\u00b7ses.<\/p>\n\n\n\n<p><strong>Sont-ils\u00b7elles pris au s\u00e9rieux par le gouvernement et les autorit\u00e9s?<\/strong><\/p>\n\n\n\n<p>Malgr\u00e9 tout le travail accompli par les jeunes, il existe toujours une forme de tok\u00e9nisme \u00e0 leur \u00e9gard. Nous ne sommes toujours pas suffisamment reconnu\u00b7es pour notre participation \u00e0 des r\u00e9unions et discussions d\u00e9cisives. Par exemple, nous \u00e9tions repr\u00e9sent\u00e9s l\u2019ann\u00e9e derni\u00e8re lors des discussions pr\u00e9liminaires entre le gouvernement et les s\u00e9paratistes, facilit\u00e9es par le Canada.<\/p>\n\n\n\n<p><strong>Comment la communaut\u00e9 internationale peut-elle soutenir les jeunes acteur\u00b7trices de la paix camerounais\u00b7es?<\/strong><\/p>\n\n\n\n<p>Il\u00b7elles ont besoin de plateformes pour parler du conflit en cours et pr\u00e9senter leur travail, ainsi que d\u2019opportunit\u00e9s de mentorat et d\u2019apprentissage, y compris des programmes d\u2019\u00e9change. Il\u00b7elles ont besoin de subventions et de reconnaissance. Parce que leur travail les expose \u00e0 la violence, un soutien psychologique est essentiel. Il\u00b7elles ont \u00e9galement besoin de s\u00e9curit\u00e9 et de protection. Nous devons \u00eatre en vie pour pouvoir continuer ce travail et, en cas de menaces et d\u2019attaques, nous sommes la plupart du temps livr\u00e9\u00b7es \u00e0 nous-m\u00eames. Les donateur\u00b7rices et les partenaires peuvent promouvoir les organisations qui apportent un soutien aux artisan\u00b7es de la paix en danger.<\/p>\n\n\n\n<p><\/p>\n","protected":false},"excerpt":{"rendered":"<p>Caryn Dasah est une jeune leader et militante de la justice sociale et de la paix dans un pays en proie \u00e0 un conflit arm\u00e9 qui re\u00e7oit peu d\u2019attention du reste du monde: la crise anglophone au Cameroun. Des violences ont \u00e9clat\u00e9 dans deux r\u00e9gions du Cameroun en 2017 suite aux mesures r\u00e9pressives du gouvernement <a href=\"https:\/\/koff.swisspeace.ch\/apropos\/3740\/nous-devons-rester-en-vie-pour-faire-ce-travail\/\" class=\"more-link\">&#8230;<span class=\"screen-reader-text\">  \u00ab Nous devons rester en vie pour faire ce travail \u00bb<\/span><\/a><\/p>\n","protected":false},"author":3,"featured_media":3732,"comment_status":"closed","ping_status":"closed","sticky":false,"template":"","format":"standard","meta":{"advgb_blocks_editor_width":"","advgb_blocks_columns_visual_guide":""},"categories":[113],"tags":[],"issue":[285],"acf":[],"author_meta":{"display_name":"\u00e0 propos","author_link":"https:\/\/koff.swisspeace.ch\/apropos\/author\/apropos\/"},"featured_img":"https:\/\/koff.swisspeace.ch\/apropos\/wp-content\/uploads\/2024\/06\/pwag185WB-600x332.png","coauthors":[],"tax_additional":{"categories":{"linked":["<a href=\"https:\/\/koff.swisspeace.ch\/apropos\/category\/reports-fr\/\" class=\"advgb-post-tax-term\">Dossier<\/a>"],"unlinked":["<span class=\"advgb-post-tax-term\">Dossier<\/span>"]}},"comment_count":0,"relative_dates":{"created":"Posted 2 years ago","modified":"Updated 2 years ago"},"absolute_dates":{"created":"Posted on June 24, 2024","modified":"Updated on June 27, 2024"},"absolute_dates_time":{"created":"Posted on June 24, 2024 5:36 pm","modified":"Updated on June 27, 2024 12:46 pm"},"featured_img_caption":"","series_order":null,"_links":{"self":[{"href":"https:\/\/koff.swisspeace.ch\/apropos\/wp-json\/wp\/v2\/posts\/3740"}],"collection":[{"href":"https:\/\/koff.swisspeace.ch\/apropos\/wp-json\/wp\/v2\/posts"}],"about":[{"href":"https:\/\/koff.swisspeace.ch\/apropos\/wp-json\/wp\/v2\/types\/post"}],"author":[{"embeddable":true,"href":"https:\/\/koff.swisspeace.ch\/apropos\/wp-json\/wp\/v2\/users\/3"}],"replies":[{"embeddable":true,"href":"https:\/\/koff.swisspeace.ch\/apropos\/wp-json\/wp\/v2\/comments?post=3740"}],"version-history":[{"count":16,"href":"https:\/\/koff.swisspeace.ch\/apropos\/wp-json\/wp\/v2\/posts\/3740\/revisions"}],"predecessor-version":[{"id":4191,"href":"https:\/\/koff.swisspeace.ch\/apropos\/wp-json\/wp\/v2\/posts\/3740\/revisions\/4191"}],"wp:featuredmedia":[{"embeddable":true,"href":"https:\/\/koff.swisspeace.ch\/apropos\/wp-json\/wp\/v2\/media\/3732"}],"wp:attachment":[{"href":"https:\/\/koff.swisspeace.ch\/apropos\/wp-json\/wp\/v2\/media?parent=3740"}],"wp:term":[{"taxonomy":"category","embeddable":true,"href":"https:\/\/koff.swisspeace.ch\/apropos\/wp-json\/wp\/v2\/categories?post=3740"},{"taxonomy":"post_tag","embeddable":true,"href":"https:\/\/koff.swisspeace.ch\/apropos\/wp-json\/wp\/v2\/tags?post=3740"},{"taxonomy":"issue","embeddable":true,"href":"https:\/\/koff.swisspeace.ch\/apropos\/wp-json\/wp\/v2\/issue?post=3740"}],"curies":[{"name":"wp","href":"https:\/\/api.w.org\/{rel}","templated":true}]}}