{"id":3755,"date":"2024-06-24T17:39:31","date_gmt":"2024-06-24T17:39:31","guid":{"rendered":"https:\/\/koff.swisspeace.ch\/apropos\/?p=3755"},"modified":"2024-06-25T06:38:18","modified_gmt":"2024-06-25T06:38:18","slug":"fuer-eine-generation-die-loesungen-fuer-den-nachhaltigen-frieden-schaffen-kann","status":"publish","type":"post","link":"https:\/\/koff.swisspeace.ch\/apropos\/3755\/fuer-eine-generation-die-loesungen-fuer-den-nachhaltigen-frieden-schaffen-kann\/","title":{"rendered":"F\u00fcr eine Generation, die L\u00f6sungen f\u00fcr den Frieden schaffen kann"},"content":{"rendered":"\n<p><\/p>\n\n\n\n<p><strong>In Zeiten des Kriegs und des Konflikts werden junge Menschen zunehmend \u00fcberw\u00e4ltigt von der Informationsflut im Internet und finden sich im stetig wachsenden Content-Strom kaum mehr zurecht. Der Circle of Young Humanitarians (CYH) will die humanit\u00e4re Welt mit der n\u00e4chsten Generation verbinden. Dieses Ziel basiert auf der \u00dcberzeugung, dass es f\u00fcr die zuk\u00fcnftige Entwicklung unserer Welt wichtig ist, was junge Menschen \u00fcber Kriege denken.<\/strong><\/p>\n\n\n\n<p>F\u00fcr uns vom CYH ist die Schaffung von sicheren Dialogr\u00e4umen eine der h\u00f6chsten Priorit\u00e4ten f\u00fcr die Friedensf\u00f6rderung. Auf unseren Plattformen k\u00f6nnen junge Menschen ihre Ansichten mit Expert:innen aus verschiedenen Gebieten teilen und das gegenseitige Verst\u00e4ndnis f\u00f6rdern. Vor kurzem moderierten wir an unserem Gipfeltreffen, dem Young Humanitarian Summit mit \u00fcber 300 Teilnehmenden und der Unterst\u00fctzung des Internationalen Komitees vom Roten Kreuz (IKRK), ein Gespr\u00e4ch zwischen zwei jungen Menschen, einer schweizerisch-pal\u00e4stinensischen und einer schweizerisch-israelischen Person, und zeigten auf, welches Potenzial junge Menschen mit den unterschiedlichsten Hintergr\u00fcnden f\u00fcr einen Beitrag zu einer friedlicheren Zukunft haben. Dieses gemeinschafs\u00fcbergreifende Gespr\u00e4ch wurde von Gleichaltrigen initiiert, die die Nachwirkungen der Ereignisse rund um den 7.&nbsp;Oktober diskutieren und bew\u00e4ltigen wollten: Ein Beispiel f\u00fcr den starken Wunsch unter jungen Menschen, Kluften zu \u00fcberwinden. Mit dem Summit wollten wir verschiedene M\u00f6glichkeiten aufzeigen, wie man sich engagieren kann. Im derzeit gespannten politischen Klima k\u00f6nnen junge Menschen in unserer humanit\u00e4ren Gemeinschaft zueinander finden und Schranken \u00fcberwinden.<\/p>\n\n\n\n<p>Wir glauben, dass junge Menschen auf einzigartige Art und Weise dazu f\u00e4hig sind, sich mittels digitaler Technologie zu vernetzen, wodurch sie einem breiteren Informations- und Meinungsspektrum ausgesetzt sind. Auch wenn die sozialen Medien \u00fcberw\u00e4ltigend sein k\u00f6nnen, wollen wir die Chancen der digitalen Technologien dazu nutzen, um unsere Bem\u00fchungen zur Sensibilisierung und Bewusstmachung der humanit\u00e4ren Grunds\u00e4tze und des humanit\u00e4ren V\u00f6lkerrechts zu verst\u00e4rken. Neben physischen Events st\u00e4rkt der CYH auch das Gef\u00fchl der Handlungsf\u00e4higkeit bei jungen Menschen, indem er positive Zukunftsm\u00f6glichkeiten f\u00f6rdert.<\/p>\n\n\n\n<p>Das Risiko einer rein symbolischen Beteiligung von Jugendlichen ist eine Realit\u00e4t, mit der viele jugendgef\u00fchrte Organisationen konfrontiert sind. Wir bringen junge Menschen mit humanit\u00e4ren Organisationen zusammen, um daf\u00fcr zu sorgen, dass Ideen von beiden Seiten geh\u00f6rt werden. Durch einen kontinuierlichen Austausch mit humanit\u00e4ren Organisationen \u2013 darunter mit unserem Hauptpartner, dem IKRK \u2013 und durch unsere Dialogplattform stellen wir sicher, dass unsere Arbeit von f\u00fchrenden Organisationen anerkannt und unterst\u00fctzt wird. An unserem Gipfeltreffen, das unter anderem in Zusammenarbeit mit \u00c4rzte ohne Grenzen und dem Eidgen\u00f6ssischen Departement f\u00fcr ausw\u00e4rtige Angelegenheiten stattfand, liessen wir junge Menschen an Podiumsdiskussionen und in Workshops, die von verschiedenen Organisationen ausgerichtet wurden, zu Wort kommen. Ihre kontinuierliche Zusammenarbeit mit dem und Unterst\u00fctzung des CYH ist ein Beispiel f\u00fcr das gemeinsame Engagement f\u00fcr einen sinnvollen Miteinbezug junger Menschen.<\/p>\n\n\n\n<p>Der CYH ist \u00fcberzeugt, dass Bildung und \u00f6ffentliche Teilhabe der Jugendlichen Eckpfeiler des Friedens sind. Durch die F\u00f6rderung von Selbstwirksamkeit und Handlungsf\u00e4higkeit inspirieren und mobilisieren wir junge Menschen dazu, die Kraft der Menschlichkeit zu nutzen. Die St\u00e4rkung dieser Eigenschaften l\u00e4sst eine Generation entstehen, die sich ihrer Herausforderungen bewusst ist und die F\u00e4higkeiten besitzt, nachhaltige L\u00f6sungen zu finden und dauerhaften Frieden zu schaffen.<\/p>\n","protected":false},"excerpt":{"rendered":"<p>In Zeiten des Kriegs und des Konflikts werden junge Menschen zunehmend \u00fcberw\u00e4ltigt von der Informationsflut im Internet und finden sich im stetig wachsenden Content-Strom kaum mehr zurecht. Der Circle of Young Humanitarians (CYH) will die humanit\u00e4re Welt mit der n\u00e4chsten Generation verbinden. Dieses Ziel basiert auf der \u00dcberzeugung, dass es f\u00fcr die zuk\u00fcnftige Entwicklung unserer <a href=\"https:\/\/koff.swisspeace.ch\/apropos\/3755\/fuer-eine-generation-die-loesungen-fuer-den-nachhaltigen-frieden-schaffen-kann\/\" class=\"more-link\">&#8230;<span class=\"screen-reader-text\">  F\u00fcr eine Generation, die L\u00f6sungen f\u00fcr den Frieden schaffen kann<\/span><\/a><\/p>\n","protected":false},"author":3,"featured_media":3752,"comment_status":"closed","ping_status":"closed","sticky":false,"template":"","format":"standard","meta":{"advgb_blocks_editor_width":"","advgb_blocks_columns_visual_guide":""},"categories":[73],"tags":[],"issue":[283],"acf":[],"author_meta":{"display_name":"\u00e0 propos","author_link":"https:\/\/koff.swisspeace.ch\/apropos\/author\/apropos\/"},"featured_img":"https:\/\/koff.swisspeace.ch\/apropos\/wp-content\/uploads\/2024\/06\/CYH185wb-600x332.png","coauthors":[],"tax_additional":{"categories":{"linked":["<a href=\"https:\/\/koff.swisspeace.ch\/apropos\/category\/reports-de\/\" class=\"advgb-post-tax-term\">Dossier<\/a>"],"unlinked":["<span class=\"advgb-post-tax-term\">Dossier<\/span>"]}},"comment_count":0,"relative_dates":{"created":"Posted 2 years ago","modified":"Updated 2 years ago"},"absolute_dates":{"created":"Posted on June 24, 2024","modified":"Updated on June 25, 2024"},"absolute_dates_time":{"created":"Posted on June 24, 2024 5:39 pm","modified":"Updated on June 25, 2024 6:38 am"},"featured_img_caption":"","series_order":null,"_links":{"self":[{"href":"https:\/\/koff.swisspeace.ch\/apropos\/wp-json\/wp\/v2\/posts\/3755"}],"collection":[{"href":"https:\/\/koff.swisspeace.ch\/apropos\/wp-json\/wp\/v2\/posts"}],"about":[{"href":"https:\/\/koff.swisspeace.ch\/apropos\/wp-json\/wp\/v2\/types\/post"}],"author":[{"embeddable":true,"href":"https:\/\/koff.swisspeace.ch\/apropos\/wp-json\/wp\/v2\/users\/3"}],"replies":[{"embeddable":true,"href":"https:\/\/koff.swisspeace.ch\/apropos\/wp-json\/wp\/v2\/comments?post=3755"}],"version-history":[{"count":6,"href":"https:\/\/koff.swisspeace.ch\/apropos\/wp-json\/wp\/v2\/posts\/3755\/revisions"}],"predecessor-version":[{"id":4139,"href":"https:\/\/koff.swisspeace.ch\/apropos\/wp-json\/wp\/v2\/posts\/3755\/revisions\/4139"}],"wp:featuredmedia":[{"embeddable":true,"href":"https:\/\/koff.swisspeace.ch\/apropos\/wp-json\/wp\/v2\/media\/3752"}],"wp:attachment":[{"href":"https:\/\/koff.swisspeace.ch\/apropos\/wp-json\/wp\/v2\/media?parent=3755"}],"wp:term":[{"taxonomy":"category","embeddable":true,"href":"https:\/\/koff.swisspeace.ch\/apropos\/wp-json\/wp\/v2\/categories?post=3755"},{"taxonomy":"post_tag","embeddable":true,"href":"https:\/\/koff.swisspeace.ch\/apropos\/wp-json\/wp\/v2\/tags?post=3755"},{"taxonomy":"issue","embeddable":true,"href":"https:\/\/koff.swisspeace.ch\/apropos\/wp-json\/wp\/v2\/issue?post=3755"}],"curies":[{"name":"wp","href":"https:\/\/api.w.org\/{rel}","templated":true}]}}