{"id":3758,"date":"2024-06-24T17:36:49","date_gmt":"2024-06-24T17:36:49","guid":{"rendered":"https:\/\/koff.swisspeace.ch\/apropos\/?p=3758"},"modified":"2024-06-26T06:32:53","modified_gmt":"2024-06-26T06:32:53","slug":"pour-une-generation-capable-de-generer-des-solutions-durables-pour-la-paix","status":"publish","type":"post","link":"https:\/\/koff.swisspeace.ch\/apropos\/3758\/pour-une-generation-capable-de-generer-des-solutions-durables-pour-la-paix\/","title":{"rendered":"Pour une g\u00e9n\u00e9ration capable de g\u00e9n\u00e9rer des solutions pour la paix"},"content":{"rendered":"\n<p><strong>En temps de guerre et de conflit, les jeunes se trouvent de plus en plus submerg\u00e9\u00b7es par les informations sur internet, devant naviguer \u00e0 travers une masse de contenu toujours plus abondante. L&#8217;initiative du Cercle des Jeunes Humanitaires (CYH) qui cherche \u00e0 \u00e9tablir un lien entre le monde humanitaire et la nouvelle g\u00e9n\u00e9ration repose sur la conviction que la perception actuelle des jeunes sur la guerre fa\u00e7onnera l\u2019\u00e9volution de notre soci\u00e9t\u00e9.<\/strong><\/p>\n\n\n\n<p>Le CYH reconnait l&#8217;importance d\u2019un espace s\u00fbr pour le dialogue dans la consolidation de la paix. La plateforme permet aux jeunes d&#8217;\u00e9changer leurs points de vue et de favoriser la compr\u00e9hension mutuelle en presence d\u2019expert\u00b7es de divers domaines. Lors de son r\u00e9cent Sommet des Jeunes Humanitaires, qui a r\u00e9uni plus de 300 participant\u00b7es sous l\u2019\u00e9gide du Comit\u00e9 International de la Croix-Rouge (CICR), le CYH a mod\u00e9r\u00e9 un \u00e9change entre un jeune Suisse-Palestinien et un Suisse-Isra\u00e9lien. Cette initiative a mis en \u00e9vidence le potentiel des jeunes de divers horizons \u00e0 travailler ensemble pour un avenir plus pacifique. Initi\u00e9e par des pairs d\u00e9sireux\u00b7ses de discuter la situation actuelle \u00e0 Gaza et d&#8217;aborder les cons\u00e9quences des \u00e9v\u00e9nements suivant le 7 octobre, cette conversation intercommunautaire refl\u00e8te la forte volont\u00e9 des jeunes de combler les divisions. \u00c0 travers ce Sommet, le CYH a cherch\u00e9 \u00e0 pr\u00e9senter des opportunit\u00e9s d&#8217;implication. En p\u00e9riode de tensions politiques accrues, les jeunes peuvent trouver un terrain d&#8217;entente, transcendant les barri\u00e8res qui nous divisent.<\/p>\n\n\n\n<p>Le CYH croit en la capacit\u00e9 unique des jeunes \u00e0 se rassembler gr\u00e2ce aux technologies num\u00e9riques, qui les exposent \u00e0 un \u00e9ventail plus large d&#8217;informations et d&#8217;opinions. Bien que les r\u00e9seaux sociaux puissent \u00eatre accablants, l\u2019organisation cherche \u00e0 exploiter les opportunit\u00e9s du monde digital pour intensifier ses efforts de sensibilisation aux principes humanitaires et au droit international humanitaire. En plus de l&#8217;organisation d&#8217;\u00e9v\u00e9nements physiques, le CYH renforce l\u2019\u00e9mancipation des jeunes en promouvant des perspectives positives pour leur avenir.<\/p>\n\n\n\n<p>Le risque d&#8217;une participation uniquement symbolique est une r\u00e9alit\u00e9 \u00e0 laquelle de nombreuses organisations dirig\u00e9es par des jeunes font face. Pour contrer cela, le CYH met en relation les jeunes avec des organisations humanitaires et s\u2019assure que leurs perspectives soient entendues. Gr\u00e2ce \u00e0 des \u00e9changes r\u00e9guliers avec des organisations humanitaires, y compris son principal partenaire, le CICR, et en offrant une plateforme de dialogue, le CYH s\u2019efforce de faire reconnaitre son travail et de solliciter le soutien d\u2019organisations de premier plan. Lors de son Sommet organis\u00e9 en partenariat avec M\u00e9decins Sans Fronti\u00e8res et l&#8217;Agence Suisse pour le D\u00e9veloppement et la Coop\u00e9ration (entre autres), le CYH a inclus la perspective des jeunes dans lors de panels et ateliers anim\u00e9s par diverses organisations. Cette collaboration continue et l\u2019enthousiasme manifest\u00e9 pour de telles initiatives illustre l&#8217;int\u00e9r\u00eat commun en faveur de l\u2019engagement significatif des jeunes.<\/p>\n\n\n\n<p>Le CYH affirme que l&#8217;\u00e9ducation et la participation civique des jeunes sont essentielles \u00e0 la promotion de la paix. En encourageant le d\u00e9veloppement personnel et l&#8217;\u00e9mancipation, l&#8217;organisation motive et mobilise les jeunes \u00e0 utiliser leur potentiel pour promouvoir le bien-\u00eatre commun. Cultiver ces qualit\u00e9s soutient une g\u00e9n\u00e9ration consciente de ses d\u00e9fis, capable de g\u00e9n\u00e9rer des solutions durables pour la paix.<\/p>\n","protected":false},"excerpt":{"rendered":"<p>En temps de guerre et de conflit, les jeunes se trouvent de plus en plus submerg\u00e9\u00b7es par les informations sur internet, devant naviguer \u00e0 travers une masse de contenu toujours plus abondante. L&#8217;initiative du Cercle des Jeunes Humanitaires (CYH) qui cherche \u00e0 \u00e9tablir un lien entre le monde humanitaire et la nouvelle g\u00e9n\u00e9ration repose sur <a href=\"https:\/\/koff.swisspeace.ch\/apropos\/3758\/pour-une-generation-capable-de-generer-des-solutions-durables-pour-la-paix\/\" class=\"more-link\">&#8230;<span class=\"screen-reader-text\">  Pour une g\u00e9n\u00e9ration capable de g\u00e9n\u00e9rer des solutions pour la paix<\/span><\/a><\/p>\n","protected":false},"author":3,"featured_media":3752,"comment_status":"closed","ping_status":"closed","sticky":false,"template":"","format":"standard","meta":{"advgb_blocks_editor_width":"","advgb_blocks_columns_visual_guide":""},"categories":[113],"tags":[],"issue":[285],"acf":[],"author_meta":{"display_name":"\u00e0 propos","author_link":"https:\/\/koff.swisspeace.ch\/apropos\/author\/apropos\/"},"featured_img":"https:\/\/koff.swisspeace.ch\/apropos\/wp-content\/uploads\/2024\/06\/CYH185wb-600x332.png","coauthors":[],"tax_additional":{"categories":{"linked":["<a href=\"https:\/\/koff.swisspeace.ch\/apropos\/category\/reports-fr\/\" class=\"advgb-post-tax-term\">Dossier<\/a>"],"unlinked":["<span class=\"advgb-post-tax-term\">Dossier<\/span>"]}},"comment_count":0,"relative_dates":{"created":"Posted 2 years ago","modified":"Updated 2 years ago"},"absolute_dates":{"created":"Posted on June 24, 2024","modified":"Updated on June 26, 2024"},"absolute_dates_time":{"created":"Posted on June 24, 2024 5:36 pm","modified":"Updated on June 26, 2024 6:32 am"},"featured_img_caption":"","series_order":null,"_links":{"self":[{"href":"https:\/\/koff.swisspeace.ch\/apropos\/wp-json\/wp\/v2\/posts\/3758"}],"collection":[{"href":"https:\/\/koff.swisspeace.ch\/apropos\/wp-json\/wp\/v2\/posts"}],"about":[{"href":"https:\/\/koff.swisspeace.ch\/apropos\/wp-json\/wp\/v2\/types\/post"}],"author":[{"embeddable":true,"href":"https:\/\/koff.swisspeace.ch\/apropos\/wp-json\/wp\/v2\/users\/3"}],"replies":[{"embeddable":true,"href":"https:\/\/koff.swisspeace.ch\/apropos\/wp-json\/wp\/v2\/comments?post=3758"}],"version-history":[{"count":9,"href":"https:\/\/koff.swisspeace.ch\/apropos\/wp-json\/wp\/v2\/posts\/3758\/revisions"}],"predecessor-version":[{"id":4183,"href":"https:\/\/koff.swisspeace.ch\/apropos\/wp-json\/wp\/v2\/posts\/3758\/revisions\/4183"}],"wp:featuredmedia":[{"embeddable":true,"href":"https:\/\/koff.swisspeace.ch\/apropos\/wp-json\/wp\/v2\/media\/3752"}],"wp:attachment":[{"href":"https:\/\/koff.swisspeace.ch\/apropos\/wp-json\/wp\/v2\/media?parent=3758"}],"wp:term":[{"taxonomy":"category","embeddable":true,"href":"https:\/\/koff.swisspeace.ch\/apropos\/wp-json\/wp\/v2\/categories?post=3758"},{"taxonomy":"post_tag","embeddable":true,"href":"https:\/\/koff.swisspeace.ch\/apropos\/wp-json\/wp\/v2\/tags?post=3758"},{"taxonomy":"issue","embeddable":true,"href":"https:\/\/koff.swisspeace.ch\/apropos\/wp-json\/wp\/v2\/issue?post=3758"}],"curies":[{"name":"wp","href":"https:\/\/api.w.org\/{rel}","templated":true}]}}