{"id":3769,"date":"2024-06-24T17:39:31","date_gmt":"2024-06-24T17:39:31","guid":{"rendered":"https:\/\/koff.swisspeace.ch\/apropos\/?p=3769"},"modified":"2024-06-25T10:15:38","modified_gmt":"2024-06-25T10:15:38","slug":"haiti-soziale-medien-fuer-den-frieden","status":"publish","type":"post","link":"https:\/\/koff.swisspeace.ch\/apropos\/3769\/haiti-soziale-medien-fuer-den-frieden\/","title":{"rendered":"Haiti \u2013 Soziale Medien f\u00fcr den Frieden"},"content":{"rendered":"\n<p><strong>Die sozialen Medien, die in den 1990er Jahren mit dem Aufkommen des Internets entstanden, haben fast drei Jahrzehnte gebraucht, um ihre heutige Bedeutung in Haiti zu erreichen. Im Jahr 2020 sch\u00e4tzte <a href=\"https:\/\/datareportal.com\/reports\/digital-2020-haiti\">DIGITAL 2020 HAITI<\/a> die Zahl der Nutzer:innen im Land auf 2 Millionen (von 3,68 Millionen Einwohnern, die an das Internet angeschlossen sind). Die sozialen Medien haben die Kommunikation erheblich erleichtert und sind in alle Aspekte des privaten und beruflichen Lebens vorgedrungen. Ihre Nutzung wirft jedoch die Frage auf, wie sie sich auf das friedensf\u00f6rdernde Engagement der Jugend auswirken.<\/strong><\/p>\n\n\n\n<p>Die unangemessene Nutzung sozialer Medien kann tats\u00e4chlich die Aufmerksamkeit junger Menschen von entwicklungspolitischen Fragen ablenken und sch\u00e4dlichen Folgen haben. Es ist offensichtlich, dass viele junge Haitianer:innen soziale Medien zur Unterhaltung nutzen, anstatt einen positiven Beitrag zur Gesellschaft zu leisten. Soziale Medien werden so zu einer Flucht vor pers\u00f6nlichen und sozialen Problemen.<\/p>\n\n\n\n<p>Diese Plattformen sind auch eine B\u00fchne f\u00fcr Bel\u00e4stigungen, Fehlinformationen und anderen Verhaltensweisen, die der Identit\u00e4t und Entwicklung junger Menschen schaden. In einem politisch instabilen Umfeld werben Gangs f\u00fcr sich, indem sie verst\u00f6rende, extrem gewaltt\u00e4tige Bilder ver\u00f6ffentlichen. Die Monetarisierung und Popularit\u00e4t sexualisierter Inhalte f\u00f6rdert die Entbl\u00f6\u00dfung des K\u00f6rpers und den Verlust der Kontrolle \u00fcber das Selbstbild, insbesondere bei jungen M\u00e4dchen.<\/p>\n\n\n\n<p>Um diese Probleme anzugehen, ist eine Schulung im Umgang mit sozialen Medien unerl\u00e4sslich, damit junge Menschen diese verantwortungsvoll nutzen k\u00f6nnen. In diesem Zusammenhang hat CRESFED, ein lokaler Verein, der sich f\u00fcr politische Bildung einsetzt, zusammen mit Eirene Suisse das Projekt \u00abEine gest\u00e4rkte haitianische Zivilgesellschaft als Grundlage f\u00fcr B\u00fcrger:innenbeteiligung und Inklusion\u00bb entwickelt. Dieses Projekt zielt darauf ab, den Teilnehmenden die Kernkompetenzen f\u00fcr eine konstruktive Verwendung der sozialen Medien zu vermitteln, damit sie zu Akteur:innen der Friedensf\u00f6rderung in Haiti werden k\u00f6nnen.<\/p>\n\n\n\n<p>Im Rahmen des Projekts wurden sechs CRESFED- Mitarbeiter:innen und fast sechzig junge Menschen darin geschult, sozialen Medien als Instrument f\u00fcr sozialen St\u00e4rkung zu nutzen. Die Teilnehmenden waren vor allem in projektbezogenen WhatsApp-Gruppen und auf der Facebook-Seite von CRESFED aktiv und verbreiteten ihr Wissen \u00fcber Staatsb\u00fcrgerschaft und partizipative Demokratie. Dank dieser Schulung lernten sie, wie sie sich f\u00fcr Frieden einsetzen und die B\u00fcrger:innenbeteiligung in ihrer Region f\u00f6rdern k\u00f6nnen.<\/p>\n\n\n\n<p>Bei einer anderen Gelegenheit, w\u00e4hrend der COVID-19-Pandemie, konnten junge Menschen, die am CRESFED-Projekt \u00abJugend und B\u00fcrgerschaft\u00bb (unterst\u00fctzt von Eirene Suisse) teilnahmen, soziale Medien nutzen, um weiterhin Wissen auszutauschen und Gemeinschaftsbeziehungen zu pflegen. Diese Plattformen trugen auch zur Erweiterung des Horizonts bei, indem sie Nutzer:innen aus verschiedenen Regionen der Welt miteinander verbanden und lokale Friedensprojekte international f\u00f6rderten. Trotz ihrer potenziellen Risiken sind soziale Medien also ein m\u00e4chtiger Hebel zur F\u00f6rderung des Friedens, wenn sie verantwortungsvoll und strategisch eingesetzt werden.<\/p>\n","protected":false},"excerpt":{"rendered":"<p>Die sozialen Medien, die in den 1990er Jahren mit dem Aufkommen des Internets entstanden, haben fast drei Jahrzehnte gebraucht, um ihre heutige Bedeutung in Haiti zu erreichen. Im Jahr 2020 sch\u00e4tzte DIGITAL 2020 HAITI die Zahl der Nutzer:innen im Land auf 2 Millionen (von 3,68 Millionen Einwohnern, die an das Internet angeschlossen sind). Die sozialen <a href=\"https:\/\/koff.swisspeace.ch\/apropos\/3769\/haiti-soziale-medien-fuer-den-frieden\/\" class=\"more-link\">&#8230;<span class=\"screen-reader-text\">  Haiti \u2013 Soziale Medien f\u00fcr den Frieden<\/span><\/a><\/p>\n","protected":false},"author":3,"featured_media":3764,"comment_status":"closed","ping_status":"closed","sticky":false,"template":"","format":"standard","meta":{"advgb_blocks_editor_width":"","advgb_blocks_columns_visual_guide":""},"categories":[73],"tags":[],"issue":[283],"acf":[],"author_meta":{"display_name":"\u00e0 propos","author_link":"https:\/\/koff.swisspeace.ch\/apropos\/author\/apropos\/"},"featured_img":"https:\/\/koff.swisspeace.ch\/apropos\/wp-content\/uploads\/2024\/06\/Eirenne-Suisse-185-600x331.png","coauthors":[],"tax_additional":{"categories":{"linked":["<a href=\"https:\/\/koff.swisspeace.ch\/apropos\/category\/reports-de\/\" class=\"advgb-post-tax-term\">Dossier<\/a>"],"unlinked":["<span class=\"advgb-post-tax-term\">Dossier<\/span>"]}},"comment_count":0,"relative_dates":{"created":"Posted 2 years ago","modified":"Updated 2 years ago"},"absolute_dates":{"created":"Posted on June 24, 2024","modified":"Updated on June 25, 2024"},"absolute_dates_time":{"created":"Posted on June 24, 2024 5:39 pm","modified":"Updated on June 25, 2024 10:15 am"},"featured_img_caption":"","series_order":null,"_links":{"self":[{"href":"https:\/\/koff.swisspeace.ch\/apropos\/wp-json\/wp\/v2\/posts\/3769"}],"collection":[{"href":"https:\/\/koff.swisspeace.ch\/apropos\/wp-json\/wp\/v2\/posts"}],"about":[{"href":"https:\/\/koff.swisspeace.ch\/apropos\/wp-json\/wp\/v2\/types\/post"}],"author":[{"embeddable":true,"href":"https:\/\/koff.swisspeace.ch\/apropos\/wp-json\/wp\/v2\/users\/3"}],"replies":[{"embeddable":true,"href":"https:\/\/koff.swisspeace.ch\/apropos\/wp-json\/wp\/v2\/comments?post=3769"}],"version-history":[{"count":9,"href":"https:\/\/koff.swisspeace.ch\/apropos\/wp-json\/wp\/v2\/posts\/3769\/revisions"}],"predecessor-version":[{"id":4180,"href":"https:\/\/koff.swisspeace.ch\/apropos\/wp-json\/wp\/v2\/posts\/3769\/revisions\/4180"}],"wp:featuredmedia":[{"embeddable":true,"href":"https:\/\/koff.swisspeace.ch\/apropos\/wp-json\/wp\/v2\/media\/3764"}],"wp:attachment":[{"href":"https:\/\/koff.swisspeace.ch\/apropos\/wp-json\/wp\/v2\/media?parent=3769"}],"wp:term":[{"taxonomy":"category","embeddable":true,"href":"https:\/\/koff.swisspeace.ch\/apropos\/wp-json\/wp\/v2\/categories?post=3769"},{"taxonomy":"post_tag","embeddable":true,"href":"https:\/\/koff.swisspeace.ch\/apropos\/wp-json\/wp\/v2\/tags?post=3769"},{"taxonomy":"issue","embeddable":true,"href":"https:\/\/koff.swisspeace.ch\/apropos\/wp-json\/wp\/v2\/issue?post=3769"}],"curies":[{"name":"wp","href":"https:\/\/api.w.org\/{rel}","templated":true}]}}