{"id":3773,"date":"2024-06-24T17:36:49","date_gmt":"2024-06-24T17:36:49","guid":{"rendered":"https:\/\/koff.swisspeace.ch\/apropos\/?p=3773"},"modified":"2024-06-26T07:13:27","modified_gmt":"2024-06-26T07:13:27","slug":"haiti-lutilisation-des-reseaux-sociaux-pour-la-paix","status":"publish","type":"post","link":"https:\/\/koff.swisspeace.ch\/apropos\/3773\/haiti-lutilisation-des-reseaux-sociaux-pour-la-paix\/","title":{"rendered":"Haiti \u2013 L\u2019utilisation des r\u00e9seaux sociaux pour la paix"},"content":{"rendered":"\n<p><strong>Apparus dans les ann\u00e9es 90 avec l\u2019essor d\u2019internet, les r\u00e9seaux sociaux ont mis pr\u00e8s de trois d\u00e9cennies \u00e0 atteindre l\u2019importance qu\u2019ils ont aujourd\u2019hui en Ha\u00efti. En 2020, la <a href=\"https:\/\/datareportal.com\/reports\/digital-2020-haiti\">DIGITAL 2020 HAITI<\/a> estimait \u00e0 2 millions le nombre d\u2019utilisateur\u00b7rices sur le territoire (sur 3.68 millions d\u2019habitant\u00b7es connect\u00e9\u00b7es \u00e0 internet). Facilitant consid\u00e9rablement la communication, ils ont infiltr\u00e9 tous les aspects de la vie personnelle et professionnelle des individus. Cependant, leur utilisation soul\u00e8ve des questions quant \u00e0 leur effet sur l\u2019engagement des jeunes pour la promotion de la paix.<\/strong><\/p>\n\n\n\n<p>En effet, l&#8217;utilisation inappropri\u00e9e des r\u00e9seaux sociaux a le potentiel de d\u00e9tourner l\u2019attention des jeunes des enjeux de d\u00e9veloppement et d\u2019entra\u00eener des cons\u00e9quences n\u00e9fastes. Or, force est de constater qu\u2019un grand nombre de jeunes Ha\u00eftien\u00b7nes s\u2019en servent pour se divertir plut\u00f4t que pour contribuer positivement \u00e0 leur soci\u00e9t\u00e9. Les r\u00e9seaux sociaux se transforment alors en \u00e9chappatoire face aux probl\u00e8mes personnels et sociaux.<\/p>\n\n\n\n<p>Ces plateformes sont \u00e9galement le th\u00e9\u00e2tre de harc\u00e8lement, de d\u00e9sinformation et d&#8217;autres comportements nuisant \u00e0 l\u2019identit\u00e9 et au d\u00e9veloppement des jeunes. Dans un contexte d\u2019instabilit\u00e9 politique, les gangs y font leur promotion en publiant des images perturbantes, d\u2019une extr\u00eame violence. La mon\u00e9tisation et la popularit\u00e9 du contenu \u00e0 connotation sexuelle favorisent l\u2019exposition du corps et la perte de contr\u00f4le de l\u2019image de soi, en particulier chez les jeunes filles.<\/p>\n\n\n\n<p>Face \u00e0 ces d\u00e9rives, la formation aux r\u00e9seaux sociaux est essentielle pour permettre aux jeunes d\u2019en faire un usage responsable. Dans cette optique, le CRESFED, une association locale \u0153uvrant pour la formation civique, a d\u00e9velopp\u00e9 avec Eirene Suisse le projet intitul\u00e9 \u00ab&nbsp;Une soci\u00e9t\u00e9 civile ha\u00eftienne renforc\u00e9e pour poser les bases de la participation citoyenne et de l\u2019inclusion&nbsp;\u00bb. Ce projet a notamment pour objectif de fournir aux participant\u00b7es les cl\u00e9s d\u2019une utilisation constructive des r\u00e9seaux sociaux, leur permettant de devenir des acteurs de la promotion de la paix en Ha\u00efti.<\/p>\n\n\n\n<p>Dans le cadre du projet, six responsables du CRESFED et pr\u00e8s de soixante jeunes ont \u00e9t\u00e9 form\u00e9\u00b7es \u00e0 l\u2019usage des r\u00e9seaux sociaux comme outil de renforcement social. Principalement actif\u00b7ves sur des groupes Whatsapp li\u00e9s au projet et sur la page Facebook du CRESFED, les participant\u00b7es ont pris part \u00e0 la diffusion de savoirs en mati\u00e8re de citoyennet\u00e9 et de d\u00e9mocratie participative. Gr\u00e2ce \u00e0 cette formation, ils\u00b7elles ont appris comment s\u2019impliquer dans la promotion de la paix et encourager l\u2019implication citoyenne dans leur r\u00e9gion.<\/p>\n\n\n\n<p>Lors de la pand\u00e9mie de Covid-19, les jeunes engag\u00e9\u00b7es dans le projet &#8220;Jeunes et Citoyennet\u00e9&#8221; du CRESFED (soutenu par Eirene Suisse) ont pu profiter des r\u00e9seaux sociaux pour continuer \u00e0 partager des connaissances et entretenir les liens communautaires. Ces plateformes ont \u00e9galement contribu\u00e9 \u00e0 \u00e9largir les horizons en connectant des utilisateur\u00b7rices de diff\u00e9rentes r\u00e9gions du monde, et \u00e0 promouvoir les projets locaux faveur de la paix au niveau international. Ainsi, les r\u00e9seaux sociaux d\u00e9montrent que malgr\u00e9 leurs potentielles d\u00e9rives, ils constituent de puissants leviers pour la promotion de la paix lorsqu\u2019ils sont utilis\u00e9s de mani\u00e8re responsable et strat\u00e9gique.<\/p>\n","protected":false},"excerpt":{"rendered":"<p>Apparus dans les ann\u00e9es 90 avec l\u2019essor d\u2019internet, les r\u00e9seaux sociaux ont mis pr\u00e8s de trois d\u00e9cennies \u00e0 atteindre l\u2019importance qu\u2019ils ont aujourd\u2019hui en Ha\u00efti. En 2020, la DIGITAL 2020 HAITI estimait \u00e0 2 millions le nombre d\u2019utilisateur\u00b7rices sur le territoire (sur 3.68 millions d\u2019habitant\u00b7es connect\u00e9\u00b7es \u00e0 internet). Facilitant consid\u00e9rablement la communication, ils ont infiltr\u00e9 <a href=\"https:\/\/koff.swisspeace.ch\/apropos\/3773\/haiti-lutilisation-des-reseaux-sociaux-pour-la-paix\/\" class=\"more-link\">&#8230;<span class=\"screen-reader-text\">  Haiti \u2013 L\u2019utilisation des r\u00e9seaux sociaux pour la paix<\/span><\/a><\/p>\n","protected":false},"author":3,"featured_media":3764,"comment_status":"closed","ping_status":"closed","sticky":false,"template":"","format":"standard","meta":{"advgb_blocks_editor_width":"","advgb_blocks_columns_visual_guide":""},"categories":[113],"tags":[],"issue":[285],"acf":[],"author_meta":{"display_name":"\u00e0 propos","author_link":"https:\/\/koff.swisspeace.ch\/apropos\/author\/apropos\/"},"featured_img":"https:\/\/koff.swisspeace.ch\/apropos\/wp-content\/uploads\/2024\/06\/Eirenne-Suisse-185-600x331.png","coauthors":[],"tax_additional":{"categories":{"linked":["<a href=\"https:\/\/koff.swisspeace.ch\/apropos\/category\/reports-fr\/\" class=\"advgb-post-tax-term\">Dossier<\/a>"],"unlinked":["<span class=\"advgb-post-tax-term\">Dossier<\/span>"]}},"comment_count":0,"relative_dates":{"created":"Posted 2 years ago","modified":"Updated 2 years ago"},"absolute_dates":{"created":"Posted on June 24, 2024","modified":"Updated on June 26, 2024"},"absolute_dates_time":{"created":"Posted on June 24, 2024 5:36 pm","modified":"Updated on June 26, 2024 7:13 am"},"featured_img_caption":"","series_order":null,"_links":{"self":[{"href":"https:\/\/koff.swisspeace.ch\/apropos\/wp-json\/wp\/v2\/posts\/3773"}],"collection":[{"href":"https:\/\/koff.swisspeace.ch\/apropos\/wp-json\/wp\/v2\/posts"}],"about":[{"href":"https:\/\/koff.swisspeace.ch\/apropos\/wp-json\/wp\/v2\/types\/post"}],"author":[{"embeddable":true,"href":"https:\/\/koff.swisspeace.ch\/apropos\/wp-json\/wp\/v2\/users\/3"}],"replies":[{"embeddable":true,"href":"https:\/\/koff.swisspeace.ch\/apropos\/wp-json\/wp\/v2\/comments?post=3773"}],"version-history":[{"count":8,"href":"https:\/\/koff.swisspeace.ch\/apropos\/wp-json\/wp\/v2\/posts\/3773\/revisions"}],"predecessor-version":[{"id":4184,"href":"https:\/\/koff.swisspeace.ch\/apropos\/wp-json\/wp\/v2\/posts\/3773\/revisions\/4184"}],"wp:featuredmedia":[{"embeddable":true,"href":"https:\/\/koff.swisspeace.ch\/apropos\/wp-json\/wp\/v2\/media\/3764"}],"wp:attachment":[{"href":"https:\/\/koff.swisspeace.ch\/apropos\/wp-json\/wp\/v2\/media?parent=3773"}],"wp:term":[{"taxonomy":"category","embeddable":true,"href":"https:\/\/koff.swisspeace.ch\/apropos\/wp-json\/wp\/v2\/categories?post=3773"},{"taxonomy":"post_tag","embeddable":true,"href":"https:\/\/koff.swisspeace.ch\/apropos\/wp-json\/wp\/v2\/tags?post=3773"},{"taxonomy":"issue","embeddable":true,"href":"https:\/\/koff.swisspeace.ch\/apropos\/wp-json\/wp\/v2\/issue?post=3773"}],"curies":[{"name":"wp","href":"https:\/\/api.w.org\/{rel}","templated":true}]}}