{"id":3782,"date":"2024-06-24T17:39:31","date_gmt":"2024-06-24T17:39:31","guid":{"rendered":"https:\/\/koff.swisspeace.ch\/apropos\/?p=3782"},"modified":"2024-06-25T06:40:45","modified_gmt":"2024-06-25T06:40:45","slug":"junge-menschen-formen-ihren-frieden-in-kolumbien-eine-grassroot-kampagne","status":"publish","type":"post","link":"https:\/\/koff.swisspeace.ch\/apropos\/3782\/junge-menschen-formen-ihren-frieden-in-kolumbien-eine-grassroot-kampagne\/","title":{"rendered":"Junge Menschen formen ihren Frieden in Kolumbien \u2013 eine Grassroot-Kampagne"},"content":{"rendered":"\n<p><strong>Kolumbien ist ein von wirtschaftlichen und sozialen Ungleichheiten gepr\u00e4gtes Land, dessen Bev\u00f6lkerung seit mehr als 70 Jahren einen internen bewaffneten Konflikt ertragen muss.\u00a0Heute zeigen junge Menschen durch ihre Kreativit\u00e4t, ihre Initiativen und ihre Erfahrungen aktives Engagement f\u00fcr die Friedensf\u00f6rderung in ihrem Land. Ein Beispiel daf\u00fcr ist die Kampagne:\u00a0&#8220;Mein Leben, mein Moment, ich entscheide aus MEINER Erfahrung, NICHT durch Beeinflussung!&#8221;.\u00a0<\/strong><\/p>\n\n\n\n<p>Die im Oktober 2022 gestartete Kampagne wird von der Allianz terre des hommes schweiz und terre des hommes suisse unterst\u00fctzt.\u00a0Sie zielt darauf ab, die Verletzung der Rechte von Kindern, Jugendlichen und jungen Menschen zu bek\u00e4mpfen und kritische Themen wie das Verschwindenlassen von Kindern, direkte Gewalt gegen Kinder, Zwangsrekrutierung durch bewaffnete Gruppen, Pornografie und weiteren Missbrauch anzusprechen.<\/p>\n\n\n\n<p>Von den Anf\u00e4ngen bis zur Umsetzung der Kampagne standen junge Menschen im Mittelpunkt der Gestaltung des Prozesses, um sicherzustellen, dass ihre Stimmen geh\u00f6rt und ihre Bed\u00fcrfnisse ber\u00fccksichtigt werden. Durch diese aktive Beteiligung werden die Jugendlichen gest\u00e4rkt und die Nachhaltigkeit der friedensf\u00f6rdernden Ma\u00dfnahmen verbessert.<\/p>\n\n\n\n<p>Die Kampagne wurde durch Besuche vor Ort in den Regionen Cauca und Valle in Kolumbien angeregt, wo die Rechte junger Menschen massiv verletzt wurden. Diese Besuche unterstrichen die dringende Notwendigkeit einer Kampagne zum Schutz und zur F\u00f6rderung der Rechte junger Menschen und veranlassten eine kolumbianische Partnerorganisation, einen Ausschuss zu organisieren, der sich mit diesen Fragen befasst.<\/p>\n\n\n\n<p>Ein:e Jugendvertreter:in aus jeder Organisation half bei der Bildung des Kampagnenausschusses, bei der Ausarbeitung einer Arbeitsagenda, bei der Er\u00f6rterung der Erwartungen und bei der Ermittlung des Bedarfs f\u00fcr die Kampagne.<\/p>\n\n\n\n<p>Eine der ersten Ma\u00dfnahmen des Ausschusses bestand darin, eine Umfrage zu entwerfen und an die Partnerorganisationen zu verteilen. Die Umfrage sammelte umfassende Informationen von Jugendlichen \u00fcber die verschiedenen Herausforderungen, mit denen sie konfrontiert sind, einschlie\u00dflich der Taktiken und der Sprache, die von T\u00e4ter:innen wie bewaffneten Gruppen verwendet werden, um sie zu rekrutieren oder auszubeuten. Diese Daten waren entscheidend f\u00fcr die Ausrichtung der Kampagne auf die spezifischen Probleme der Jugendlichen.<\/p>\n\n\n\n<p>Der Ausschuss war dann in der Lage, die Botschaften und Strategien der Kampagne zu formulieren. Indem die Kampagne die Sprache und die Methoden der T\u00e4ter:innen verstand, konnte sie ihrem negativen Einfluss wirksam entgegenwirken und junge Menschen dazu bef\u00e4higen, sich gegen Anwerbung und Ausbeutung zu wehren. Die aktive Beteiligung der Jugendlichen an diesem Prozess stellte sicher, dass die Kampagne bei der Zielgruppe auf gro\u00dfe Resonanz stie\u00df.<\/p>\n\n\n\n<p>Mit dieser Allianz haben terre des hommes schweiz und terre des hommes suisse ein bemerkenswertes Beispiel daf\u00fcr geschaffen, wie eine nachhaltige und wirkungsvolle Friedensf\u00f6rderung aufgebaut werden kann, indem die Energie und das Wissen junger Menschen genutzt werden. Die Kampagne zeigt, dass ihr Engagement, wenn man ihnen die Mittel und M\u00f6glichkeiten zur F\u00fchrung gibt, sinnvolle Ver\u00e4nderungen vorantreiben und eine gerechtere, gleichberechtigte und friedlichere Gesellschaft aufbauen kann.<\/p>\n","protected":false},"excerpt":{"rendered":"<p>Kolumbien ist ein von wirtschaftlichen und sozialen Ungleichheiten gepr\u00e4gtes Land, dessen Bev\u00f6lkerung seit mehr als 70 Jahren einen internen bewaffneten Konflikt ertragen muss.\u00a0Heute zeigen junge Menschen durch ihre Kreativit\u00e4t, ihre Initiativen und ihre Erfahrungen aktives Engagement f\u00fcr die Friedensf\u00f6rderung in ihrem Land. Ein Beispiel daf\u00fcr ist die Kampagne:\u00a0&#8220;Mein Leben, mein Moment, ich entscheide aus MEINER <a href=\"https:\/\/koff.swisspeace.ch\/apropos\/3782\/junge-menschen-formen-ihren-frieden-in-kolumbien-eine-grassroot-kampagne\/\" class=\"more-link\">&#8230;<span class=\"screen-reader-text\">  Junge Menschen formen ihren Frieden in Kolumbien \u2013 eine Grassroot-Kampagne<\/span><\/a><\/p>\n","protected":false},"author":3,"featured_media":3779,"comment_status":"closed","ping_status":"closed","sticky":false,"template":"","format":"standard","meta":{"advgb_blocks_editor_width":"","advgb_blocks_columns_visual_guide":""},"categories":[73],"tags":[],"issue":[283],"acf":[],"author_meta":{"display_name":"\u00e0 propos","author_link":"https:\/\/koff.swisspeace.ch\/apropos\/author\/apropos\/"},"featured_img":"https:\/\/koff.swisspeace.ch\/apropos\/wp-content\/uploads\/2024\/06\/TDH185wb-600x331.png","coauthors":[],"tax_additional":{"categories":{"linked":["<a href=\"https:\/\/koff.swisspeace.ch\/apropos\/category\/reports-de\/\" class=\"advgb-post-tax-term\">Dossier<\/a>"],"unlinked":["<span class=\"advgb-post-tax-term\">Dossier<\/span>"]}},"comment_count":0,"relative_dates":{"created":"Posted 2 years ago","modified":"Updated 2 years ago"},"absolute_dates":{"created":"Posted on June 24, 2024","modified":"Updated on June 25, 2024"},"absolute_dates_time":{"created":"Posted on June 24, 2024 5:39 pm","modified":"Updated on June 25, 2024 6:40 am"},"featured_img_caption":"","series_order":null,"_links":{"self":[{"href":"https:\/\/koff.swisspeace.ch\/apropos\/wp-json\/wp\/v2\/posts\/3782"}],"collection":[{"href":"https:\/\/koff.swisspeace.ch\/apropos\/wp-json\/wp\/v2\/posts"}],"about":[{"href":"https:\/\/koff.swisspeace.ch\/apropos\/wp-json\/wp\/v2\/types\/post"}],"author":[{"embeddable":true,"href":"https:\/\/koff.swisspeace.ch\/apropos\/wp-json\/wp\/v2\/users\/3"}],"replies":[{"embeddable":true,"href":"https:\/\/koff.swisspeace.ch\/apropos\/wp-json\/wp\/v2\/comments?post=3782"}],"version-history":[{"count":12,"href":"https:\/\/koff.swisspeace.ch\/apropos\/wp-json\/wp\/v2\/posts\/3782\/revisions"}],"predecessor-version":[{"id":4145,"href":"https:\/\/koff.swisspeace.ch\/apropos\/wp-json\/wp\/v2\/posts\/3782\/revisions\/4145"}],"wp:featuredmedia":[{"embeddable":true,"href":"https:\/\/koff.swisspeace.ch\/apropos\/wp-json\/wp\/v2\/media\/3779"}],"wp:attachment":[{"href":"https:\/\/koff.swisspeace.ch\/apropos\/wp-json\/wp\/v2\/media?parent=3782"}],"wp:term":[{"taxonomy":"category","embeddable":true,"href":"https:\/\/koff.swisspeace.ch\/apropos\/wp-json\/wp\/v2\/categories?post=3782"},{"taxonomy":"post_tag","embeddable":true,"href":"https:\/\/koff.swisspeace.ch\/apropos\/wp-json\/wp\/v2\/tags?post=3782"},{"taxonomy":"issue","embeddable":true,"href":"https:\/\/koff.swisspeace.ch\/apropos\/wp-json\/wp\/v2\/issue?post=3782"}],"curies":[{"name":"wp","href":"https:\/\/api.w.org\/{rel}","templated":true}]}}