{"id":3786,"date":"2024-06-24T17:36:49","date_gmt":"2024-06-24T17:36:49","guid":{"rendered":"https:\/\/koff.swisspeace.ch\/apropos\/?p=3786"},"modified":"2024-06-25T06:41:14","modified_gmt":"2024-06-25T06:41:14","slug":"des-jeunes-faconnent-leur-paix-en-colombie-une-campagne-populaire","status":"publish","type":"post","link":"https:\/\/koff.swisspeace.ch\/apropos\/3786\/des-jeunes-faconnent-leur-paix-en-colombie-une-campagne-populaire\/","title":{"rendered":"Des jeunes fa\u00e7onnent leur paix en Colombie &#8211; Une campagne populaire"},"content":{"rendered":"\n<p><strong>La Colombie est un pays marqu\u00e9 par des in\u00e9galit\u00e9s \u00e9conomiques et sociales, o\u00f9 la population a endur\u00e9 un conflit arm\u00e9 ayant dur\u00e9 plus de 70 ans. Aujourd&#8217;hui, \u00e0 travers leur cr\u00e9ativit\u00e9, leurs initiatives et exp\u00e9riences, les jeunes colombien\u00b7nes font preuve d&#8217;un fort engagement pour la consolidation de la paix locale. La campagne : \u00ab My Life, my Moment I decide from MY Experience, NOT by Influence! \u00bb ou \u00ab Ma vie, mon moment, je d\u00e9cide selon MON exp\u00e9rience, PAS par l&#8217;influence ! \u00bb illustre cela. <\/strong><\/p>\n\n\n\n<p>Lanc\u00e9e en octobre 2022, cette campagne est soutenue par l&#8217;alliance terre des hommes schweiz et terre des hommes suisse. Elle vise \u00e0 lutter contre les violations des droits des enfants, des adolescents et des jeunes, en abordant des probl\u00e9matiques critiques telles que les disparitions forc\u00e9es, la violence directe contre les enfants, le recrutement forc\u00e9 par des groupes arm\u00e9s, la pornographie et d&#8217;autres formes d&#8217;abus.<\/p>\n\n\n\n<p>Depuis sa conception jusqu&#8217;\u00e0 sa mise en \u0153uvre, les jeunes ont \u00e9t\u00e9 au c\u0153ur de la conception de la campagne, veillant \u00e0 ce que leurs voix soient entendues et leurs besoins pris en compte. Cette participation active permet non seulement de contribuer \u00e0 l&#8217;autonomisation de la jeunesse, mais permet aussi d\u2019accro\u00eetre la durabilit\u00e9 des efforts de consolidation de la paix.<\/p>\n\n\n\n<p>La campagne a \u00e9t\u00e9 initi\u00e9e suite \u00e0 des visites sur le terrain dans les r\u00e9gions du Cauca et de Valle en Colombie, o\u00f9 de nombreuses violations des droits des jeunes ont \u00e9t\u00e9 rapport\u00e9es. Ces visites ont soulign\u00e9 la n\u00e9cessit\u00e9 urgente d&#8217;une campagne visant \u00e0 prot\u00e9ger et promouvoir les droits des jeunes, incitant une organisation partenaire colombienne \u00e0 former un comit\u00e9 visant \u00e0 aborder cette question.<\/p>\n\n\n\n<p>Un repr\u00e9sentant de la jeunesse de chaque organisation a contribu\u00e9 \u00e0 former le comit\u00e9 de campagne, \u00e0 d\u00e9velopper un agenda, \u00e0 discuter des attentes et \u00e0 identifier les besoins de la campagne.<\/p>\n\n\n\n<p>L&#8217;une des priorit\u00e9s du comit\u00e9 a \u00e9t\u00e9 de concevoir et de distribuer une enqu\u00eate parmi les organisations partenaires. L&#8217;enqu\u00eate a recueilli des informations aupr\u00e8s des jeunes sur les diff\u00e9rents d\u00e9fis auxquels ils font face, les tactiques et le langage utilis\u00e9s par les perp\u00e9trateur\u00b7rices de violence tels que les groupes arm\u00e9s qui tentent de les recruter ou de les exploiter. Ces donn\u00e9es ont \u00e9t\u00e9 essentielles afin d\u2019adapter la campagne et de r\u00e9pondre au mieux aux probl\u00e8mes sp\u00e9cifiques v\u00e9cus par les jeunes.<\/p>\n\n\n\n<p>Le comit\u00e9 a ensuite pu formuler les messages et les strat\u00e9gies de la campagne. En cherchant \u00e0 comprendre le langage et les m\u00e9thodes utilis\u00e9s par les perp\u00e9trateur\u00b7rices, les membres \u00e0 l\u2019initiative de la campagne ont pu contrer leur influence n\u00e9gative et permettre aux jeunes de r\u00e9sister \u00e0 leur recrutement et \u00e0 leur exploitation. L&#8217;implication active des jeunes dans ce processus a permis \u00e0 la campagne d&#8217;atteindre efficacement son public cible.<\/p>\n\n\n\n<p>A travers cette alliance, terre des hommes schweiz et terre des hommes suisse, ont d\u00e9montr\u00e9 comment consolider une paix durable et impactante, en utilisant l&#8217;\u00e9nergie et les connaissances des jeunes. La campagne prouve que lorsque ils disposent des outils et des opportunit\u00e9s pour diriger, les jeunes peuvent contribuer \u00e0 un changement significatif et construire une soci\u00e9t\u00e9 plus juste, \u00e9quitable et pacifique.<\/p>\n","protected":false},"excerpt":{"rendered":"<p>La Colombie est un pays marqu\u00e9 par des in\u00e9galit\u00e9s \u00e9conomiques et sociales, o\u00f9 la population a endur\u00e9 un conflit arm\u00e9 ayant dur\u00e9 plus de 70 ans. Aujourd&#8217;hui, \u00e0 travers leur cr\u00e9ativit\u00e9, leurs initiatives et exp\u00e9riences, les jeunes colombien\u00b7nes font preuve d&#8217;un fort engagement pour la consolidation de la paix locale. La campagne : \u00ab My <a href=\"https:\/\/koff.swisspeace.ch\/apropos\/3786\/des-jeunes-faconnent-leur-paix-en-colombie-une-campagne-populaire\/\" class=\"more-link\">&#8230;<span class=\"screen-reader-text\">  Des jeunes fa\u00e7onnent leur paix en Colombie &#8211; Une campagne populaire<\/span><\/a><\/p>\n","protected":false},"author":3,"featured_media":3779,"comment_status":"closed","ping_status":"closed","sticky":false,"template":"","format":"standard","meta":{"advgb_blocks_editor_width":"","advgb_blocks_columns_visual_guide":""},"categories":[113],"tags":[],"issue":[285],"acf":[],"author_meta":{"display_name":"\u00e0 propos","author_link":"https:\/\/koff.swisspeace.ch\/apropos\/author\/apropos\/"},"featured_img":"https:\/\/koff.swisspeace.ch\/apropos\/wp-content\/uploads\/2024\/06\/TDH185wb-600x331.png","coauthors":[],"tax_additional":{"categories":{"linked":["<a href=\"https:\/\/koff.swisspeace.ch\/apropos\/category\/reports-fr\/\" class=\"advgb-post-tax-term\">Dossier<\/a>"],"unlinked":["<span class=\"advgb-post-tax-term\">Dossier<\/span>"]}},"comment_count":0,"relative_dates":{"created":"Posted 2 years ago","modified":"Updated 2 years ago"},"absolute_dates":{"created":"Posted on June 24, 2024","modified":"Updated on June 25, 2024"},"absolute_dates_time":{"created":"Posted on June 24, 2024 5:36 pm","modified":"Updated on June 25, 2024 6:41 am"},"featured_img_caption":"","series_order":null,"_links":{"self":[{"href":"https:\/\/koff.swisspeace.ch\/apropos\/wp-json\/wp\/v2\/posts\/3786"}],"collection":[{"href":"https:\/\/koff.swisspeace.ch\/apropos\/wp-json\/wp\/v2\/posts"}],"about":[{"href":"https:\/\/koff.swisspeace.ch\/apropos\/wp-json\/wp\/v2\/types\/post"}],"author":[{"embeddable":true,"href":"https:\/\/koff.swisspeace.ch\/apropos\/wp-json\/wp\/v2\/users\/3"}],"replies":[{"embeddable":true,"href":"https:\/\/koff.swisspeace.ch\/apropos\/wp-json\/wp\/v2\/comments?post=3786"}],"version-history":[{"count":6,"href":"https:\/\/koff.swisspeace.ch\/apropos\/wp-json\/wp\/v2\/posts\/3786\/revisions"}],"predecessor-version":[{"id":4147,"href":"https:\/\/koff.swisspeace.ch\/apropos\/wp-json\/wp\/v2\/posts\/3786\/revisions\/4147"}],"wp:featuredmedia":[{"embeddable":true,"href":"https:\/\/koff.swisspeace.ch\/apropos\/wp-json\/wp\/v2\/media\/3779"}],"wp:attachment":[{"href":"https:\/\/koff.swisspeace.ch\/apropos\/wp-json\/wp\/v2\/media?parent=3786"}],"wp:term":[{"taxonomy":"category","embeddable":true,"href":"https:\/\/koff.swisspeace.ch\/apropos\/wp-json\/wp\/v2\/categories?post=3786"},{"taxonomy":"post_tag","embeddable":true,"href":"https:\/\/koff.swisspeace.ch\/apropos\/wp-json\/wp\/v2\/tags?post=3786"},{"taxonomy":"issue","embeddable":true,"href":"https:\/\/koff.swisspeace.ch\/apropos\/wp-json\/wp\/v2\/issue?post=3786"}],"curies":[{"name":"wp","href":"https:\/\/api.w.org\/{rel}","templated":true}]}}