{"id":3838,"date":"2024-06-24T17:36:49","date_gmt":"2024-06-24T17:36:49","guid":{"rendered":"https:\/\/koff.swisspeace.ch\/apropos\/?p=3838"},"modified":"2024-06-24T17:36:49","modified_gmt":"2024-06-24T17:36:49","slug":"participez-au-cours-mediation-peacemaking","status":"publish","type":"post","link":"https:\/\/koff.swisspeace.ch\/apropos\/3838\/participez-au-cours-mediation-peacemaking\/","title":{"rendered":"Participez au cours \u00ab Mediation &#038; Peacemaking \u00bb!"},"content":{"rendered":"\n<p><\/p>\n\n\n\n<p>Les m\u00e9diateur\u00b7rices am\u00e8nent les parties en conflit \u00e0 la table des n\u00e9gociations et les soutiennent dans la recherche de consensus. Alors que la m\u00e9diation \u00e9tait autrefois un domaine r\u00e9serv\u00e9 exclusivement aux diplomates et aux envoy\u00e9\u00b7es de l&#8217;ONU, la derni\u00e8re d\u00e9cennie a vu s&#8217;\u00e9largir la gamme des acteurs dans le domaine de la m\u00e9diation qui s&#8217;est professionnalis\u00e9. Participez au <a href=\"https:\/\/www.swisspeace.ch\/courses\/short-courses\/mediation-peacemaking-course\" target=\"_blank\" rel=\"noreferrer noopener\">cours \u00ab Mediation &amp; Peacemaking \u00bb<\/a> de swisspeace pour en apprendre plus sur les d\u00e9fis complexes de la m\u00e9diation de paix. Il se tiendra \u00e0 la kHaus \u00e0 B\u00e2le du 16 au 18 octobre 2024.<\/p>\n\n\n\n<p><\/p>\n","protected":false},"excerpt":{"rendered":"<p>Les m\u00e9diateur\u00b7rices am\u00e8nent les parties en conflit \u00e0 la table des n\u00e9gociations et les soutiennent dans la recherche de consensus. Alors que la m\u00e9diation \u00e9tait autrefois un domaine r\u00e9serv\u00e9 exclusivement aux diplomates et aux envoy\u00e9\u00b7es de l&#8217;ONU, la derni\u00e8re d\u00e9cennie a vu s&#8217;\u00e9largir la gamme des acteurs dans le domaine de la m\u00e9diation qui s&#8217;est <a href=\"https:\/\/koff.swisspeace.ch\/apropos\/3838\/participez-au-cours-mediation-peacemaking\/\" class=\"more-link\">&#8230;<span class=\"screen-reader-text\">  Participez au cours \u00ab Mediation &#038; Peacemaking \u00bb!<\/span><\/a><\/p>\n","protected":false},"author":3,"featured_media":3834,"comment_status":"closed","ping_status":"closed","sticky":false,"template":"","format":"standard","meta":{"advgb_blocks_editor_width":"","advgb_blocks_columns_visual_guide":""},"categories":[99],"tags":[],"issue":[285],"acf":[],"author_meta":{"display_name":"\u00e0 propos","author_link":"https:\/\/koff.swisspeace.ch\/apropos\/author\/apropos\/"},"featured_img":"https:\/\/koff.swisspeace.ch\/apropos\/wp-content\/uploads\/2024\/06\/NewsWB185-600x332.jpg","coauthors":[],"tax_additional":{"categories":{"linked":["<a href=\"https:\/\/koff.swisspeace.ch\/apropos\/category\/news-fr\/\" class=\"advgb-post-tax-term\">Actualit\u00e9<\/a>"],"unlinked":["<span class=\"advgb-post-tax-term\">Actualit\u00e9<\/span>"]}},"comment_count":0,"relative_dates":{"created":"Posted 2 years ago","modified":"Updated 2 years ago"},"absolute_dates":{"created":"Posted on June 24, 2024","modified":"Updated on June 24, 2024"},"absolute_dates_time":{"created":"Posted on June 24, 2024 5:36 pm","modified":"Updated on June 24, 2024 5:36 pm"},"featured_img_caption":"","series_order":null,"_links":{"self":[{"href":"https:\/\/koff.swisspeace.ch\/apropos\/wp-json\/wp\/v2\/posts\/3838"}],"collection":[{"href":"https:\/\/koff.swisspeace.ch\/apropos\/wp-json\/wp\/v2\/posts"}],"about":[{"href":"https:\/\/koff.swisspeace.ch\/apropos\/wp-json\/wp\/v2\/types\/post"}],"author":[{"embeddable":true,"href":"https:\/\/koff.swisspeace.ch\/apropos\/wp-json\/wp\/v2\/users\/3"}],"replies":[{"embeddable":true,"href":"https:\/\/koff.swisspeace.ch\/apropos\/wp-json\/wp\/v2\/comments?post=3838"}],"version-history":[{"count":6,"href":"https:\/\/koff.swisspeace.ch\/apropos\/wp-json\/wp\/v2\/posts\/3838\/revisions"}],"predecessor-version":[{"id":4062,"href":"https:\/\/koff.swisspeace.ch\/apropos\/wp-json\/wp\/v2\/posts\/3838\/revisions\/4062"}],"wp:featuredmedia":[{"embeddable":true,"href":"https:\/\/koff.swisspeace.ch\/apropos\/wp-json\/wp\/v2\/media\/3834"}],"wp:attachment":[{"href":"https:\/\/koff.swisspeace.ch\/apropos\/wp-json\/wp\/v2\/media?parent=3838"}],"wp:term":[{"taxonomy":"category","embeddable":true,"href":"https:\/\/koff.swisspeace.ch\/apropos\/wp-json\/wp\/v2\/categories?post=3838"},{"taxonomy":"post_tag","embeddable":true,"href":"https:\/\/koff.swisspeace.ch\/apropos\/wp-json\/wp\/v2\/tags?post=3838"},{"taxonomy":"issue","embeddable":true,"href":"https:\/\/koff.swisspeace.ch\/apropos\/wp-json\/wp\/v2\/issue?post=3838"}],"curies":[{"name":"wp","href":"https:\/\/api.w.org\/{rel}","templated":true}]}}