{"id":3842,"date":"2024-06-24T17:39:31","date_gmt":"2024-06-24T17:39:31","guid":{"rendered":"https:\/\/koff.swisspeace.ch\/apropos\/?p=3842"},"modified":"2024-06-24T17:39:31","modified_gmt":"2024-06-24T17:39:31","slug":"bewerben-sie-sich-fuer-den-mediation-peacemaking-kurs","status":"publish","type":"post","link":"https:\/\/koff.swisspeace.ch\/apropos\/3842\/bewerben-sie-sich-fuer-den-mediation-peacemaking-kurs\/","title":{"rendered":"Bewerben Sie sich f\u00fcr den \u00abMediation &#038; Peacemaking\u00bb Kurs!"},"content":{"rendered":"\n<p>Mediator:innen bringen Konfliktparteien an den Verhandlungstisch und unterst\u00fctzen sie bei der Suche nach \u00dcbereinkommen. W\u00e4hrend Mediation fr\u00fcher eine Dom\u00e4ne war, die ausschliesslich Diplomat:innen und UNO-Gesandten vorbehalten war, hat sich in den letzten zehn Jahren das Spektrum der Akteur:innen im Mediationsbereich erweitert und das Feld professionalisiert. Nehmen Sie am Kurs \u00abMediation &amp; Peacemaking\u00bb von swisspeace teil und gewinnen Sie wertvolle Einblicke in die komplexen Herausforderungen der Friedensmediation. Er findet vom 16. bis 18. Oktober 2024 im kHaus in Basel statt.<\/p>\n\n\n\n<p><\/p>\n","protected":false},"excerpt":{"rendered":"<p>Mediator:innen bringen Konfliktparteien an den Verhandlungstisch und unterst\u00fctzen sie bei der Suche nach \u00dcbereinkommen. W\u00e4hrend Mediation fr\u00fcher eine Dom\u00e4ne war, die ausschliesslich Diplomat:innen und UNO-Gesandten vorbehalten war, hat sich in den letzten zehn Jahren das Spektrum der Akteur:innen im Mediationsbereich erweitert und das Feld professionalisiert. Nehmen Sie am Kurs \u00abMediation &amp; Peacemaking\u00bb von swisspeace teil <a href=\"https:\/\/koff.swisspeace.ch\/apropos\/3842\/bewerben-sie-sich-fuer-den-mediation-peacemaking-kurs\/\" class=\"more-link\">&#8230;<span class=\"screen-reader-text\">  Bewerben Sie sich f\u00fcr den \u00abMediation &#038; Peacemaking\u00bb Kurs!<\/span><\/a><\/p>\n","protected":false},"author":3,"featured_media":3834,"comment_status":"closed","ping_status":"closed","sticky":false,"template":"","format":"standard","meta":{"advgb_blocks_editor_width":"","advgb_blocks_columns_visual_guide":""},"categories":[71],"tags":[],"issue":[283],"acf":[],"author_meta":{"display_name":"\u00e0 propos","author_link":"https:\/\/koff.swisspeace.ch\/apropos\/author\/apropos\/"},"featured_img":"https:\/\/koff.swisspeace.ch\/apropos\/wp-content\/uploads\/2024\/06\/NewsWB185-600x332.jpg","coauthors":[],"tax_additional":{"categories":{"linked":["<a href=\"https:\/\/koff.swisspeace.ch\/apropos\/category\/news-de\/\" class=\"advgb-post-tax-term\">Aktuell<\/a>"],"unlinked":["<span class=\"advgb-post-tax-term\">Aktuell<\/span>"]}},"comment_count":0,"relative_dates":{"created":"Posted 2 years ago","modified":"Updated 2 years ago"},"absolute_dates":{"created":"Posted on June 24, 2024","modified":"Updated on June 24, 2024"},"absolute_dates_time":{"created":"Posted on June 24, 2024 5:39 pm","modified":"Updated on June 24, 2024 5:39 pm"},"featured_img_caption":"","series_order":null,"_links":{"self":[{"href":"https:\/\/koff.swisspeace.ch\/apropos\/wp-json\/wp\/v2\/posts\/3842"}],"collection":[{"href":"https:\/\/koff.swisspeace.ch\/apropos\/wp-json\/wp\/v2\/posts"}],"about":[{"href":"https:\/\/koff.swisspeace.ch\/apropos\/wp-json\/wp\/v2\/types\/post"}],"author":[{"embeddable":true,"href":"https:\/\/koff.swisspeace.ch\/apropos\/wp-json\/wp\/v2\/users\/3"}],"replies":[{"embeddable":true,"href":"https:\/\/koff.swisspeace.ch\/apropos\/wp-json\/wp\/v2\/comments?post=3842"}],"version-history":[{"count":4,"href":"https:\/\/koff.swisspeace.ch\/apropos\/wp-json\/wp\/v2\/posts\/3842\/revisions"}],"predecessor-version":[{"id":3846,"href":"https:\/\/koff.swisspeace.ch\/apropos\/wp-json\/wp\/v2\/posts\/3842\/revisions\/3846"}],"wp:featuredmedia":[{"embeddable":true,"href":"https:\/\/koff.swisspeace.ch\/apropos\/wp-json\/wp\/v2\/media\/3834"}],"wp:attachment":[{"href":"https:\/\/koff.swisspeace.ch\/apropos\/wp-json\/wp\/v2\/media?parent=3842"}],"wp:term":[{"taxonomy":"category","embeddable":true,"href":"https:\/\/koff.swisspeace.ch\/apropos\/wp-json\/wp\/v2\/categories?post=3842"},{"taxonomy":"post_tag","embeddable":true,"href":"https:\/\/koff.swisspeace.ch\/apropos\/wp-json\/wp\/v2\/tags?post=3842"},{"taxonomy":"issue","embeddable":true,"href":"https:\/\/koff.swisspeace.ch\/apropos\/wp-json\/wp\/v2\/issue?post=3842"}],"curies":[{"name":"wp","href":"https:\/\/api.w.org\/{rel}","templated":true}]}}