{"id":3854,"date":"2024-06-24T17:39:32","date_gmt":"2024-06-24T17:39:32","guid":{"rendered":"https:\/\/koff.swisspeace.ch\/apropos\/?p=3854"},"modified":"2024-06-25T10:07:35","modified_gmt":"2024-06-25T10:07:35","slug":"peace-watch-schweiz-sucht-nach-freiwilligen-menschenrechtsbeobachterinnen","status":"publish","type":"post","link":"https:\/\/koff.swisspeace.ch\/apropos\/3854\/peace-watch-schweiz-sucht-nach-freiwilligen-menschenrechtsbeobachterinnen\/","title":{"rendered":"Peace Watch Schweiz sucht nach freiwilligen Menschenrechtsbeobachter:innen"},"content":{"rendered":"\n<p>Peace Watch Schweiz (PWS) setzt sich seit \u00fcber zwanzig Jahren f\u00fcr Menschenrechte und Friedensf\u00f6rderung ein. Wir bilden Freiwillige aus und entsenden sie als Menschenrechtsbeobachter:innen nach Honduras und Pal\u00e4stina\/Israel. Sie leisten Schutzbegleitung, dokumentieren Menschenrechtsverletzungen und machen die \u00d6ffentlichkeit darauf aufmerksam. Die Dauer des Einsatzes variiert je nach Kontext: 3 Monate in Pal\u00e4stina\/Israel, 6 Monate oder l\u00e4nger in Honduras.&nbsp;<\/p>\n\n\n\n<p>Haben wir Ihr Interesse geweckt? Wir freuen uns darauf, von Ihnen zu h\u00f6ren:<\/p>\n\n\n\n<p>F\u00fcr einen Freiwilligendienst in Pal\u00e4stina\/Israel: <a href=\"mailto:eappi@peacewatch.ch\" target=\"_blank\" rel=\"noreferrer noopener\">eappi@peacewatch.ch<\/a><\/p>\n\n\n\n<p>F\u00fcr einen Freiwilligendienst in Honduras: <a href=\"mailto:honduras@peacewatch.ch\" target=\"_blank\" rel=\"noreferrer noopener\">honduras@peacewatch.ch<\/a><\/p>\n","protected":false},"excerpt":{"rendered":"<p>Peace Watch Schweiz (PWS) setzt sich seit \u00fcber zwanzig Jahren f\u00fcr Menschenrechte und Friedensf\u00f6rderung ein. Wir bilden Freiwillige aus und entsenden sie als Menschenrechtsbeobachter:innen nach Honduras und Pal\u00e4stina\/Israel. Sie leisten Schutzbegleitung, dokumentieren Menschenrechtsverletzungen und machen die \u00d6ffentlichkeit darauf aufmerksam. Die Dauer des Einsatzes variiert je nach Kontext: 3 Monate in Pal\u00e4stina\/Israel, 6 Monate oder l\u00e4nger <a href=\"https:\/\/koff.swisspeace.ch\/apropos\/3854\/peace-watch-schweiz-sucht-nach-freiwilligen-menschenrechtsbeobachterinnen\/\" class=\"more-link\">&#8230;<span class=\"screen-reader-text\">  Peace Watch Schweiz sucht nach freiwilligen Menschenrechtsbeobachter:innen<\/span><\/a><\/p>\n","protected":false},"author":3,"featured_media":3978,"comment_status":"closed","ping_status":"closed","sticky":false,"template":"","format":"standard","meta":{"advgb_blocks_editor_width":"","advgb_blocks_columns_visual_guide":""},"categories":[71],"tags":[],"issue":[283],"acf":[],"author_meta":{"display_name":"\u00e0 propos","author_link":"https:\/\/koff.swisspeace.ch\/apropos\/author\/apropos\/"},"featured_img":"https:\/\/koff.swisspeace.ch\/apropos\/wp-content\/uploads\/2024\/06\/PBINews185-600x338.jpg","coauthors":[],"tax_additional":{"categories":{"linked":["<a href=\"https:\/\/koff.swisspeace.ch\/apropos\/category\/news-de\/\" class=\"advgb-post-tax-term\">Aktuell<\/a>"],"unlinked":["<span class=\"advgb-post-tax-term\">Aktuell<\/span>"]}},"comment_count":0,"relative_dates":{"created":"Posted 2 years ago","modified":"Updated 2 years ago"},"absolute_dates":{"created":"Posted on June 24, 2024","modified":"Updated on June 25, 2024"},"absolute_dates_time":{"created":"Posted on June 24, 2024 5:39 pm","modified":"Updated on June 25, 2024 10:07 am"},"featured_img_caption":"","series_order":null,"_links":{"self":[{"href":"https:\/\/koff.swisspeace.ch\/apropos\/wp-json\/wp\/v2\/posts\/3854"}],"collection":[{"href":"https:\/\/koff.swisspeace.ch\/apropos\/wp-json\/wp\/v2\/posts"}],"about":[{"href":"https:\/\/koff.swisspeace.ch\/apropos\/wp-json\/wp\/v2\/types\/post"}],"author":[{"embeddable":true,"href":"https:\/\/koff.swisspeace.ch\/apropos\/wp-json\/wp\/v2\/users\/3"}],"replies":[{"embeddable":true,"href":"https:\/\/koff.swisspeace.ch\/apropos\/wp-json\/wp\/v2\/comments?post=3854"}],"version-history":[{"count":9,"href":"https:\/\/koff.swisspeace.ch\/apropos\/wp-json\/wp\/v2\/posts\/3854\/revisions"}],"predecessor-version":[{"id":4174,"href":"https:\/\/koff.swisspeace.ch\/apropos\/wp-json\/wp\/v2\/posts\/3854\/revisions\/4174"}],"wp:featuredmedia":[{"embeddable":true,"href":"https:\/\/koff.swisspeace.ch\/apropos\/wp-json\/wp\/v2\/media\/3978"}],"wp:attachment":[{"href":"https:\/\/koff.swisspeace.ch\/apropos\/wp-json\/wp\/v2\/media?parent=3854"}],"wp:term":[{"taxonomy":"category","embeddable":true,"href":"https:\/\/koff.swisspeace.ch\/apropos\/wp-json\/wp\/v2\/categories?post=3854"},{"taxonomy":"post_tag","embeddable":true,"href":"https:\/\/koff.swisspeace.ch\/apropos\/wp-json\/wp\/v2\/tags?post=3854"},{"taxonomy":"issue","embeddable":true,"href":"https:\/\/koff.swisspeace.ch\/apropos\/wp-json\/wp\/v2\/issue?post=3854"}],"curies":[{"name":"wp","href":"https:\/\/api.w.org\/{rel}","templated":true}]}}