{"id":3856,"date":"2024-06-24T17:36:49","date_gmt":"2024-06-24T17:36:49","guid":{"rendered":"https:\/\/koff.swisspeace.ch\/apropos\/?p=3856"},"modified":"2024-06-25T08:19:50","modified_gmt":"2024-06-25T08:19:50","slug":"devenez-observateur%c2%b7rices-des-droits-humainspeace-watch-switzerland","status":"publish","type":"post","link":"https:\/\/koff.swisspeace.ch\/apropos\/3856\/devenez-observateur%c2%b7rices-des-droits-humainspeace-watch-switzerland\/","title":{"rendered":"Devenez observateur\u00b7rices des droits humainsPeace Watch Switzerland"},"content":{"rendered":"\n<p>Peace Watch Switzerland (PWS) s&#8217;engage depuis plus de 20 ans pour le respect des droits humains et la promotion de la paix. L\u2019organisation forme des volontaires et les envoie au Honduras et en Palestine\/Isra\u00ebl en tant qu&#8217;observateur\u00b7rices des droits humains. Ces derni\u00e8r\u00b7es assurent une fonction d\u2019accompagnement\/protection, documentent les violations des droits humains et les rendent publiques. La dur\u00e9e de la mission varie selon le contexte : 3 mois en Palestine\/Isra\u00ebl, 6 mois ou plus au Honduras.<\/p>\n\n\n\n<p>\u00c8tes-vous int\u00e9ress\u00e9\u00b7e? Contactez <a href=\"mailto:eappi@peacewatch.ch\">eappi@peacewatch.ch<\/a> pour un volontariat en Palestine\/Isra\u00ebl ou <a href=\"mailto:honduras@peacewatch.ch\">honduras@peacewatch.ch<\/a> pour un volontariat au Honduras. <\/p>\n\n\n\n<p><\/p>\n","protected":false},"excerpt":{"rendered":"<p>Peace Watch Switzerland (PWS) s&#8217;engage depuis plus de 20 ans pour le respect des droits humains et la promotion de la paix. L\u2019organisation forme des volontaires et les envoie au Honduras et en Palestine\/Isra\u00ebl en tant qu&#8217;observateur\u00b7rices des droits humains. Ces derni\u00e8r\u00b7es assurent une fonction d\u2019accompagnement\/protection, documentent les violations des droits humains et les rendent <a href=\"https:\/\/koff.swisspeace.ch\/apropos\/3856\/devenez-observateur%c2%b7rices-des-droits-humainspeace-watch-switzerland\/\" class=\"more-link\">&#8230;<span class=\"screen-reader-text\">  Devenez observateur\u00b7rices des droits humainsPeace Watch Switzerland<\/span><\/a><\/p>\n","protected":false},"author":3,"featured_media":3978,"comment_status":"closed","ping_status":"closed","sticky":false,"template":"","format":"standard","meta":{"advgb_blocks_editor_width":"","advgb_blocks_columns_visual_guide":""},"categories":[99],"tags":[],"issue":[285],"acf":[],"author_meta":{"display_name":"\u00e0 propos","author_link":"https:\/\/koff.swisspeace.ch\/apropos\/author\/apropos\/"},"featured_img":"https:\/\/koff.swisspeace.ch\/apropos\/wp-content\/uploads\/2024\/06\/PBINews185-600x338.jpg","coauthors":[],"tax_additional":{"categories":{"linked":["<a href=\"https:\/\/koff.swisspeace.ch\/apropos\/category\/news-fr\/\" class=\"advgb-post-tax-term\">Actualit\u00e9<\/a>"],"unlinked":["<span class=\"advgb-post-tax-term\">Actualit\u00e9<\/span>"]}},"comment_count":0,"relative_dates":{"created":"Posted 2 years ago","modified":"Updated 2 years ago"},"absolute_dates":{"created":"Posted on June 24, 2024","modified":"Updated on June 25, 2024"},"absolute_dates_time":{"created":"Posted on June 24, 2024 5:36 pm","modified":"Updated on June 25, 2024 8:19 am"},"featured_img_caption":"","series_order":null,"_links":{"self":[{"href":"https:\/\/koff.swisspeace.ch\/apropos\/wp-json\/wp\/v2\/posts\/3856"}],"collection":[{"href":"https:\/\/koff.swisspeace.ch\/apropos\/wp-json\/wp\/v2\/posts"}],"about":[{"href":"https:\/\/koff.swisspeace.ch\/apropos\/wp-json\/wp\/v2\/types\/post"}],"author":[{"embeddable":true,"href":"https:\/\/koff.swisspeace.ch\/apropos\/wp-json\/wp\/v2\/users\/3"}],"replies":[{"embeddable":true,"href":"https:\/\/koff.swisspeace.ch\/apropos\/wp-json\/wp\/v2\/comments?post=3856"}],"version-history":[{"count":6,"href":"https:\/\/koff.swisspeace.ch\/apropos\/wp-json\/wp\/v2\/posts\/3856\/revisions"}],"predecessor-version":[{"id":4172,"href":"https:\/\/koff.swisspeace.ch\/apropos\/wp-json\/wp\/v2\/posts\/3856\/revisions\/4172"}],"wp:featuredmedia":[{"embeddable":true,"href":"https:\/\/koff.swisspeace.ch\/apropos\/wp-json\/wp\/v2\/media\/3978"}],"wp:attachment":[{"href":"https:\/\/koff.swisspeace.ch\/apropos\/wp-json\/wp\/v2\/media?parent=3856"}],"wp:term":[{"taxonomy":"category","embeddable":true,"href":"https:\/\/koff.swisspeace.ch\/apropos\/wp-json\/wp\/v2\/categories?post=3856"},{"taxonomy":"post_tag","embeddable":true,"href":"https:\/\/koff.swisspeace.ch\/apropos\/wp-json\/wp\/v2\/tags?post=3856"},{"taxonomy":"issue","embeddable":true,"href":"https:\/\/koff.swisspeace.ch\/apropos\/wp-json\/wp\/v2\/issue?post=3856"}],"curies":[{"name":"wp","href":"https:\/\/api.w.org\/{rel}","templated":true}]}}