{"id":3864,"date":"2024-06-24T17:39:32","date_gmt":"2024-06-24T17:39:32","guid":{"rendered":"https:\/\/koff.swisspeace.ch\/apropos\/?p=3864"},"modified":"2024-06-25T06:06:44","modified_gmt":"2024-06-25T06:06:44","slug":"neue-publikation-un-resolution-1325-frauen-frieden-sicherheit","status":"publish","type":"post","link":"https:\/\/koff.swisspeace.ch\/apropos\/3864\/neue-publikation-un-resolution-1325-frauen-frieden-sicherheit\/","title":{"rendered":"Neue Publikation \u2013 UN-Resolution 1325 Frauen, Frieden, Sicherheit"},"content":{"rendered":"\n<p>In den letzten Monaten hat die Allianz \u00abFrauen, Frieden und Sicherheit\u00bb, bestehend aus KOFF\/swisspeace, der feministischen Friedensorganisation Frieda und FriedensFrauen Weltweit, intensiv an den zivilgesellschaftlichen Empfehlungen f\u00fcr den f\u00fcnften Schweizer Nationalen Aktionsplan (NAP) zur Implementierung der Frauen, Frieden und Sicherheits-Agenda (WPS-Agenda) gearbeitet. Zu diesem Zweck organisierten sie im Herbst 2023 zwei zivilgesellschaftliche Konsultationen, zu denen sie zahlreiche zivilgesellschaftliche Organisationen, Netzwerke, Aktivist:innen und Wissenschaftler:innen einluden, um sicherzustellen, dass ihre Erfahrungen und ihr Fachwissen in die Gestaltung des neuen NAP einflie\u00dfen. Der daraus resultierende Bericht basiert auf einem feministischen Verst\u00e4ndnis von Sicherheit und enth\u00e4lt die konsolidierten Empfehlungen und Vorschl\u00e4ge aus diesen Konsultationen im September und November 2023.<\/p>\n\n\n\n<p>Lesen Sie den Bericht hier auf <a href=\"https:\/\/koff.swisspeace.ch\/fileadmin\/user_upload\/EN_ONLINE_NAP_REPORT.pdf\">Englisch<\/a>, <a href=\"https:\/\/koff.swisspeace.ch\/fileadmin\/user_upload\/DE_ONLINE_NAP_Bericht.pdf\">Deutsch<\/a> oder <a href=\"https:\/\/koff.swisspeace.ch\/fileadmin\/user_upload\/FR_ONLINE_NAP_Bericht.pdf\">Franz\u00f6sisch<\/a>.<\/p>\n","protected":false},"excerpt":{"rendered":"<p>In den letzten Monaten hat die Allianz \u00abFrauen, Frieden und Sicherheit\u00bb, bestehend aus KOFF\/swisspeace, der feministischen Friedensorganisation Frieda und FriedensFrauen Weltweit, intensiv an den zivilgesellschaftlichen Empfehlungen f\u00fcr den f\u00fcnften Schweizer Nationalen Aktionsplan (NAP) zur Implementierung der Frauen, Frieden und Sicherheits-Agenda (WPS-Agenda) gearbeitet. Zu diesem Zweck organisierten sie im Herbst 2023 zwei zivilgesellschaftliche Konsultationen, zu denen <a href=\"https:\/\/koff.swisspeace.ch\/apropos\/3864\/neue-publikation-un-resolution-1325-frauen-frieden-sicherheit\/\" class=\"more-link\">&#8230;<span class=\"screen-reader-text\">  Neue Publikation \u2013 UN-Resolution 1325 Frauen, Frieden, Sicherheit<\/span><\/a><\/p>\n","protected":false},"author":3,"featured_media":3860,"comment_status":"closed","ping_status":"closed","sticky":false,"template":"","format":"standard","meta":{"advgb_blocks_editor_width":"","advgb_blocks_columns_visual_guide":""},"categories":[71],"tags":[],"issue":[283],"acf":[],"author_meta":{"display_name":"\u00e0 propos","author_link":"https:\/\/koff.swisspeace.ch\/apropos\/author\/apropos\/"},"featured_img":"https:\/\/koff.swisspeace.ch\/apropos\/wp-content\/uploads\/2024\/06\/NAP-report-600x332.png","coauthors":[],"tax_additional":{"categories":{"linked":["<a href=\"https:\/\/koff.swisspeace.ch\/apropos\/category\/news-de\/\" class=\"advgb-post-tax-term\">Aktuell<\/a>"],"unlinked":["<span class=\"advgb-post-tax-term\">Aktuell<\/span>"]}},"comment_count":0,"relative_dates":{"created":"Posted 2 years ago","modified":"Updated 2 years ago"},"absolute_dates":{"created":"Posted on June 24, 2024","modified":"Updated on June 25, 2024"},"absolute_dates_time":{"created":"Posted on June 24, 2024 5:39 pm","modified":"Updated on June 25, 2024 6:06 am"},"featured_img_caption":"","series_order":null,"_links":{"self":[{"href":"https:\/\/koff.swisspeace.ch\/apropos\/wp-json\/wp\/v2\/posts\/3864"}],"collection":[{"href":"https:\/\/koff.swisspeace.ch\/apropos\/wp-json\/wp\/v2\/posts"}],"about":[{"href":"https:\/\/koff.swisspeace.ch\/apropos\/wp-json\/wp\/v2\/types\/post"}],"author":[{"embeddable":true,"href":"https:\/\/koff.swisspeace.ch\/apropos\/wp-json\/wp\/v2\/users\/3"}],"replies":[{"embeddable":true,"href":"https:\/\/koff.swisspeace.ch\/apropos\/wp-json\/wp\/v2\/comments?post=3864"}],"version-history":[{"count":5,"href":"https:\/\/koff.swisspeace.ch\/apropos\/wp-json\/wp\/v2\/posts\/3864\/revisions"}],"predecessor-version":[{"id":4111,"href":"https:\/\/koff.swisspeace.ch\/apropos\/wp-json\/wp\/v2\/posts\/3864\/revisions\/4111"}],"wp:featuredmedia":[{"embeddable":true,"href":"https:\/\/koff.swisspeace.ch\/apropos\/wp-json\/wp\/v2\/media\/3860"}],"wp:attachment":[{"href":"https:\/\/koff.swisspeace.ch\/apropos\/wp-json\/wp\/v2\/media?parent=3864"}],"wp:term":[{"taxonomy":"category","embeddable":true,"href":"https:\/\/koff.swisspeace.ch\/apropos\/wp-json\/wp\/v2\/categories?post=3864"},{"taxonomy":"post_tag","embeddable":true,"href":"https:\/\/koff.swisspeace.ch\/apropos\/wp-json\/wp\/v2\/tags?post=3864"},{"taxonomy":"issue","embeddable":true,"href":"https:\/\/koff.swisspeace.ch\/apropos\/wp-json\/wp\/v2\/issue?post=3864"}],"curies":[{"name":"wp","href":"https:\/\/api.w.org\/{rel}","templated":true}]}}