{"id":3869,"date":"2024-06-24T17:36:49","date_gmt":"2024-06-24T17:36:49","guid":{"rendered":"https:\/\/koff.swisspeace.ch\/apropos\/?p=3869"},"modified":"2024-06-25T06:05:51","modified_gmt":"2024-06-25T06:05:51","slug":"publication-du-rapport-resolution-1325-de-lonu-sur-les-femmes-la-paix-et-la-securite","status":"publish","type":"post","link":"https:\/\/koff.swisspeace.ch\/apropos\/3869\/publication-du-rapport-resolution-1325-de-lonu-sur-les-femmes-la-paix-et-la-securite\/","title":{"rendered":"Publication du rapport \u00abR\u00e9solution 1325 de l\u2019ONU sur les femmes, la paix et la s\u00e9curit\u00e9\u00bb"},"content":{"rendered":"\n<p>l&#8217;\u00abAlliance pour les femmes, la paix et la s\u00e9curit\u00e9\u00bb compos\u00e9e de KOFF\/swisspeace, de Frieda &#8211; l&#8217;organisation f\u00e9ministe pour la paix et de PeaceWomen Across the Globe a travaill\u00e9 de fa\u00e7on intensive \u00e0 l&#8217;\u00e9laboration de recommandations pour le cinqui\u00e8me Plan d&#8217;action national (PAN) 1325 de la Suisse pour la mise en \u0153uvre de l&#8217;Agenda sur les femmes, la paix et la s\u00e9curit\u00e9 (Agenda WPS). Pour ce faire, elle a organis\u00e9 deux consultations de la soci\u00e9t\u00e9 civile \u00e0 l&#8217;automne 2023, auxquelles de nombreuses organisations de la soci\u00e9t\u00e9 civile, des r\u00e9seaux, des activistes et des universitaires ont particip\u00e9 afin de s&#8217;assurer que leurs exp\u00e9riences et leur savoir-faire soient pris en compte dans la conception du nouveau PAN. Le rapport qui en d\u00e9coule est bas\u00e9 sur une vision f\u00e9ministe de la s\u00e9curit\u00e9 et contient les recommandations et propositions consolid\u00e9es de ces consultations de septembre et novembre 2023.<\/p>\n\n\n\n<p>Lisez le rapport en <a href=\"https:\/\/koff.swisspeace.ch\/fileadmin\/user_upload\/FR_ONLINE_NAP_Bericht.pdf\">fran\u00e7ais<\/a>, <a href=\"https:\/\/koff.swisspeace.ch\/fileadmin\/user_upload\/EN_ONLINE_NAP_REPORT.pdf\">anglais<\/a> ou <a href=\"https:\/\/koff.swisspeace.ch\/fileadmin\/user_upload\/DE_ONLINE_NAP_Bericht.pdf\">allemand<\/a>.<\/p>\n","protected":false},"excerpt":{"rendered":"<p>l&#8217;\u00abAlliance pour les femmes, la paix et la s\u00e9curit\u00e9\u00bb compos\u00e9e de KOFF\/swisspeace, de Frieda &#8211; l&#8217;organisation f\u00e9ministe pour la paix et de PeaceWomen Across the Globe a travaill\u00e9 de fa\u00e7on intensive \u00e0 l&#8217;\u00e9laboration de recommandations pour le cinqui\u00e8me Plan d&#8217;action national (PAN) 1325 de la Suisse pour la mise en \u0153uvre de l&#8217;Agenda sur les <a href=\"https:\/\/koff.swisspeace.ch\/apropos\/3869\/publication-du-rapport-resolution-1325-de-lonu-sur-les-femmes-la-paix-et-la-securite\/\" class=\"more-link\">&#8230;<span class=\"screen-reader-text\">  Publication du rapport \u00abR\u00e9solution 1325 de l\u2019ONU sur les femmes, la paix et la s\u00e9curit\u00e9\u00bb<\/span><\/a><\/p>\n","protected":false},"author":3,"featured_media":3860,"comment_status":"closed","ping_status":"closed","sticky":false,"template":"","format":"standard","meta":{"advgb_blocks_editor_width":"","advgb_blocks_columns_visual_guide":""},"categories":[99],"tags":[],"issue":[285],"acf":[],"author_meta":{"display_name":"\u00e0 propos","author_link":"https:\/\/koff.swisspeace.ch\/apropos\/author\/apropos\/"},"featured_img":"https:\/\/koff.swisspeace.ch\/apropos\/wp-content\/uploads\/2024\/06\/NAP-report-600x332.png","coauthors":[],"tax_additional":{"categories":{"linked":["<a href=\"https:\/\/koff.swisspeace.ch\/apropos\/category\/news-fr\/\" class=\"advgb-post-tax-term\">Actualit\u00e9<\/a>"],"unlinked":["<span class=\"advgb-post-tax-term\">Actualit\u00e9<\/span>"]}},"comment_count":0,"relative_dates":{"created":"Posted 2 years ago","modified":"Updated 2 years ago"},"absolute_dates":{"created":"Posted on June 24, 2024","modified":"Updated on June 25, 2024"},"absolute_dates_time":{"created":"Posted on June 24, 2024 5:36 pm","modified":"Updated on June 25, 2024 6:05 am"},"featured_img_caption":"","series_order":null,"_links":{"self":[{"href":"https:\/\/koff.swisspeace.ch\/apropos\/wp-json\/wp\/v2\/posts\/3869"}],"collection":[{"href":"https:\/\/koff.swisspeace.ch\/apropos\/wp-json\/wp\/v2\/posts"}],"about":[{"href":"https:\/\/koff.swisspeace.ch\/apropos\/wp-json\/wp\/v2\/types\/post"}],"author":[{"embeddable":true,"href":"https:\/\/koff.swisspeace.ch\/apropos\/wp-json\/wp\/v2\/users\/3"}],"replies":[{"embeddable":true,"href":"https:\/\/koff.swisspeace.ch\/apropos\/wp-json\/wp\/v2\/comments?post=3869"}],"version-history":[{"count":7,"href":"https:\/\/koff.swisspeace.ch\/apropos\/wp-json\/wp\/v2\/posts\/3869\/revisions"}],"predecessor-version":[{"id":4109,"href":"https:\/\/koff.swisspeace.ch\/apropos\/wp-json\/wp\/v2\/posts\/3869\/revisions\/4109"}],"wp:featuredmedia":[{"embeddable":true,"href":"https:\/\/koff.swisspeace.ch\/apropos\/wp-json\/wp\/v2\/media\/3860"}],"wp:attachment":[{"href":"https:\/\/koff.swisspeace.ch\/apropos\/wp-json\/wp\/v2\/media?parent=3869"}],"wp:term":[{"taxonomy":"category","embeddable":true,"href":"https:\/\/koff.swisspeace.ch\/apropos\/wp-json\/wp\/v2\/categories?post=3869"},{"taxonomy":"post_tag","embeddable":true,"href":"https:\/\/koff.swisspeace.ch\/apropos\/wp-json\/wp\/v2\/tags?post=3869"},{"taxonomy":"issue","embeddable":true,"href":"https:\/\/koff.swisspeace.ch\/apropos\/wp-json\/wp\/v2\/issue?post=3869"}],"curies":[{"name":"wp","href":"https:\/\/api.w.org\/{rel}","templated":true}]}}