{"id":3887,"date":"2024-06-24T17:36:48","date_gmt":"2024-06-24T17:36:48","guid":{"rendered":"https:\/\/koff.swisspeace.ch\/apropos\/?p=3887"},"modified":"2024-06-25T06:44:40","modified_gmt":"2024-06-25T06:44:40","slug":"inclusion-des-jeunes-et-leur-reference-dans-les-accords-de-paix","status":"publish","type":"post","link":"https:\/\/koff.swisspeace.ch\/apropos\/3887\/inclusion-des-jeunes-et-leur-reference-dans-les-accords-de-paix\/","title":{"rendered":"Inclusion des jeunes et leur r\u00e9f\u00e9rence dans les accords de paix"},"content":{"rendered":"\n<p><strong>Dans le monde actuel, la population<sup>1<\/sup> jeune est la plus importante recens\u00e9e dans l\u2019histoire, repr\u00e9sentant 24% de la population mondiale. Pourtant, les jeunes sont souvent n\u00e9glig\u00e9s, bien qu\u2019ils subissent des cons\u00e9quences consid\u00e9rables des conflits arm\u00e9s. <\/strong><\/p>\n\n\n\n<p>Dans de nombreux pays affect\u00e9s par les conflits, les jeunes constituent la majorit\u00e9 de la population, les estimations sugg\u00e9rant que pr\u00e8s d&#8217;un jeune sur quatre est affect\u00e9 par les conflits arm\u00e9s d\u2019une mani\u00e8re ou d\u2019une autre.<sup>2<\/sup> Les r\u00e9percussions incluent un acc\u00e8s limit\u00e9 \u00e0 l\u2019\u00e9ducation, aux soins de sant\u00e9 et \u00e0 des moyens de subsistance s\u00e9curis\u00e9s, ainsi que la victimisation r\u00e9currente, la discrimination fond\u00e9e sur l\u2019identit\u00e9 et la marginalisation sociale et \u00e9conomique.<sup>3<\/sup> Il est donc imp\u00e9ratif pour les institutions et parties prenantes locales, nationales, r\u00e9gionales et internationales d&#8217;\u00e9laborer des strat\u00e9gies qui permettent d\u2019engager activement les jeunes dans les processus de paix et lors de p\u00e9riodes de transition pacifique.<\/p>\n\n\n\n<p>Un jalon important de l\u2019agenda Jeunesse, Paix et S\u00e9curit\u00e9 (JPS) a \u00e9t\u00e9 l\u2019adoption de la premi\u00e8re r\u00e9solution du Conseil de S\u00e9curit\u00e9 des Nations Unies (RCSNU 2250) en 2015. Cette derni\u00e8re a \u00e9tabli un cadre normatif \u00e0 l\u2019\u00e9chelle mondiale reconnaissant la contribution et le r\u00f4le essentiels des jeunes dans les processus de paix.<sup>4<\/sup> Elle met en avant l\u2019importance d\u2019inclure les jeunes dans les n\u00e9gociations et accords de paix, reconnaissant leur exclusion comme potentielle atteinte \u00e0 une paix durable.<sup>4<\/sup> Trois ans plus tard, une seconde r\u00e9solution a mis en \u00e9vidence le r\u00f4le constructif des jeunes dans la consolidation de la paix et la pr\u00e9vention des conflits. Elle a exhort\u00e9 toutes les parties prenantes \u00e0 prendre en compte leurs perspectives et \u00e0 garantir leur pleine participation aux processus de paix et de prise de d\u00e9cision \u00e0 tous les niveaux.<sup>5<\/sup><\/p>\n\n\n\n<p>En examinant l\u2019histoire des processus de paix,<sup>6<\/sup> on constate une focalisation notable sur des n\u00e9gociations impliquant typiquement les principaux acteurs et d\u00e9cisionnaires des contextes en conflit, marginalisant souvent des processus et accords plus inclusifs. En cons\u00e9quence, les jeunes sont rarement inclus en tant que partenaires actifs dans les n\u00e9gociations de paix mais souvent mentionn\u00e9s de mani\u00e8re marginale, voire pas du tout, dans les accords de paix. Les recherches indiquent que les jeunes sont mentionn\u00e9s dans seulement 12% des accords de paix conclus entre 1990 et 2022, avec une tendance \u00e0 la hausse depuis 2010.<sup>7<\/sup><\/p>\n\n\n\n<p><\/p>\n\n\n<div class=\"wp-block-image\">\n<figure class=\"alignright size-full\"><img decoding=\"async\" width=\"746\" height=\"398\" src=\"https:\/\/koff.swisspeace.ch\/apropos\/wp-content\/uploads\/2024\/06\/Picture1-1.png\" alt=\"\" class=\"wp-image-3890\" srcset=\"https:\/\/koff.swisspeace.ch\/apropos\/wp-content\/uploads\/2024\/06\/Picture1-1.png 746w, https:\/\/koff.swisspeace.ch\/apropos\/wp-content\/uploads\/2024\/06\/Picture1-1-600x320.png 600w\" sizes=\"(max-width: 746px) 100vw, 746px\" \/><\/figure><\/div>\n\n\n<p><\/p>\n\n\n\n<p><\/p>\n\n\n\n<p><\/p>\n\n\n\n<p><\/p>\n\n\n\n<p><em>Ozcelik &amp; Shaw (2023)<\/em><\/p>\n\n\n\n<p>Ces derni\u00e8res ann\u00e9es, les discussions sur l\u2019importance de l\u2019inclusion dans les processus de paix se sont intensifi\u00e9es, offrant plus d\u2019opportunit\u00e9s \u00e0 diff\u00e9rents segments de la soci\u00e9t\u00e9 de participer directement ou indirectement. La recherche soutient cette tendance, soulignant qu\u2019une participation plus importante am\u00e9liore la durabilit\u00e9 et le succ\u00e8s des efforts de paix.<sup>8<\/sup> Bien qu\u2019il y ait peu de recherches sur la nature sp\u00e9cifique, l\u2019impact et les r\u00e9sultats de l\u2019inclusion des jeunes dans les processus de paix, Ozcelik &amp; Shaw (2023) ont apport\u00e9 une contribution notable dans ce domaine. Leur \u00e9tude d\u00e9montre que l\u2019implication des jeunes dans les processus de n\u00e9gociation est positivement corr\u00e9l\u00e9e avec l\u2019obtention de r\u00e9sultats plus inclusifs des perspectives des jeunes. Ils constatent que cette inclusion conduit \u00e0 des accords qui tiennent compte des diverses pr\u00e9occupations des jeunes au lieu de se concentrer \u00e9troitement sur un seul de leurs probl\u00e8mes.<\/p>\n\n\n\n<p>Un exemple d\u2019implication positive est celui de la jeunesse y\u00e9m\u00e9nite et son r\u00f4le crucial lors de la Conf\u00e9rence de Dialogue National (CDN) en 2011 suite aux manifestations populaires. Un quota de 20% de jeunes a \u00e9t\u00e9 \u00e9tabli, ce qui a permis \u00e0 quarante jeunes ind\u00e9pendants et non affili\u00e9s politiquement d\u2019\u00eatre s\u00e9lectionn\u00e9s comme d\u00e9l\u00e9gu\u00e9s. Ces repr\u00e9sentant\u00b7es jeunes votaient souvent en bloc, alli\u00e9s aux femmes et aux groupes de la soci\u00e9t\u00e9 civile, influen\u00e7ant des d\u00e9cisions cl\u00e9s. Malgr\u00e9 des d\u00e9fis comme les accusations de cooptation, leur implication a \u00e9tabli de nouvelles normes pour l\u2019inclusion politique des jeunes. Ces jeunes leaders ont anim\u00e9 des groupes de travail techniques, plaid\u00e9 pour des r\u00e9formes de l\u2019emploi et de l\u2019\u00e9ducation, et abord\u00e9 des questions sensibles, impactant significativement le paysage politique du Y\u00e9men et d\u00e9montrant la valeur de la participation des jeunes dans les processus de paix.<sup>9<\/sup><\/p>\n\n\n\n<p><strong>Deux aspects importants ressortent de l\u2019analyse des mentions des jeunes dans les accords de paix :<\/strong><\/p>\n\n\n\n<p>Premi\u00e8rement, certaines r\u00e9f\u00e9rences sont purement rh\u00e9toriques et symboliques, regroupant souvent les jeunes avec d&#8217;autres cat\u00e9gories telles que les femmes, les personnes \u00e2g\u00e9es, les enfants ou les personnes en situation de handicap, sans directive substantielle. Deuxi\u00e8mement, les r\u00e9f\u00e9rences aux jeunes se concentrent principalement sur des sujets tels que la \u2039violence et la s\u00e9curit\u00e9\u203a ou \u2039le ch\u00f4mage\u203a ainsi que divers aspects de la promotion de la paix.<sup>10<\/sup> Les expert\u00b7es insistent sur l\u2019importance de ne pas confiner les \u2039questions de jeunesse\u203a \u00e0 des th\u00e8mes particuliers mais d\u2019\u00e9largir leur impact potentiel.<sup>11 <\/sup>En outre, les groupes de jeunes plaident pour la reconnaissance de leur r\u00f4le crucial \u00e0 travers divers niveaux et d\u00e9mographies soci\u00e9tales.<sup>12<\/sup><\/p>\n\n\n\n<p>Dans ce contexte, il est n\u00e9cessaire de repenser le r\u00f4le assign\u00e9 aux jeunes dans les processus de paix et de promouvoir des formes de participation diversifi\u00e9es. Les recommandations suivantes peuvent servir de base pour renforcer le r\u00f4le des jeunes dans les processus de paix, et seront compl\u00e9t\u00e9es par les r\u00e9flexions et recommandations des autres contributeur\u00b7rices de ce magazine: <\/p>\n\n\n\n<ul>\n<li><strong>Int\u00e9grer les jeunes de mani\u00e8re significative dans les processus de paix<\/strong> : Impliquer les jeunes dans un large \u00e9ventail de sujets pertinents au sein des processus de paix, et pas seulement ceux qui les concernent directement.<\/li>\n<\/ul>\n\n\n\n<ul>\n<li><strong>Promouvoir une repr\u00e9sentation positive des jeunes<\/strong> : Aller au-del\u00e0 du narratif dominant selon lequel les jeunes sont des fauteurs de troubles mais t\u00e2cher de les repr\u00e9senter de mani\u00e8re diversifi\u00e9e et constructive, en mettant en avant leur r\u00f4le de b\u00e2tisseurs de paix.<\/li>\n<\/ul>\n\n\n\n<ul>\n<li><strong>Cr\u00e9er des espaces inclusifs et participatifs <\/strong>: \u00c9tablir des espaces inclusifs et participatifs pour les jeunes dans le cadre des processus de paix. Les impliquer d\u00e8s le d\u00e9part dans la conception et la mise en \u0153uvre de ces processus, en incorporant des analyses contextuelles sensibles \u00e0 leurs exp\u00e9riences, pr\u00e9occupations et vuln\u00e9rabilit\u00e9s.<\/li>\n<\/ul>\n\n\n\n<ul>\n<li><strong>Mener des recherches cibl\u00e9es sur l\u2019inclusion des jeunes<\/strong> : Entreprendre des recherches cibl\u00e9es sur l\u2019inclusion des jeunes dans les processus de paix pour am\u00e9liorer la compr\u00e9hension des facteurs influen\u00e7ant les r\u00e9sultats et l\u2019efficacit\u00e9 des efforts de paix.<\/li>\n<\/ul>\n\n\n\n<p><\/p>\n\n\n\n<p><sup>[1]<\/sup> Selon l&#8217;ONU, le terme &#8220;jeunes&#8221; s&#8217;applique aux personnes de 18-29 ans. Notez cependant qu&#8217;il existe de multiples variations de la d\u00e9finition du terme aux niveaux national et international. (<a href=\"http:\/\/unscr.com\/en\/resolutions\/doc\/2250\">S\/RES\/2250 (2015)<\/a>).<\/p>\n\n\n\n<p><sup>[2]<\/sup> Hagerty, T. (2018). Data for Youth, Peace and Security: A summary of research findings from the Institute for Economics &amp; Peace. Sydney: Institute for Economics &amp; Peace; R\u00e9solution du Conseil de S\u00e9curit\u00e9 de l&#8217;ONU 2250 (2015). S\/RES\/2250 (2015): http:\/\/unscr.com\/en\/resolutions\/doc\/2250.<\/p>\n\n\n\n<p><sup>[3]<\/sup> The Missing Peace Progress Study, \u00a78, A\/72\/761, S\/2018\/86.<\/p>\n\n\n\n<p><sup>[4]<\/sup> R\u00e9solution du Conseil de S\u00e9curit\u00e9 de l&#8217;ONU 2250 (2015). S\/RES\/2250 (2015): http:\/\/unscr.com\/en\/resolutions\/doc\/2250.<\/p>\n\n\n\n<p><sup>[5]<\/sup> R\u00e9solution du Conseil de S\u00e9curit\u00e9 de l&#8217;ONU 2419 (2018). S\/RES\/2419 (2018): <a href=\"http:\/\/unscr.com\/en\/resolutions\/doc\/2419\">http:\/\/unscr.com\/en\/resolutions\/doc\/2419<\/a>.<\/p>\n\n\n\n<p><sup>[6]<\/sup> Comme par exemple les accords de Dayton en 1995, l&#8217;accord de Ta\u00ebf qui a mis fin \u00e0 la guerre civile libanaise en 1989 ou l&#8217;accord de paix global au Soudan en 2005.<\/p>\n\n\n\n<p><sup>[7]<\/sup> Ozcelik, A. &amp; Shawq, D. (2023). References to Youth in Peace Agreements, 1990-2022, University of Glasgow. L&#8217;ensemble de donn\u00e9es (YPAD) compile 208 accords de paix qui ont \u00e9t\u00e9 conclus au cours de la p\u00e9riode 1990-2022 et qui font express\u00e9ment r\u00e9f\u00e9rence \u00e0 la jeunesse, aux jeunes et \u00e0 des \u00e9l\u00e9ments similaires. Pour plus d&#8217;informations sur l&#8217;ensemble de donn\u00e9es, consultez Ozcelik &amp; Shaw (2023) (<a href=\"https:\/\/doi.org\/10.7910\/DVN\/TZZOEX\">https:\/\/doi.org\/10.7910\/DVN\/TZZOEX<\/a>).&nbsp;<\/p>\n\n\n\n<p><sup><sup>[8]<\/sup><\/sup> Voir par exemple Paffenholz, T. (2015). Broadening Participation in Political Negotiations and Implementation. Centre for Humanitarian Dialogue; l&#8217;analyse statistique r\u00e9alis\u00e9e par Nilsson en 2012 sur les accords de paix conclus entre 1989 et 2004 a d\u00e9montr\u00e9 que l&#8217;implication des acteurs de la soci\u00e9t\u00e9 civile r\u00e9duisait de 64 % le risque d&#8217;\u00e9chec d&#8217;un accord de paix ; voir Nilsson, D. (2012) Anchoring the Peace: Civil Society Actors in Peace Accords and Durable Peace. <em>International Interactions 38(2)<\/em>, 243-266.<\/p>\n\n\n\n<p><sup>[9]<\/sup> The Missing Peace Progress Study, A\/72\/761, S\/2018\/86.<\/p>\n\n\n\n<p><sup>[10]<\/sup> Ozcelik &amp; Shaw (2023), 14.<\/p>\n\n\n\n<p><sup>[11]<\/sup> The Missing Peace Progress Study, \u00a78, A\/72\/761, S\/2018\/86.<\/p>\n\n\n\n<p><sup>[12]<\/sup> D\u00e9claration d&#8217;un groupe de jeunes du Syrian Civil Society Support dans le cadre de la 6\u00e8me conf\u00e9rence de l&#8217;UE \u00e0 Bruxelles sur l&#8217;avenir de la Syrie et de la r\u00e9gion : <a rel=\"noreferrer noopener\" href=\"https:\/\/cssrweb.org\/en\/round\/side-events-brussels-3\/\" target=\"_blank\">https:\/\/cssrweb.org\/en\/round\/side-events-brussels-3\/<\/a>.<\/p>\n\n\n\n<p><\/p>\n\n\n\n<p><\/p>\n\n\n\n<p><\/p>\n\n\n\n<p><\/p>\n","protected":false},"excerpt":{"rendered":"<p>Dans le monde actuel, la population1 jeune est la plus importante recens\u00e9e dans l\u2019histoire, repr\u00e9sentant 24% de la population mondiale. Pourtant, les jeunes sont souvent n\u00e9glig\u00e9s, bien qu\u2019ils subissent des cons\u00e9quences consid\u00e9rables des conflits arm\u00e9s. Dans de nombreux pays affect\u00e9s par les conflits, les jeunes constituent la majorit\u00e9 de la population, les estimations sugg\u00e9rant que <a href=\"https:\/\/koff.swisspeace.ch\/apropos\/3887\/inclusion-des-jeunes-et-leur-reference-dans-les-accords-de-paix\/\" class=\"more-link\">&#8230;<span class=\"screen-reader-text\">  Inclusion des jeunes et leur r\u00e9f\u00e9rence dans les accords de paix<\/span><\/a><\/p>\n","protected":false},"author":3,"featured_media":3876,"comment_status":"closed","ping_status":"closed","sticky":false,"template":"","format":"standard","meta":{"advgb_blocks_editor_width":"","advgb_blocks_columns_visual_guide":""},"categories":[89],"tags":[],"issue":[285],"acf":[],"author_meta":{"display_name":"\u00e0 propos","author_link":"https:\/\/koff.swisspeace.ch\/apropos\/author\/apropos\/"},"featured_img":"https:\/\/koff.swisspeace.ch\/apropos\/wp-content\/uploads\/2024\/06\/bruno-guerrero-V5wNi8HdOQU-unsplash-600x332.jpg","coauthors":[],"tax_additional":{"categories":{"linked":["<a href=\"https:\/\/koff.swisspeace.ch\/apropos\/category\/focus-fr\/\" class=\"advgb-post-tax-term\">Point fort<\/a>"],"unlinked":["<span class=\"advgb-post-tax-term\">Point fort<\/span>"]}},"comment_count":0,"relative_dates":{"created":"Posted 2 years ago","modified":"Updated 2 years ago"},"absolute_dates":{"created":"Posted on June 24, 2024","modified":"Updated on June 25, 2024"},"absolute_dates_time":{"created":"Posted on June 24, 2024 5:36 pm","modified":"Updated on June 25, 2024 6:44 am"},"featured_img_caption":"","series_order":null,"_links":{"self":[{"href":"https:\/\/koff.swisspeace.ch\/apropos\/wp-json\/wp\/v2\/posts\/3887"}],"collection":[{"href":"https:\/\/koff.swisspeace.ch\/apropos\/wp-json\/wp\/v2\/posts"}],"about":[{"href":"https:\/\/koff.swisspeace.ch\/apropos\/wp-json\/wp\/v2\/types\/post"}],"author":[{"embeddable":true,"href":"https:\/\/koff.swisspeace.ch\/apropos\/wp-json\/wp\/v2\/users\/3"}],"replies":[{"embeddable":true,"href":"https:\/\/koff.swisspeace.ch\/apropos\/wp-json\/wp\/v2\/comments?post=3887"}],"version-history":[{"count":8,"href":"https:\/\/koff.swisspeace.ch\/apropos\/wp-json\/wp\/v2\/posts\/3887\/revisions"}],"predecessor-version":[{"id":4153,"href":"https:\/\/koff.swisspeace.ch\/apropos\/wp-json\/wp\/v2\/posts\/3887\/revisions\/4153"}],"wp:featuredmedia":[{"embeddable":true,"href":"https:\/\/koff.swisspeace.ch\/apropos\/wp-json\/wp\/v2\/media\/3876"}],"wp:attachment":[{"href":"https:\/\/koff.swisspeace.ch\/apropos\/wp-json\/wp\/v2\/media?parent=3887"}],"wp:term":[{"taxonomy":"category","embeddable":true,"href":"https:\/\/koff.swisspeace.ch\/apropos\/wp-json\/wp\/v2\/categories?post=3887"},{"taxonomy":"post_tag","embeddable":true,"href":"https:\/\/koff.swisspeace.ch\/apropos\/wp-json\/wp\/v2\/tags?post=3887"},{"taxonomy":"issue","embeddable":true,"href":"https:\/\/koff.swisspeace.ch\/apropos\/wp-json\/wp\/v2\/issue?post=3887"}],"curies":[{"name":"wp","href":"https:\/\/api.w.org\/{rel}","templated":true}]}}