{"id":3904,"date":"2024-06-24T17:39:31","date_gmt":"2024-06-24T17:39:31","guid":{"rendered":"https:\/\/koff.swisspeace.ch\/apropos\/?p=3904"},"modified":"2024-06-25T06:09:55","modified_gmt":"2024-06-25T06:09:55","slug":"warum-junge-menschen-so-wichtig-sind","status":"publish","type":"post","link":"https:\/\/koff.swisspeace.ch\/apropos\/3904\/warum-junge-menschen-so-wichtig-sind\/","title":{"rendered":"Warum junge Menschen so wichtig sind"},"content":{"rendered":"\n<div class=\"wp-block-advgb-images-slider advgb-images-slider-block advg-images-slider-c2e06f96-f80e-4300-bf3f-afd3631558a1\"><div class=\"advgb-images-slider\" dir=\"ltr\"><div class=\"advgb-image-slider-item\"><img decoding=\"async\" src=\"https:\/\/koff.swisspeace.ch\/apropos\/wp-content\/uploads\/2024\/06\/rutendo-petros-a91ndB-9hQQ-unsplash-1.jpg\" class=\"advgb-image-slider-img\" alt=\"\" style=\"width:100%;height:auto\"\/><div class=\"advgb-image-slider-item-info\" style=\"justify-content:flex-end;align-items:center\"><a class=\"advgb-image-slider-overlay\" target=\"_blank\" rel=\"noopener noreferrer\" href=\"#\" style=\"opacity:0.5\"><\/a><\/div><\/div><div class=\"advgb-image-slider-item\"><img decoding=\"async\" src=\"https:\/\/koff.swisspeace.ch\/apropos\/wp-content\/uploads\/2024\/06\/pwag185WB.png\" class=\"advgb-image-slider-img\" alt=\"\u00abWir m\u00fcssen am Leben bleiben, um diese Arbeit zu leisten\u00bb\" style=\"width:100%;height:auto\"\/><div class=\"advgb-image-slider-item-info\" style=\"justify-content:flex-end;align-items:center\"><a class=\"advgb-image-slider-overlay\" target=\"_blank\" rel=\"noopener noreferrer\" href=\"https:\/\/koff.swisspeace.ch\/apropos\/3737\/wir-muessen-am-leben-bleiben-um-diese-arbeit-zu-leisten\/\" style=\"opacity:0.5\"><\/a><h4 class=\"advgb-image-slider-title\">\u00abWir m\u00fcssen am Leben bleiben, um diese Arbeit zu leisten\u00bb<\/h4><\/div><\/div><div class=\"advgb-image-slider-item\"><img decoding=\"async\" src=\"https:\/\/koff.swisspeace.ch\/apropos\/wp-content\/uploads\/2024\/06\/CYH185wb.png\" class=\"advgb-image-slider-img\" alt=\"F\u00fcr eine Generation, die L\u00f6sungen f\u00fcr den Frieden schaffen kann\" style=\"width:100%;height:auto\"\/><div class=\"advgb-image-slider-item-info\" style=\"justify-content:flex-end;align-items:center\"><a class=\"advgb-image-slider-overlay\" target=\"_blank\" rel=\"noopener noreferrer\" href=\"https:\/\/koff.swisspeace.ch\/apropos\/3755\/fuer-eine-generation-die-loesungen-fuer-den-nachhaltigen-frieden-schaffen-kann\/\" style=\"opacity:0.5\"><\/a><h4 class=\"advgb-image-slider-title\">F\u00fcr eine Generation, die L\u00f6sungen f\u00fcr den Frieden schaffen kann<\/h4><\/div><\/div><div class=\"advgb-image-slider-item\"><img decoding=\"async\" src=\"https:\/\/koff.swisspeace.ch\/apropos\/wp-content\/uploads\/2024\/06\/KOFF185wb.jpg\" class=\"advgb-image-slider-img\" alt=\"Effektive Jugendbeteiligung \u2013 Ein Wunschdenken der UNO-Policy Ebene?\" style=\"width:100%;height:auto\"\/><div class=\"advgb-image-slider-item-info\" style=\"justify-content:flex-end;align-items:center\"><a class=\"advgb-image-slider-overlay\" target=\"_blank\" rel=\"noopener noreferrer\" href=\"https:\/\/koff.swisspeace.ch\/apropos\/3803\/effektive-jugendbeteiligung-ein-wunschdenken-der-uno-policy-ebene\/\" style=\"opacity:0.5\"><\/a><h4 class=\"advgb-image-slider-title\">Effektive Jugendbeteiligung \u2013 Ein Wunschdenken der UNO-Policy Ebene?<\/h4><\/div><\/div><div class=\"advgb-image-slider-item\"><img decoding=\"async\" src=\"https:\/\/koff.swisspeace.ch\/apropos\/wp-content\/uploads\/2024\/06\/tdh185WB-1.png\" class=\"advgb-image-slider-img\" alt=\"Odara Brazil \u2013 Eine Organisation bek\u00e4mpt die Diskriminierung von Jugendlichen und Rassismus\" style=\"width:100%;height:auto\"\/><div class=\"advgb-image-slider-item-info\" style=\"justify-content:flex-end;align-items:center\"><a class=\"advgb-image-slider-overlay\" target=\"_blank\" rel=\"noopener noreferrer\" href=\"https:\/\/koff.swisspeace.ch\/apropos\/3726\/odara-brazil-eine-organisation-bekaempt-die-diskriminierung-von-jugendlichen-und-rassismus\/\" style=\"opacity:0.5\"><\/a><h4 class=\"advgb-image-slider-title\">Odara Brazil \u2013 Eine Organisation bek\u00e4mpt die Diskriminierung von Jugendlichen und Rassismus<\/h4><\/div><\/div><\/div><\/div>\n\n\n\n<p>In den Bereichen Friedensf\u00f6rderung, Humanit\u00e4re Hilfe und Entwicklungszusammenarbeit wurden junge Menschen traditionell entweder als Opfer oder T\u00e4ter:innen in Konflikten oder lediglich als Projektziele und Beg\u00fcnstigte betrachtet. Das Bild der Jugend in Konfliktsituationen hat sich jedoch gewandelt und zur Formulierung der Agenda f\u00fcr Jugend, Frieden und Sicherheit (Youth, Peace, and Security Agenda, YPS) gef\u00fchrt (UNSCR 2250, 2015). Diese Agenda ist die erste der Vereinten Nationen, die Jugendliche als wichtige Akteur:innen f\u00fcr einen nachhaltigen Frieden anerkennt. Doch wie sieht dies in der Realit\u00e4t aus? Wie setzen sich junge Menschen tats\u00e4chlich zivilgesellschaftlich f\u00fcr den Frieden ein und werden in Entscheidungsprozesse auf lokaler, nationaler, regionaler und internationaler Ebene einbezogen? Was ist der Mehrwert eines solchen Engagements?<\/p>\n\n\n\n<p>In dieser neuen Ausgabe des \u00e0 propos gehen KOFF-Mitglieder der Frage nach, wie wichtig es ist, den Frieden durch das aktive Engagement junger Menschen zu f\u00f6rdern. Sie betonen das transformative Potenzial von jugendgeleiteten Initiativen und die Notwendigkeit, junge Stimmen in die Friedensf\u00f6rderung einzubeziehen. Durch die Auseinandersetzung mit praktischen Strategien und den Austausch von Erfolgsgeschichten und Herausforderungen will diese Ausgabe wertvolle Einblicke geben, wie das Engagement von Jugendlichen im Einklang mit der YPS-Agenda und dar\u00fcber hinaus wirksam gef\u00f6rdert werden kann.<\/p>\n\n\n\n<p>Ich w\u00fcnsche eine angeneheme Lekt\u00fcre.<\/p>\n\n\n\n<p>Redakteurin des <a rel=\"noreferrer noopener\" href=\"https:\/\/koff.swisspeace.ch\/\" target=\"_blank\">KOFF<\/a> Magazins, Sanjally Jobarteh<\/p>\n\n\n\n<p><\/p>\n","protected":false},"excerpt":{"rendered":"<p>In den Bereichen Friedensf\u00f6rderung, Humanit\u00e4re Hilfe und Entwicklungszusammenarbeit wurden junge Menschen traditionell entweder als Opfer oder T\u00e4ter:innen in Konflikten oder lediglich als Projektziele und Beg\u00fcnstigte betrachtet. Das Bild der Jugend in Konfliktsituationen hat sich jedoch gewandelt und zur Formulierung der Agenda f\u00fcr Jugend, Frieden und Sicherheit (Youth, Peace, and Security Agenda, YPS) gef\u00fchrt (UNSCR 2250, <a href=\"https:\/\/koff.swisspeace.ch\/apropos\/3904\/warum-junge-menschen-so-wichtig-sind\/\" class=\"more-link\">&#8230;<span class=\"screen-reader-text\">  Warum junge Menschen so wichtig sind<\/span><\/a><\/p>\n","protected":false},"author":3,"featured_media":0,"comment_status":"closed","ping_status":"closed","sticky":false,"template":"","format":"standard","meta":{"advgb_blocks_editor_width":"","advgb_blocks_columns_visual_guide":""},"categories":[26],"tags":[],"issue":[283],"acf":[],"author_meta":{"display_name":"\u00e0 propos","author_link":"https:\/\/koff.swisspeace.ch\/apropos\/author\/apropos\/"},"featured_img":null,"coauthors":[],"tax_additional":{"categories":{"linked":["<a href=\"https:\/\/koff.swisspeace.ch\/apropos\/category\/editorial-de\/\" class=\"advgb-post-tax-term\">Editorial<\/a>"],"unlinked":["<span class=\"advgb-post-tax-term\">Editorial<\/span>"]}},"comment_count":0,"relative_dates":{"created":"Posted 2 years ago","modified":"Updated 2 years ago"},"absolute_dates":{"created":"Posted on June 24, 2024","modified":"Updated on June 25, 2024"},"absolute_dates_time":{"created":"Posted on June 24, 2024 5:39 pm","modified":"Updated on June 25, 2024 6:09 am"},"featured_img_caption":"","series_order":null,"_links":{"self":[{"href":"https:\/\/koff.swisspeace.ch\/apropos\/wp-json\/wp\/v2\/posts\/3904"}],"collection":[{"href":"https:\/\/koff.swisspeace.ch\/apropos\/wp-json\/wp\/v2\/posts"}],"about":[{"href":"https:\/\/koff.swisspeace.ch\/apropos\/wp-json\/wp\/v2\/types\/post"}],"author":[{"embeddable":true,"href":"https:\/\/koff.swisspeace.ch\/apropos\/wp-json\/wp\/v2\/users\/3"}],"replies":[{"embeddable":true,"href":"https:\/\/koff.swisspeace.ch\/apropos\/wp-json\/wp\/v2\/comments?post=3904"}],"version-history":[{"count":12,"href":"https:\/\/koff.swisspeace.ch\/apropos\/wp-json\/wp\/v2\/posts\/3904\/revisions"}],"predecessor-version":[{"id":4168,"href":"https:\/\/koff.swisspeace.ch\/apropos\/wp-json\/wp\/v2\/posts\/3904\/revisions\/4168"}],"wp:attachment":[{"href":"https:\/\/koff.swisspeace.ch\/apropos\/wp-json\/wp\/v2\/media?parent=3904"}],"wp:term":[{"taxonomy":"category","embeddable":true,"href":"https:\/\/koff.swisspeace.ch\/apropos\/wp-json\/wp\/v2\/categories?post=3904"},{"taxonomy":"post_tag","embeddable":true,"href":"https:\/\/koff.swisspeace.ch\/apropos\/wp-json\/wp\/v2\/tags?post=3904"},{"taxonomy":"issue","embeddable":true,"href":"https:\/\/koff.swisspeace.ch\/apropos\/wp-json\/wp\/v2\/issue?post=3904"}],"curies":[{"name":"wp","href":"https:\/\/api.w.org\/{rel}","templated":true}]}}