{"id":3906,"date":"2024-06-24T17:36:48","date_gmt":"2024-06-24T17:36:48","guid":{"rendered":"https:\/\/koff.swisspeace.ch\/apropos\/?p=3906"},"modified":"2024-06-25T07:56:36","modified_gmt":"2024-06-25T07:56:36","slug":"pourquoi-les-jeunes-comptent","status":"publish","type":"post","link":"https:\/\/koff.swisspeace.ch\/apropos\/3906\/pourquoi-les-jeunes-comptent\/","title":{"rendered":"Pourquoi les jeunes comptent"},"content":{"rendered":"\n<div class=\"wp-block-advgb-images-slider advgb-images-slider-block advg-images-slider-b9412440-a93f-4602-8773-7349f7b8ea5d\"><div class=\"advgb-images-slider\" dir=\"ltr\"><div class=\"advgb-image-slider-item\"><img decoding=\"async\" src=\"https:\/\/koff.swisspeace.ch\/apropos\/wp-content\/uploads\/2024\/06\/rutendo-petros-a91ndB-9hQQ-unsplash-1.jpg\" class=\"advgb-image-slider-img\" alt=\"\" style=\"width:100%;height:auto\"\/><div class=\"advgb-image-slider-item-info\" style=\"justify-content:flex-end;align-items:center\"><a class=\"advgb-image-slider-overlay\" target=\"_blank\" rel=\"noopener noreferrer\" href=\"#\" style=\"opacity:0.5\"><\/a><\/div><\/div><div class=\"advgb-image-slider-item\"><img decoding=\"async\" src=\"https:\/\/koff.swisspeace.ch\/apropos\/wp-content\/uploads\/2024\/06\/pwag185WB.png\" class=\"advgb-image-slider-img\" alt=\"\u00ab Nous devons rester en vie pour faire ce travail \u00bb \" style=\"width:100%;height:auto\"\/><div class=\"advgb-image-slider-item-info\" style=\"justify-content:flex-end;align-items:center\"><a class=\"advgb-image-slider-overlay\" target=\"_blank\" rel=\"noopener noreferrer\" href=\"https:\/\/koff.swisspeace.ch\/apropos\/3740\/nous-devons-rester-en-vie-pour-faire-ce-travail\/\" style=\"opacity:0.5\"><\/a><h4 class=\"advgb-image-slider-title\">\u00ab Nous devons rester en vie pour faire ce travail \u00bb <\/h4><\/div><\/div><div class=\"advgb-image-slider-item\"><img decoding=\"async\" src=\"https:\/\/koff.swisspeace.ch\/apropos\/wp-content\/uploads\/2024\/06\/CYH185wb.png\" class=\"advgb-image-slider-img\" alt=\"Pour une g\u00e9n\u00e9ration capable de g\u00e9n\u00e9rer des solutions pour la paix\" style=\"width:100%;height:auto\"\/><div class=\"advgb-image-slider-item-info\" style=\"justify-content:flex-end;align-items:center\"><a class=\"advgb-image-slider-overlay\" target=\"_blank\" rel=\"noopener noreferrer\" href=\"https:\/\/koff.swisspeace.ch\/apropos\/3758\/pour-une-generation-capable-de-generer-des-solutions-durables-pour-la-paix\/\" style=\"opacity:0.5\"><\/a><h4 class=\"advgb-image-slider-title\">Pour une g\u00e9n\u00e9ration capable de g\u00e9n\u00e9rer des solutions pour la paix<\/h4><\/div><\/div><div class=\"advgb-image-slider-item\"><img decoding=\"async\" src=\"https:\/\/koff.swisspeace.ch\/apropos\/wp-content\/uploads\/2024\/06\/KOFF185wb.jpg\" class=\"advgb-image-slider-img\" alt=\"Participation significative de la jeunesse et agenda JPS \u2013 Une Chim\u00e8re?\" style=\"width:100%;height:auto\"\/><div class=\"advgb-image-slider-item-info\" style=\"justify-content:flex-end;align-items:center\"><a class=\"advgb-image-slider-overlay\" target=\"_blank\" rel=\"noopener noreferrer\" href=\"https:\/\/koff.swisspeace.ch\/apropos\/3806\/participation-significative-de-la-jeunesse-et-agenda-jps-une-chimere\/\" style=\"opacity:0.5\"><\/a><h4 class=\"advgb-image-slider-title\">Participation significative de la jeunesse et agenda JPS \u2013 Une Chim\u00e8re?<\/h4><\/div><\/div><div class=\"advgb-image-slider-item\"><img decoding=\"async\" src=\"https:\/\/koff.swisspeace.ch\/apropos\/wp-content\/uploads\/2024\/06\/tdh185WB-1.png\" class=\"advgb-image-slider-img\" alt=\"Odara Brazil \u2013 Lutte contre la discrimination raciale envers les jeunes\" style=\"width:100%;height:auto\"\/><div class=\"advgb-image-slider-item-info\" style=\"justify-content:flex-end;align-items:center\"><a class=\"advgb-image-slider-overlay\" target=\"_blank\" rel=\"noopener noreferrer\" href=\"https:\/\/koff.swisspeace.ch\/apropos\/3723\/odara-brazil-lutte-contre-la-discrimination-raciale-envers-les-jeunes\/\" style=\"opacity:0.5\"><\/a><h4 class=\"advgb-image-slider-title\">Odara Brazil \u2013 Lutte contre la discrimination raciale envers les jeunes<\/h4><\/div><\/div><\/div><\/div>\n\n\n\n<p>Dans les domaines de la consolidation de la paix, de l&#8217;aide humanitaire et du d\u00e9veloppement, les jeunes ont traditionnellement \u00e9t\u00e9 per\u00e7us comme des victimes, provocateurs de conflits, ou des b\u00e9n\u00e9ficiaires. Cependant, le discours autour des jeunes dans les contextes touch\u00e9s par les conflits a \u00e9volu\u00e9, conduisant \u00e0 l&#8217;\u00e9tablissement de l&#8217;Agenda pour la Jeunesse, la Paix et la S\u00e9curit\u00e9 ou JPS (r\u00e9solution 2250 du Conseil de s\u00e9curit\u00e9 des Nations Unies, 2015). Cet agenda est le premier des Nations Unies \u00e0 reconna\u00eetre les jeunes comme des acteurs essentiels \u00e0 la paix durable. Mais qu\u2019en est-il de son application ? Comment les jeunes s&#8217;engagent-ils concr\u00e8tement pour la paix et participent-ils r\u00e9ellement aux processus d\u00e9cisionnels aux niveaux local, national, r\u00e9gional et international ? Quelle est la valeur ajout\u00e9e d&#8217;un tel engagement ?<\/p>\n\n\n\n<p>Dans cette nouvelle \u00e9dition d&#8217;\u00e0 propos, les membres de KOFF explorent l&#8217;importance de l&#8217;implication active des jeunes pour la promotion de la paix. Ils\u00b7elles mettent en lumi\u00e8re le potentiel transformateur des initiatives des jeunes et la n\u00e9cessit\u00e9 d&#8217;int\u00e9grer leurs voix dans les efforts de consolidation de la paix. En apportant des r\u00e9flexions sur des strat\u00e9gies pratiques d&#8217;implication et en partageant des exemples de r\u00e9ussites et de d\u00e9fis, cette \u00e9dition fournit des perspectives sur la mani\u00e8re d&#8217;impliquer efficacement les jeunes \u00e0 la promotion de la paix, conform\u00e9ment aux principes de l&#8217;Agenda pour la JPS et au-del\u00e0.<\/p>\n\n\n\n<p>Je vous souhaite une agr\u00e9able lecture!<\/p>\n\n\n\n<p>Sanjally Jobarteh, \u00e9ditrice du magazine de <a rel=\"noreferrer noopener\" href=\"https:\/\/koff.swisspeace.ch\/\" target=\"_blank\">KOFF<\/a><\/p>\n","protected":false},"excerpt":{"rendered":"<p>Dans les domaines de la consolidation de la paix, de l&#8217;aide humanitaire et du d\u00e9veloppement, les jeunes ont traditionnellement \u00e9t\u00e9 per\u00e7us comme des victimes, provocateurs de conflits, ou des b\u00e9n\u00e9ficiaires. Cependant, le discours autour des jeunes dans les contextes touch\u00e9s par les conflits a \u00e9volu\u00e9, conduisant \u00e0 l&#8217;\u00e9tablissement de l&#8217;Agenda pour la Jeunesse, la Paix <a href=\"https:\/\/koff.swisspeace.ch\/apropos\/3906\/pourquoi-les-jeunes-comptent\/\" class=\"more-link\">&#8230;<span class=\"screen-reader-text\">  Pourquoi les jeunes comptent<\/span><\/a><\/p>\n","protected":false},"author":3,"featured_media":0,"comment_status":"closed","ping_status":"closed","sticky":false,"template":"","format":"standard","meta":{"advgb_blocks_editor_width":"","advgb_blocks_columns_visual_guide":""},"categories":[87],"tags":[],"issue":[285],"acf":[],"author_meta":{"display_name":"\u00e0 propos","author_link":"https:\/\/koff.swisspeace.ch\/apropos\/author\/apropos\/"},"featured_img":null,"coauthors":[],"tax_additional":{"categories":{"linked":["<a href=\"https:\/\/koff.swisspeace.ch\/apropos\/category\/editorial-fr\/\" class=\"advgb-post-tax-term\">\u00c9ditorial<\/a>"],"unlinked":["<span class=\"advgb-post-tax-term\">\u00c9ditorial<\/span>"]}},"comment_count":0,"relative_dates":{"created":"Posted 2 years ago","modified":"Updated 2 years ago"},"absolute_dates":{"created":"Posted on June 24, 2024","modified":"Updated on June 25, 2024"},"absolute_dates_time":{"created":"Posted on June 24, 2024 5:36 pm","modified":"Updated on June 25, 2024 7:56 am"},"featured_img_caption":"","series_order":null,"_links":{"self":[{"href":"https:\/\/koff.swisspeace.ch\/apropos\/wp-json\/wp\/v2\/posts\/3906"}],"collection":[{"href":"https:\/\/koff.swisspeace.ch\/apropos\/wp-json\/wp\/v2\/posts"}],"about":[{"href":"https:\/\/koff.swisspeace.ch\/apropos\/wp-json\/wp\/v2\/types\/post"}],"author":[{"embeddable":true,"href":"https:\/\/koff.swisspeace.ch\/apropos\/wp-json\/wp\/v2\/users\/3"}],"replies":[{"embeddable":true,"href":"https:\/\/koff.swisspeace.ch\/apropos\/wp-json\/wp\/v2\/comments?post=3906"}],"version-history":[{"count":14,"href":"https:\/\/koff.swisspeace.ch\/apropos\/wp-json\/wp\/v2\/posts\/3906\/revisions"}],"predecessor-version":[{"id":4169,"href":"https:\/\/koff.swisspeace.ch\/apropos\/wp-json\/wp\/v2\/posts\/3906\/revisions\/4169"}],"wp:attachment":[{"href":"https:\/\/koff.swisspeace.ch\/apropos\/wp-json\/wp\/v2\/media?parent=3906"}],"wp:term":[{"taxonomy":"category","embeddable":true,"href":"https:\/\/koff.swisspeace.ch\/apropos\/wp-json\/wp\/v2\/categories?post=3906"},{"taxonomy":"post_tag","embeddable":true,"href":"https:\/\/koff.swisspeace.ch\/apropos\/wp-json\/wp\/v2\/tags?post=3906"},{"taxonomy":"issue","embeddable":true,"href":"https:\/\/koff.swisspeace.ch\/apropos\/wp-json\/wp\/v2\/issue?post=3906"}],"curies":[{"name":"wp","href":"https:\/\/api.w.org\/{rel}","templated":true}]}}