{"id":3913,"date":"2024-06-24T17:39:31","date_gmt":"2024-06-24T17:39:31","guid":{"rendered":"https:\/\/koff.swisspeace.ch\/apropos\/?p=3913"},"modified":"2024-06-25T08:46:12","modified_gmt":"2024-06-25T08:46:12","slug":"jugendbeteiligung-und-ihr-bezug-zu-friedensabkommen","status":"publish","type":"post","link":"https:\/\/koff.swisspeace.ch\/apropos\/3913\/jugendbeteiligung-und-ihr-bezug-zu-friedensabkommen\/","title":{"rendered":"Jugendbeteiligung und ihr Bezug zu Friedensabkommen"},"content":{"rendered":"\n<p>Mit einem Anteil von 24 % an der Weltbev\u00f6lkerung ist der Anteil von Jugendlichen an der Bev\u00f6lkerung<sup>1<\/sup> heute so gro\u00df wie nie zuvor in der Geschichte, und dennoch werden sie oft nicht ber\u00fccksichtigt, obwohl sie weitreichende Folgen von bewaffneten Konflikten zu tragen haben.<\/p>\n\n\n\n<p>In vielen von Konflikten betroffenen L\u00e4ndern machen Jugendliche die Mehrheit der Bev\u00f6lkerung aus, und Sch\u00e4tzungen zufolge ist fast jede vierte junge Person in irgendeiner Form von bewaffneten Konflikten betroffen.<sup>2<\/sup> Zu den Folgen geh\u00f6ren ein erschwerter Zugang zu Bildung, Gesundheitsf\u00fcrsorge und einer gesicherten Lebensgrundlage sowie wiederholte Viktimisierung, identit\u00e4tsbedingte Diskriminierung und soziale und wirtschaftliche Marginalisierung.<sup>3<\/sup> Daher ist es f\u00fcr lokale, nationale, regionale und internationale Institutionen und Akteure unerl\u00e4sslich, Strategien zu entwickeln, die junge Menschen aktiv in Friedensprozesse und in Zeiten friedlicher \u00dcberg\u00e4nge einbinden.<\/p>\n\n\n\n<p>Ein wichtiger Meilenstein f\u00fcr die Agenda \u00abJugend, Frieden und Sicherheit\u00bb war die Annahme der ersten Resolution des Sicherheitsrats der Vereinten Nationen (UNSCR 2250) im Jahr 2015. Mit dieser Resolution wurde ein globaler normativer Rahmen geschaffen, der den wichtigen Beitrag und die Rolle junger Menschen in Friedensprozessen anerkennt. Sie unterstreicht die Bedeutung der Beteiligung junger Menschen in Friedensverhandlungen und -abkommen und erkennt an, dass ihr Ausschluss das Erreichen eines nachhaltigen Friedens behindern kann.<sup>4<\/sup> Drei Jahre sp\u00e4ter wurde in einer zweiten Resolution die konstruktive Rolle der Jugend bei der Friedenskonsolidierung und Konfliktpr\u00e4vention hervorgehoben. Sie forderte alle Beteiligten auf, ihre Perspektiven zu ber\u00fccksichtigen und ihre volle Beteiligung an Friedens- und Entscheidungsprozessen auf allen Ebenen sicherzustellen.<sup>5<\/sup><\/p>\n\n\n\n<p>Betrachtet man die Geschichte der Friedensprozesse,<sup>6<\/sup> so f\u00e4llt auf, dass der Schwerpunkt auf Verhandlungen liegt, an denen in der Regel die Hauptakteur:innen und Entscheidungstr\u00e4ger:innen aus dem Konfliktumfeld beteiligt sind, w\u00e4hrend inklusive Prozesse und Vereinbarungen oft in den Hintergrund treten. Folglich werden junge Menschen nur selten als aktive Partner:innen in Friedensverhandlungen einbezogen und in Friedensabkommen oft nur am Rande erw\u00e4hnt, wenn \u00fcberhaupt. Untersuchungen zeigen, dass Jugendliche nur in 12% der zwischen 1990 und 2022 geschlossenen Friedensabkommen erw\u00e4hnt werden, wobei seit 2010<sup>7<\/sup> ein steigender Trend zu beobachten ist.<\/p>\n\n\n<div class=\"wp-block-image\">\n<figure class=\"alignright size-full\"><img decoding=\"async\" width=\"746\" height=\"398\" src=\"https:\/\/koff.swisspeace.ch\/apropos\/wp-content\/uploads\/2024\/06\/Picture1-2.png\" alt=\"\" class=\"wp-image-3914\" srcset=\"https:\/\/koff.swisspeace.ch\/apropos\/wp-content\/uploads\/2024\/06\/Picture1-2.png 746w, https:\/\/koff.swisspeace.ch\/apropos\/wp-content\/uploads\/2024\/06\/Picture1-2-600x320.png 600w\" sizes=\"(max-width: 746px) 100vw, 746px\" \/><\/figure><\/div>\n\n\n<p><\/p>\n\n\n\n<p><\/p>\n\n\n\n<p><\/p>\n\n\n\n<p><\/p>\n\n\n\n<p>Ozcelik &amp; Shaw (2023)<\/p>\n\n\n\n<p>In den letzten Jahren hat die Diskussion \u00fcber die Bedeutung von Inklusion in Friedensprozessen zugenommen, indem verschiedenen Teilen der Gesellschaft mehr M\u00f6glichkeiten zur direkten oder indirekten Teilnahme geboten werden. Die Forschung unterst\u00fctzt diesen Trend und zeigt, wie eine breitere Beteiligung die Nachhaltigkeit und den Erfolg von Friedensbem\u00fchungen verbessert.<sup>8<\/sup> Es gibt zwar nur wenige Forschung zu der spezifischen Art, der Auswirkung und der Ergebnisse der Einbeziehung von Jugendlichen in Friedensprozesse, aber Ozcelik &amp; Shaw (2023) haben einen bemerkenswerten Beitrag zu diesem Thema geleistet. Ihre Studie zeigt, dass die Einbeziehung von Jugendlichen in Verhandlungsprozesse positiv mit dem Erreichen von Ergebnissen, die die Perspektive der Jugendlichen st\u00e4rker ber\u00fccksichtigen, korreliert. Sie stellen fest, dass eine solche Einbeziehung zu Vereinbarungen f\u00fchrt, die die Anliegen der Jugendlichen auf mehreren Ebenen ber\u00fccksichtigen, anstatt sich nur auf ein einziges Thema zu konzentrieren.<\/p>\n\n\n\n<p>Ein positives Beispiel f\u00fcr wirksame Inklusion ist die Jugend im Jemen und ihre zentrale Rolle bei der Nationalen Dialogkonferenz (NDC) im Jahr 2011 nach Protesten an der Basis. Es wurde eine Jugendquote von 20 % festgelegt, was dazu f\u00fchrte, dass vierzig unabh\u00e4ngige, politisch nicht gebundene Jugendliche als Delegierte ausgew\u00e4hlt wurden. Diese Jugendvertreter:innen stimmten oft als Block ab, verb\u00fcndeten sich mit Frauen- und anderen zivilgesellschaftlichen Gruppen und beeinflussten wichtige Entscheidungen. Trotz der Herausforderungen, wie dem Vorwurf der Vereinnahmung, setzte ihre Beteiligung neue Massst\u00e4be f\u00fcr die politische Einbeziehung von Jugendlichen. Jugendvertreter:innen leiteten fachliche Arbeitsgruppen, setzten sich f\u00fcr Besch\u00e4ftigungs- und Bildungsreformen ein und sprachen heikle Themen an, wodurch sie die politische Landschaft des Jemens ma\u00dfgeblich beeinflussten und den Wert der Beteiligung von Jugendlichen an Friedensprozessen demonstrierten (The Missing Peace Progress Study, A\/72\/761, S\/2018\/86).<\/p>\n\n\n\n<p>Bei der Analyse der Verweise auf Jugendliche in Friedensabkommen fallen zwei wichtige Aspekte auf: Erstens sind einige Erw\u00e4hnungen rein rhetorisch und symbolisch, wobei die Jugend oft mit anderen Kategorien wie Frauen, \u00e4lteren Menschen, Kindern oder Menschen mit Behinderungen in einen Topf geworfen wird und eine inhaltliche Ausrichtung fehlt. Zweitens wird die Jugend h\u00e4ufig im Zusammenhang mit Themen wie &#8220;Gewalt und Sicherheit&#8221; oder &#8220;Arbeitslosigkeit&#8221; sowie mit verschiedenen Aspekten der Friedensf\u00f6rderung erw\u00e4hnt.<sup>9<\/sup> Expert:innen betonen, wie wichtig es ist, &#8220;Jugendbelange&#8221; nicht auf bestimmte Themen zu beschr\u00e4nken, sondern ihre m\u00f6glichen Wirkungsbereiche zu erweitern.<sup>10 <\/sup>Dar\u00fcber hinaus setzen sich Jugendgruppen daf\u00fcr ein, dass ihre zentrale Rolle auf verschiedenen gesellschaftlichen Ebenen und in verschiedenen demografischen Gruppen anerkannt wird.<sup>11<\/sup><\/p>\n\n\n\n<p>Vor diesem Hintergrund bleibt es notwendig, die Rolle der Jugend in Friedensprozessen zu \u00fcberdenken und verschiedene Formen der Beteiligung zu f\u00f6rdern. Die folgenden Empfehlungen k\u00f6nnen als Ansatzpunkte zur St\u00e4rkung der Rolle von Jugendlichen in Friedensprozessen dienen, die durch weitere \u00dcberlegungen und Empfehlungen in diesem Magazin erg\u00e4nzt werden:<\/p>\n\n\n\n<ul>\n<li>Jugend umfassend in Friedensprozesse einbinden: Beteiligen Sie junge Menschen an einem breiten Spektrum relevanter Themen in Friedensprozessen, nicht nur an denen, die sie direkt betreffen.<\/li>\n\n\n\n<li>F\u00f6rderung einer positiven Wahrnehmung von Jugendlichen: \u00dcberwinden Sie das vorherrschende Bild von Jugendlichen als Unruhestifter:innen. Repr\u00e4sentieren Sie Jugendliche auf vielf\u00e4ltige und konstruktive Weise und betonen Sie ihre Rolle als Friedensschaffende.<\/li>\n\n\n\n<li>Inklusive und partizipative R\u00e4ume schaffen: Schaffen Sie inklusive und partizipative R\u00e4ume f\u00fcr Jugendliche in Friedensprozessen. Beziehen Sie Jugendlichen von Anfang an in die Gestaltung und Umsetzung dieser Prozesse ein und ber\u00fccksichtigen Sie dabei ihre Erfahrungen, Anliegen und Verletzlichkeiten in Kontextanalysen.<\/li>\n\n\n\n<li>Durchf\u00fchrung gezielter Forschung zur Inklusion von Jugendlichen: Gezielte Forschung zur Einbeziehung von Jugendlichen in Friedensprozesse, um das Verst\u00e4ndnis f\u00fcr die Komponenten zu verbessern, die die Ergebnisse und die Wirksamkeit von Friedensbestrebungen beeinflussen.<\/li>\n<\/ul>\n\n\n\n<p><\/p>\n\n\n\n<p><sup>[1]<\/sup> Die UNO definiert den Begriff \u00abJugend\u00bb als Personen im Alter von 18-29 Jahren. Bitte beachten Sie, dass es mehrere Varianten der Definition des Begriffs gibt, die auf nationaler und internationaler Ebene existieren (<a href=\"http:\/\/unscr.com\/en\/resolutions\/doc\/2250\">S\/RES\/2250 (2015)<\/a>).<\/p>\n\n\n\n<p><sup>[2]<\/sup> Hagerty, T. (2018). Data for Youth, Peace and Security: A summary of research findings from the Institute for Economics &amp; Peace. Sydney: Institute for Economics &amp; Peace; UN-Sicherheitsrat, Resolution 2250 (2015). S\/RES\/2250 (2015): <a rel=\"noreferrer noopener\" href=\"http:\/\/unscr.com\/en\/resolutions\/doc\/2250\" target=\"_blank\">http:\/\/unscr.com\/en\/resolutions\/doc\/2250<\/a>.<\/p>\n\n\n\n<p><sup>[3]<\/sup> Studie \u00abThe Missing Peace Progress\u00bb, \u00a78, A\/72\/761, S\/2018\/86.<\/p>\n\n\n\n<p><sup>[4]<\/sup> UN-Sicherheitsrat, Resolution 2250 (2015). S\/RES\/2250 (2015): <a rel=\"noreferrer noopener\" href=\"http:\/\/unscr.com\/en\/resolutions\/doc\/2250\" target=\"_blank\">http:\/\/unscr.com\/en\/resolutions\/doc\/2250<\/a>.<\/p>\n\n\n\n<p><sup>[5]<\/sup> UN Security Council, Resolution 2419 (2018). S\/RES\/2419 (2018): <a href=\"http:\/\/unscr.com\/en\/resolutions\/doc\/2419\">http:\/\/unscr.com\/en\/resolutions\/doc\/2419<\/a>.<\/p>\n\n\n\n<p><sup>[6]<\/sup> So zum Beispiel das Abkommen von Dayton im Jahr 1995, das Abkommen von Taif, das den libanesischen B\u00fcrgerkrieg 1989 beendete, oder das umfassende Friedensabkommen mit dem Sudan im Jahr 2005.<\/p>\n\n\n\n<p><sup>[7]<\/sup> Ozcelik, A. &amp; Shawq, D. (2023). References to Youth in Peace Agreements, 1990-2022, University of Glasgow. Der Datensatz (YPAD) umfasst 208 Friedensabkommen, die im Zeitraum von 1990 bis 2022 geschlossen wurden und einen ausdr\u00fccklichen textlichen Bezug zu Jugendlichen, jungen Menschen und \u00c4hnlichem aufweisen. F\u00fcr weitere Informationen \u00fcber den Datensatz siehe Ozcelik &amp; Shaw (2023) (<a href=\"https:\/\/doi.org\/10.7910\/DVN\/TZZOEX\">https:\/\/doi.org\/10.7910\/DVN\/TZZOEX<\/a>).\u00a0<\/p>\n\n\n\n<p><sup>[8]<\/sup> Siehe zum Beispiel Paffenholz, T. (2014). Broadening Participation in Political Negotiations and Implementation. Centre for Humanitarian Dialogue; Nilssons statistische Analyse der zwischen 1989 und 2004 geschlossenen Friedensabkommen aus dem Jahr 2012 ergab, dass die Einbeziehung zivilgesellschaftlicher Akteure das Risiko eines Scheiterns des Friedensabkommens um 64 % reduzierte; siehe Nilsson, D. (2012) Anchoring the Peace: Civil Society Actors in Peace Accords and Durable Peace. <em>International Interactions 38(2)<\/em>, 243-266.<\/p>\n\n\n\n<p><sup>[9]<\/sup> Ozcelik &amp; Shaw (2023), 14.<\/p>\n\n\n\n<p><sup>[10]<\/sup> Studie: The Missing Peace Progress, \u00a78, A\/72\/761, S\/2018\/86.<\/p>\n\n\n\n<p><sup><sup>[11]<\/sup><\/sup> Mitteilung einer Gruppe von Jugendlichen der Syrian Civil Society Support im Rahmen der 6. EU-Konferenz in Br\u00fcssel \u00fcber die Zukunft Syriens und der Region <a href=\"https:\/\/cssrweb.org\/en\/round\/side-events-brussels-3\/\">https:\/\/cssrweb.org\/en\/round\/side-events-brussels-3\/<\/a>.<\/p>\n\n\n\n<p><\/p>\n","protected":false},"excerpt":{"rendered":"<p>Mit einem Anteil von 24 % an der Weltbev\u00f6lkerung ist der Anteil von Jugendlichen an der Bev\u00f6lkerung1 heute so gro\u00df wie nie zuvor in der Geschichte, und dennoch werden sie oft nicht ber\u00fccksichtigt, obwohl sie weitreichende Folgen von bewaffneten Konflikten zu tragen haben. In vielen von Konflikten betroffenen L\u00e4ndern machen Jugendliche die Mehrheit der Bev\u00f6lkerung <a href=\"https:\/\/koff.swisspeace.ch\/apropos\/3913\/jugendbeteiligung-und-ihr-bezug-zu-friedensabkommen\/\" class=\"more-link\">&#8230;<span class=\"screen-reader-text\">  Jugendbeteiligung und ihr Bezug zu Friedensabkommen<\/span><\/a><\/p>\n","protected":false},"author":3,"featured_media":3876,"comment_status":"closed","ping_status":"closed","sticky":false,"template":"","format":"standard","meta":{"advgb_blocks_editor_width":"","advgb_blocks_columns_visual_guide":""},"categories":[91],"tags":[],"issue":[283],"acf":[],"author_meta":{"display_name":"\u00e0 propos","author_link":"https:\/\/koff.swisspeace.ch\/apropos\/author\/apropos\/"},"featured_img":"https:\/\/koff.swisspeace.ch\/apropos\/wp-content\/uploads\/2024\/06\/bruno-guerrero-V5wNi8HdOQU-unsplash-600x332.jpg","coauthors":[],"tax_additional":{"categories":{"linked":["<a href=\"https:\/\/koff.swisspeace.ch\/apropos\/category\/focus-de\/\" class=\"advgb-post-tax-term\">Schwerpunkt<\/a>"],"unlinked":["<span class=\"advgb-post-tax-term\">Schwerpunkt<\/span>"]}},"comment_count":0,"relative_dates":{"created":"Posted 2 years ago","modified":"Updated 2 years ago"},"absolute_dates":{"created":"Posted on June 24, 2024","modified":"Updated on June 25, 2024"},"absolute_dates_time":{"created":"Posted on June 24, 2024 5:39 pm","modified":"Updated on June 25, 2024 8:46 am"},"featured_img_caption":"","series_order":null,"_links":{"self":[{"href":"https:\/\/koff.swisspeace.ch\/apropos\/wp-json\/wp\/v2\/posts\/3913"}],"collection":[{"href":"https:\/\/koff.swisspeace.ch\/apropos\/wp-json\/wp\/v2\/posts"}],"about":[{"href":"https:\/\/koff.swisspeace.ch\/apropos\/wp-json\/wp\/v2\/types\/post"}],"author":[{"embeddable":true,"href":"https:\/\/koff.swisspeace.ch\/apropos\/wp-json\/wp\/v2\/users\/3"}],"replies":[{"embeddable":true,"href":"https:\/\/koff.swisspeace.ch\/apropos\/wp-json\/wp\/v2\/comments?post=3913"}],"version-history":[{"count":10,"href":"https:\/\/koff.swisspeace.ch\/apropos\/wp-json\/wp\/v2\/posts\/3913\/revisions"}],"predecessor-version":[{"id":4173,"href":"https:\/\/koff.swisspeace.ch\/apropos\/wp-json\/wp\/v2\/posts\/3913\/revisions\/4173"}],"wp:featuredmedia":[{"embeddable":true,"href":"https:\/\/koff.swisspeace.ch\/apropos\/wp-json\/wp\/v2\/media\/3876"}],"wp:attachment":[{"href":"https:\/\/koff.swisspeace.ch\/apropos\/wp-json\/wp\/v2\/media?parent=3913"}],"wp:term":[{"taxonomy":"category","embeddable":true,"href":"https:\/\/koff.swisspeace.ch\/apropos\/wp-json\/wp\/v2\/categories?post=3913"},{"taxonomy":"post_tag","embeddable":true,"href":"https:\/\/koff.swisspeace.ch\/apropos\/wp-json\/wp\/v2\/tags?post=3913"},{"taxonomy":"issue","embeddable":true,"href":"https:\/\/koff.swisspeace.ch\/apropos\/wp-json\/wp\/v2\/issue?post=3913"}],"curies":[{"name":"wp","href":"https:\/\/api.w.org\/{rel}","templated":true}]}}