{"id":3925,"date":"2024-06-24T17:39:31","date_gmt":"2024-06-24T17:39:31","guid":{"rendered":"https:\/\/koff.swisspeace.ch\/apropos\/?p=3925"},"modified":"2024-06-25T06:27:05","modified_gmt":"2024-06-25T06:27:05","slug":"frieden-ist-nicht-die-abwesenheit-von-konflikt","status":"publish","type":"post","link":"https:\/\/koff.swisspeace.ch\/apropos\/3925\/frieden-ist-nicht-die-abwesenheit-von-konflikt\/","title":{"rendered":"Frieden ist nicht die Abwesenheit von Konflikt"},"content":{"rendered":"\n<p><strong>Seit Kolumbien 2016 mit der Guerilla-Gruppe FARC ein Friedensabkommen schloss, hat sich in einigen Regionen viel getan; in anderen befinden sich die Bev\u00f6lkerung und insbesondere junge Menschen hingegen in Geiselhaft neuer Guerilla-Gruppen. SWISSAID setzt sich daf\u00fcr ein, dass Jugendliche ihr Recht auf Sicherheit und Bildung sowie Entscheidungs- und Bewegungsfreiheit aus\u00fcben k\u00f6nnen &#8211; eine wichtige Grundlage f\u00fcr echten Frieden.<\/strong><\/p>\n\n\n\n<p>Wenn man Yina begegnet, sticht ihre positive Energie und ihr Strohhut mit weiter Krempe, verziert mit einem Band aus leuchtenden Farben, welche die bunte, karibische Kultur im Departement Sucre in Kolumbien wiedergeben, hervor.<\/p>\n\n\n\n<p>Dieser erste Eindruck steht im Kontrast zu Yina\u2019s Geschichte: Heute lebt sie weit weg von Familie und Heimatdorf, weil sie dort um ihr Leben f\u00fcrchten musste. Wo sie aufgewachsen ist, erz\u00e4hlt sie nicht &#8211; zu viele Details preisgeben ist gef\u00e4hrlich. Ihr Heimatdorf wird, wie viele andere D\u00f6rfer, von einer Guerilla-Truppe drangsaliert. Die Bewohner:innen sind durch einen Ring aus Minen um das Dorf de facto eingeschlossen. Es gibt keine Arbeit und f\u00fcr Jugendliche keine Ausbildung. F\u00fcr M\u00e4dchen f\u00fchrt der Weg oft in die Zwangsprostitution, die Jungs werden von der Armee der Guerilla zwangsrekrutiert.<\/p>\n\n\n\n<p><strong>Jeden Tag ein Mord<\/strong><br>2016 schloss die Regierung Kolumbiens eine Friedensvereinbarung mit der Guerilla-Organisation FARC. Diese legte die Waffen nieder und wurde zur politischen Partei. Jedoch gelang es dem Staat nicht, das hieraus entstandene Machtvakuum zu f\u00fcllen. An die Stelle der FARC sind andere Guerilla- sowie paramilit\u00e4rische Gruppen und kriminelle Drogenbanden getreten. Die Zahl der Ermordungen hat wieder deutlich zugenommen. In der kleinen Stadt Morroa im Departement Sucre, die nur 30&#8217;000 Einwohner:innen hat, stirbt jeden Tag ein Mensch durch Gewalt. Junge Menschen, die die H\u00e4lfte aller Opfer ausmachen, sind besonders stark von dieser Gewalt betroffen.<\/p>\n\n\n\n<p><strong>Kind von SWISSAID<\/strong><br>Als 15-J\u00e4hrige floh Yina Ortega Benitez aus ihrem Heimatdorf, schlug sich als Reinigungskraft durch. Heute ist sie Sozialarbeiterin und Vertreterin der Jugendplattform \u00abAgenda Caribe. Paz con Juventud\u00bb (Agenda Caribe. Frieden mit der Jugend), die sich f\u00fcr eine St\u00e4rkung der Rechte der Jugendlichen und jungen Erwachsenen einsetzt. Die Jugendplattform wird von SWISSAID unterst\u00fctzt. Ihre Ziele: Bildung, Gleichberechtigung und politische Teilhabe, auch bei der Ausgestaltung des Friedensprozesses. Auch Yina konnte dank dieses Projekts eine Ausbildung machen und Arbeit finden. F\u00fcr die engagierten Jugendlichen der Plattform ist klar: \u00abFrieden ist nicht die Abwesenheit von bewaffnetem Konflikt \u2013 Frieden herrscht erst, wenn die Menschen wieder ein Recht auf Sicherheit, Bildung und Entscheidungs- und Bewegungsfreiheit haben.\u00bb<\/p>\n\n\n\n<p>Ein weiteres Ziel ist es, die Jugendlichen dabei zu unterst\u00fctzen ihre Traumata zu verarbeiten und eine neue Kultur des Friedens zu etablieren. \u00abHier ist die Kunst sehr hilfreich\u00bb, erkl\u00e4rt Yina.<\/p>\n\n\n\n<p>SWISSAID wird die Arbeit in Kolumbien fortsetzen, denn Frieden ist nur m\u00f6glich, wenn die Menschen vor Ort Perspektiven zur\u00fcckgewinnen.<\/p>\n","protected":false},"excerpt":{"rendered":"<p>Seit Kolumbien 2016 mit der Guerilla-Gruppe FARC ein Friedensabkommen schloss, hat sich in einigen Regionen viel getan; in anderen befinden sich die Bev\u00f6lkerung und insbesondere junge Menschen hingegen in Geiselhaft neuer Guerilla-Gruppen. SWISSAID setzt sich daf\u00fcr ein, dass Jugendliche ihr Recht auf Sicherheit und Bildung sowie Entscheidungs- und Bewegungsfreiheit aus\u00fcben k\u00f6nnen &#8211; eine wichtige Grundlage <a href=\"https:\/\/koff.swisspeace.ch\/apropos\/3925\/frieden-ist-nicht-die-abwesenheit-von-konflikt\/\" class=\"more-link\">&#8230;<span class=\"screen-reader-text\">  Frieden ist nicht die Abwesenheit von Konflikt<\/span><\/a><\/p>\n","protected":false},"author":3,"featured_media":3920,"comment_status":"closed","ping_status":"closed","sticky":false,"template":"","format":"standard","meta":{"advgb_blocks_editor_width":"","advgb_blocks_columns_visual_guide":""},"categories":[73],"tags":[],"issue":[283],"acf":[],"author_meta":{"display_name":"\u00e0 propos","author_link":"https:\/\/koff.swisspeace.ch\/apropos\/author\/apropos\/"},"featured_img":"https:\/\/koff.swisspeace.ch\/apropos\/wp-content\/uploads\/2024\/06\/swissaid185WB-600x332.png","coauthors":[],"tax_additional":{"categories":{"linked":["<a href=\"https:\/\/koff.swisspeace.ch\/apropos\/category\/reports-de\/\" class=\"advgb-post-tax-term\">Dossier<\/a>"],"unlinked":["<span class=\"advgb-post-tax-term\">Dossier<\/span>"]}},"comment_count":0,"relative_dates":{"created":"Posted 2 years ago","modified":"Updated 2 years ago"},"absolute_dates":{"created":"Posted on June 24, 2024","modified":"Updated on June 25, 2024"},"absolute_dates_time":{"created":"Posted on June 24, 2024 5:39 pm","modified":"Updated on June 25, 2024 6:27 am"},"featured_img_caption":"","series_order":null,"_links":{"self":[{"href":"https:\/\/koff.swisspeace.ch\/apropos\/wp-json\/wp\/v2\/posts\/3925"}],"collection":[{"href":"https:\/\/koff.swisspeace.ch\/apropos\/wp-json\/wp\/v2\/posts"}],"about":[{"href":"https:\/\/koff.swisspeace.ch\/apropos\/wp-json\/wp\/v2\/types\/post"}],"author":[{"embeddable":true,"href":"https:\/\/koff.swisspeace.ch\/apropos\/wp-json\/wp\/v2\/users\/3"}],"replies":[{"embeddable":true,"href":"https:\/\/koff.swisspeace.ch\/apropos\/wp-json\/wp\/v2\/comments?post=3925"}],"version-history":[{"count":5,"href":"https:\/\/koff.swisspeace.ch\/apropos\/wp-json\/wp\/v2\/posts\/3925\/revisions"}],"predecessor-version":[{"id":4120,"href":"https:\/\/koff.swisspeace.ch\/apropos\/wp-json\/wp\/v2\/posts\/3925\/revisions\/4120"}],"wp:featuredmedia":[{"embeddable":true,"href":"https:\/\/koff.swisspeace.ch\/apropos\/wp-json\/wp\/v2\/media\/3920"}],"wp:attachment":[{"href":"https:\/\/koff.swisspeace.ch\/apropos\/wp-json\/wp\/v2\/media?parent=3925"}],"wp:term":[{"taxonomy":"category","embeddable":true,"href":"https:\/\/koff.swisspeace.ch\/apropos\/wp-json\/wp\/v2\/categories?post=3925"},{"taxonomy":"post_tag","embeddable":true,"href":"https:\/\/koff.swisspeace.ch\/apropos\/wp-json\/wp\/v2\/tags?post=3925"},{"taxonomy":"issue","embeddable":true,"href":"https:\/\/koff.swisspeace.ch\/apropos\/wp-json\/wp\/v2\/issue?post=3925"}],"curies":[{"name":"wp","href":"https:\/\/api.w.org\/{rel}","templated":true}]}}