{"id":3946,"date":"2024-06-24T17:36:49","date_gmt":"2024-06-24T17:36:49","guid":{"rendered":"https:\/\/koff.swisspeace.ch\/apropos\/?p=3946"},"modified":"2024-06-25T06:52:31","modified_gmt":"2024-06-25T06:52:31","slug":"les-jeunes-des-acteurs-essentiels-de-la-promotion-de-la-paix","status":"publish","type":"post","link":"https:\/\/koff.swisspeace.ch\/apropos\/3946\/les-jeunes-des-acteurs-essentiels-de-la-promotion-de-la-paix\/","title":{"rendered":"Les jeunes, des acteurs essentiels de la promotion de la paix"},"content":{"rendered":"\n<p><strong>Les jeunes ont un point de vue unique sur les conflits, la violence et la paix. Leur donner la possibilit\u00e9 d\u2019influencer de mani\u00e8re significative les processus, politiques et pratiques et de prendre des mesures pour am\u00e9liorer le bien-\u00eatre de leurs communaut\u00e9s, permet de poser tr\u00e8s t\u00f4t des bases solides pour la d\u00e9mocratie. Cela les aide \u00e0 devenir des citoyen\u00b7nes responsables et \u00e0 cr\u00e9er une culture de la paix.<\/strong><\/p>\n\n\n\n<p>Le manuel de programmation de World Vision, <a href=\"https:\/\/www.wvi.org\/sites\/default\/files\/ECaP%20Guidelines%202011%20Final.pdf\" data-type=\"URL\" data-id=\"https:\/\/www.wvi.org\/sites\/default\/files\/ECaP%20Guidelines%202011%20Final.pdf\">\u00ab Empowering Children as Peacebuilders, EcaP \u00bb (Responsabiliser les enfants en tant qu\u2019acteurs de la paix, EcaP)<\/a>, permet au personnel de terrain de concevoir, de mettre en \u0153uvre et de suivre des programmes qui permettent aux jeunes de devenir des agents de la paix. Les \u00ab Peace Road \u00bb (Route de la paix), des feuilles de route sur l&#8217;\u00e9ducation \u00e0 la paix destin\u00e9e jeunes, fait partie de ce programme. Les jeunes participant\u00b7es sont form\u00e9\u00b7es et responsabilis\u00e9\u00b7es pour devenir des ambassadeur\u00b7rices de la paix et s\u2019impliquer sein de leur communaut\u00e9.<\/p>\n\n\n\n<p>Florence Mukholi, directrice de l\u2019\u00e9cole primaire Eliyes dans un camp de r\u00e9fugi\u00e9\u00b7es au Kenya, a supervis\u00e9 l\u2019un de ces clubs et d\u00e9crit son impact par ces mots: \u00ab Les membres du club de la paix d\u2019Eliyes ont renforc\u00e9 leur r\u00e9silience et leur participation, acquis des connaissances sur les questions de protection de l\u2019enfance et sont d\u00e9sormais capables de contribuer \u00e0 la paix au sein de l\u2019\u00e9cole, de leur foyer et de leur communaut\u00e9. Gr\u00e2ce \u00e0 des sessions sur la compr\u00e9hension de la paix et de la violence, nos croyances culturelles, la communication culturelle ou encore les r\u00f4les des hommes et des femmes dans la communaut\u00e9, les membres du club de la paix ont acquis des comp\u00e9tences et des connaissances qui les aident \u00e0 r\u00e9soudre les conflits qui affectent leur environnement. Ces connaissances les ont \u00e9galement aid\u00e9s \u00e0 cr\u00e9er une atmosph\u00e8re positive favorisant le maintien de la paix et une culture de r\u00e9conciliation et mettant l\u2019accent sur la pr\u00e9vention de la r\u00e9surgence des conflits. \u00bb<\/p>\n\n\n\n<p>Le programme \u00ab Peace Road \u00bb a consid\u00e9rablement favoris\u00e9 la paix, l\u2019unit\u00e9 et les relations saines au sein de l\u2019\u00e9cole. Le travail d\u2019\u00e9quipe s\u2019est am\u00e9lior\u00e9 et les \u00e9l\u00e8ves sont devenus plus respectueux et plus courageux lorsqu\u2019ils\u00b7elles expriment leurs id\u00e9es et leurs opinions. En outre, les participant\u00b7es ont appris \u00e0 contr\u00f4ler leurs \u00e9motions en cas de d\u00e9saccord et sont devenu\u00b7es plus conciliant\u00b7es, interagissant les un\u00b7es avec les autres malgr\u00e9 leur diversit\u00e9. En cons\u00e9quence, le nombre de bagarres \u00e0 l\u2019\u00e9cole a diminu\u00e9, tout comme les absences.<\/p>\n\n\n\n<p>George, 15&nbsp;ans, un jeune acteur de la paix de Kalobeyei Ward \u00e0 Turkana, au Kenya, raconte: \u00ab Quand j\u2019ai rejoint le club, cela m\u2019a aid\u00e9 \u00e0 comprendre l\u2019importance de la paix dans la communaut\u00e9. Cela m\u2019a encourag\u00e9 \u00e0 prendre confiance en moi, \u00e0 rester disciplin\u00e9 et \u00e0 \u00e9viter les comportements n\u00e9gatifs comme la drogue, l\u2019alcool et la violence. Je suis rest\u00e9 concentr\u00e9 et \u00e0 la fin, j\u2019en sors gagnant.\u00bb<\/p>\n\n\n\n<p>Une partie du travail de plaidoyer de World Vision consiste \u00e0 faire entendre la voix et le point de vue de ces jeunes au sein de forums internationaux. Nour, une jeune promotrice de la paix du Liban, a contribu\u00e9 au lancement des <a href=\"https:\/\/www.undp.org\/publications\/guiding-principles-young-peoples-participation-peacebuilding\">Principes directeurs sur la participation des jeunes \u00e0 la consolidation de la paix interinstitutions<\/a>. L\u2019organisation World Vision est une fervente partisane de la <a href=\"https:\/\/www.youth4peace.info\/UNSCR2250\/Introduction\">r\u00e9solution&nbsp;2250 du Conseil de s\u00e9curit\u00e9 de l\u2019ONU<\/a>, visant \u00e0 donner aux jeunes une plus grande voix dans la prise de d\u00e9cision aux niveaux local, national, r\u00e9gional et international et \u00e0 mettre en place des m\u00e9canismes leur permettant de participer de mani\u00e8re significative aux processus de paix.<\/p>\n","protected":false},"excerpt":{"rendered":"<p>Les jeunes ont un point de vue unique sur les conflits, la violence et la paix. Leur donner la possibilit\u00e9 d\u2019influencer de mani\u00e8re significative les processus, politiques et pratiques et de prendre des mesures pour am\u00e9liorer le bien-\u00eatre de leurs communaut\u00e9s, permet de poser tr\u00e8s t\u00f4t des bases solides pour la d\u00e9mocratie. Cela les aide <a href=\"https:\/\/koff.swisspeace.ch\/apropos\/3946\/les-jeunes-des-acteurs-essentiels-de-la-promotion-de-la-paix\/\" class=\"more-link\">&#8230;<span class=\"screen-reader-text\">  Les jeunes, des acteurs essentiels de la promotion de la paix<\/span><\/a><\/p>\n","protected":false},"author":3,"featured_media":3939,"comment_status":"closed","ping_status":"closed","sticky":false,"template":"","format":"standard","meta":{"advgb_blocks_editor_width":"","advgb_blocks_columns_visual_guide":""},"categories":[113],"tags":[],"issue":[285],"acf":[],"author_meta":{"display_name":"\u00e0 propos","author_link":"https:\/\/koff.swisspeace.ch\/apropos\/author\/apropos\/"},"featured_img":"https:\/\/koff.swisspeace.ch\/apropos\/wp-content\/uploads\/2024\/06\/Picture1-600x400.jpg","coauthors":[],"tax_additional":{"categories":{"linked":["<a href=\"https:\/\/koff.swisspeace.ch\/apropos\/category\/reports-fr\/\" class=\"advgb-post-tax-term\">Dossier<\/a>"],"unlinked":["<span class=\"advgb-post-tax-term\">Dossier<\/span>"]}},"comment_count":0,"relative_dates":{"created":"Posted 2 years ago","modified":"Updated 2 years ago"},"absolute_dates":{"created":"Posted on June 24, 2024","modified":"Updated on June 25, 2024"},"absolute_dates_time":{"created":"Posted on June 24, 2024 5:36 pm","modified":"Updated on June 25, 2024 6:52 am"},"featured_img_caption":"","series_order":null,"_links":{"self":[{"href":"https:\/\/koff.swisspeace.ch\/apropos\/wp-json\/wp\/v2\/posts\/3946"}],"collection":[{"href":"https:\/\/koff.swisspeace.ch\/apropos\/wp-json\/wp\/v2\/posts"}],"about":[{"href":"https:\/\/koff.swisspeace.ch\/apropos\/wp-json\/wp\/v2\/types\/post"}],"author":[{"embeddable":true,"href":"https:\/\/koff.swisspeace.ch\/apropos\/wp-json\/wp\/v2\/users\/3"}],"replies":[{"embeddable":true,"href":"https:\/\/koff.swisspeace.ch\/apropos\/wp-json\/wp\/v2\/comments?post=3946"}],"version-history":[{"count":9,"href":"https:\/\/koff.swisspeace.ch\/apropos\/wp-json\/wp\/v2\/posts\/3946\/revisions"}],"predecessor-version":[{"id":4166,"href":"https:\/\/koff.swisspeace.ch\/apropos\/wp-json\/wp\/v2\/posts\/3946\/revisions\/4166"}],"wp:featuredmedia":[{"embeddable":true,"href":"https:\/\/koff.swisspeace.ch\/apropos\/wp-json\/wp\/v2\/media\/3939"}],"wp:attachment":[{"href":"https:\/\/koff.swisspeace.ch\/apropos\/wp-json\/wp\/v2\/media?parent=3946"}],"wp:term":[{"taxonomy":"category","embeddable":true,"href":"https:\/\/koff.swisspeace.ch\/apropos\/wp-json\/wp\/v2\/categories?post=3946"},{"taxonomy":"post_tag","embeddable":true,"href":"https:\/\/koff.swisspeace.ch\/apropos\/wp-json\/wp\/v2\/tags?post=3946"},{"taxonomy":"issue","embeddable":true,"href":"https:\/\/koff.swisspeace.ch\/apropos\/wp-json\/wp\/v2\/issue?post=3946"}],"curies":[{"name":"wp","href":"https:\/\/api.w.org\/{rel}","templated":true}]}}