{"id":3952,"date":"2024-06-24T17:37:17","date_gmt":"2024-06-24T17:37:17","guid":{"rendered":"https:\/\/koff.swisspeace.ch\/apropos\/?p=3952"},"modified":"2024-09-03T13:33:06","modified_gmt":"2024-09-03T13:33:06","slug":"events-12","status":"publish","type":"post","link":"https:\/\/koff.swisspeace.ch\/apropos\/3952\/events-12\/","title":{"rendered":"Events"},"content":{"rendered":"\n<h2><strong>Ilanz Summer &#8211; &#8220;Sich f\u00fcr den Frieden St\u00e4rken<\/strong>&#8220;<\/h2>\n\n\n\n<p><strong>07-10 August 2024, in and around Ilanz (Surselva, Graub\u00fcnden)<\/strong><\/p>\n\n\n\n<p><strong>What does peace look like today? How is an opinion formed? How do I recognize fake news? How much courage does it take to express your opinion in your own neighborhood, at the local pub, in Iran, or as a woman in India? Should I stay silent for the sake of peace or even avoid those who think differently?<\/strong><strong><\/strong><\/p>\n\n\n\n<p>A three-day series of events hosted by the Forum for Peace Culture in Ilanz will explore these important questions through panel discussions, workshops, films, and reflections. The in-depth theme will focus on the many facets of the diversity of voices and the constitutionally guaranteed freedom of opinion. People of all generations are welcome. We seek dialogue, listen, dive in, and encounter fascinating personalities who will stimulate deeper engagement with their contributions. The spectrum and possibilities of a lived peace culture are remarkable; all participants will leave empowered to face current challenges.<\/p>\n\n\n\n<p>More information <a rel=\"noreferrer noopener\" href=\"http:\/\/More information :\" target=\"_blank\">here<\/a><\/p>\n","protected":false},"excerpt":{"rendered":"<p>Ilanz Summer &#8211; &#8220;Sich f\u00fcr den Frieden St\u00e4rken&#8220; 07-10 August 2024, in and around Ilanz (Surselva, Graub\u00fcnden) What does peace look like today? How is an opinion formed? How do I recognize fake news? How much courage does it take to express your opinion in your own neighborhood, at the local pub, in Iran, or <a href=\"https:\/\/koff.swisspeace.ch\/apropos\/3952\/events-12\/\" class=\"more-link\">&#8230;<span class=\"screen-reader-text\">  Events<\/span><\/a><\/p>\n","protected":false},"author":3,"featured_media":392,"comment_status":"closed","ping_status":"closed","sticky":false,"template":"","format":"standard","meta":{"advgb_blocks_editor_width":"","advgb_blocks_columns_visual_guide":""},"categories":[59],"tags":[],"issue":[281],"acf":[],"author_meta":{"display_name":"\u00e0 propos","author_link":"https:\/\/koff.swisspeace.ch\/apropos\/author\/apropos\/"},"featured_img":"https:\/\/koff.swisspeace.ch\/apropos\/wp-content\/uploads\/2023\/01\/Bildschirmfoto-2023-01-03-um-11.57.47-e1672743726765-300x200.png","coauthors":[],"tax_additional":{"categories":{"linked":["<a href=\"https:\/\/koff.swisspeace.ch\/apropos\/category\/calendar-en\/\" class=\"advgb-post-tax-term\">Calendar<\/a>"],"unlinked":["<span class=\"advgb-post-tax-term\">Calendar<\/span>"]}},"comment_count":0,"relative_dates":{"created":"Posted 2 years ago","modified":"Updated 2 years ago"},"absolute_dates":{"created":"Posted on June 24, 2024","modified":"Updated on September 3, 2024"},"absolute_dates_time":{"created":"Posted on June 24, 2024 5:37 pm","modified":"Updated on September 3, 2024 1:33 pm"},"featured_img_caption":"","series_order":null,"_links":{"self":[{"href":"https:\/\/koff.swisspeace.ch\/apropos\/wp-json\/wp\/v2\/posts\/3952"}],"collection":[{"href":"https:\/\/koff.swisspeace.ch\/apropos\/wp-json\/wp\/v2\/posts"}],"about":[{"href":"https:\/\/koff.swisspeace.ch\/apropos\/wp-json\/wp\/v2\/types\/post"}],"author":[{"embeddable":true,"href":"https:\/\/koff.swisspeace.ch\/apropos\/wp-json\/wp\/v2\/users\/3"}],"replies":[{"embeddable":true,"href":"https:\/\/koff.swisspeace.ch\/apropos\/wp-json\/wp\/v2\/comments?post=3952"}],"version-history":[{"count":3,"href":"https:\/\/koff.swisspeace.ch\/apropos\/wp-json\/wp\/v2\/posts\/3952\/revisions"}],"predecessor-version":[{"id":4324,"href":"https:\/\/koff.swisspeace.ch\/apropos\/wp-json\/wp\/v2\/posts\/3952\/revisions\/4324"}],"wp:featuredmedia":[{"embeddable":true,"href":"https:\/\/koff.swisspeace.ch\/apropos\/wp-json\/wp\/v2\/media\/392"}],"wp:attachment":[{"href":"https:\/\/koff.swisspeace.ch\/apropos\/wp-json\/wp\/v2\/media?parent=3952"}],"wp:term":[{"taxonomy":"category","embeddable":true,"href":"https:\/\/koff.swisspeace.ch\/apropos\/wp-json\/wp\/v2\/categories?post=3952"},{"taxonomy":"post_tag","embeddable":true,"href":"https:\/\/koff.swisspeace.ch\/apropos\/wp-json\/wp\/v2\/tags?post=3952"},{"taxonomy":"issue","embeddable":true,"href":"https:\/\/koff.swisspeace.ch\/apropos\/wp-json\/wp\/v2\/issue?post=3952"}],"curies":[{"name":"wp","href":"https:\/\/api.w.org\/{rel}","templated":true}]}}