{"id":3954,"date":"2024-06-24T17:39:32","date_gmt":"2024-06-24T17:39:32","guid":{"rendered":"https:\/\/koff.swisspeace.ch\/apropos\/?p=3954"},"modified":"2024-06-25T06:29:27","modified_gmt":"2024-06-25T06:29:27","slug":"events-13","status":"publish","type":"post","link":"https:\/\/koff.swisspeace.ch\/apropos\/3954\/events-13\/","title":{"rendered":"Events"},"content":{"rendered":"\n<p><\/p>\n\n\n\n<h2><strong>Ilanzer Sommer \u2013 \u00abSich f\u00fcr den Frieden st\u00e4rken\u00bb<\/strong><\/h2>\n\n\n\n<p><strong>7.-10. August 2024 in und um Ilanz<\/strong> (Surselva, Graub\u00fcden).<\/p>\n\n\n\n<p>Wie geht Frieden heute? Wie wird eine Meinung gebildet? Wie erkenne ich Fake News? Wie viel Mut braucht es, in der eigenen Nachbarschaft, am Stammtisch, im Iran oder als Frau in Indien seine Meinung zu \u00e4ussern? Sollte ich dem Frieden zuliebe schweigen oder Andersdenkenden gar aus dem Weg gehen?<\/p>\n\n\n\n<p>Mit einer dreit\u00e4gigen Veranstaltungsreihe des Forums f\u00fcr Friedenskultur in Ilanz wird diesen wichtigen Fragen in Podien, Workshops, Filmen und Gedankeng\u00e4ngen nachgegangen. Das Vertiefungsthema bilden die vielen Facetten der Stimmenvielfalt und die verfassungsm\u00e4ssig garantierte Meinungsfreiheit. Willkommen sind Menschen aller Generationen. Wir suchen den Dialog, h\u00f6ren zu, tauchen ein und treffen auf spannende Pers\u00f6nlichkeiten, die mit ihren Beitr\u00e4gen zur vertieften Auseinandersetzung anregen. Das Spektrum und die M\u00f6glichkeiten einer gelebten Friedenskultur sind bemerkenswert, alle Teilnehmerinnen und Teilnehmer werden gest\u00e4rkt f\u00fcr die aktuellen Herausforderungen weiterziehen. Beinvegni a tuts!<\/p>\n\n\n\n<p>Mehr Informationen <a href=\"http:\/\/www.ilanzersommer.ch\" target=\"_blank\" rel=\"noreferrer noopener\">hier<\/a>. <\/p>\n","protected":false},"excerpt":{"rendered":"<p>Ilanzer Sommer \u2013 \u00abSich f\u00fcr den Frieden st\u00e4rken\u00bb 7.-10. August 2024 in und um Ilanz (Surselva, Graub\u00fcden). Wie geht Frieden heute? Wie wird eine Meinung gebildet? Wie erkenne ich Fake News? Wie viel Mut braucht es, in der eigenen Nachbarschaft, am Stammtisch, im Iran oder als Frau in Indien seine Meinung zu \u00e4ussern? Sollte ich <a href=\"https:\/\/koff.swisspeace.ch\/apropos\/3954\/events-13\/\" class=\"more-link\">&#8230;<span class=\"screen-reader-text\">  Events<\/span><\/a><\/p>\n","protected":false},"author":3,"featured_media":392,"comment_status":"closed","ping_status":"closed","sticky":false,"template":"","format":"standard","meta":{"advgb_blocks_editor_width":"","advgb_blocks_columns_visual_guide":""},"categories":[93],"tags":[],"issue":[283],"acf":[],"author_meta":{"display_name":"\u00e0 propos","author_link":"https:\/\/koff.swisspeace.ch\/apropos\/author\/apropos\/"},"featured_img":"https:\/\/koff.swisspeace.ch\/apropos\/wp-content\/uploads\/2023\/01\/Bildschirmfoto-2023-01-03-um-11.57.47-e1672743726765-300x200.png","coauthors":[],"tax_additional":{"categories":{"linked":["<a href=\"https:\/\/koff.swisspeace.ch\/apropos\/category\/calendar-de\/\" class=\"advgb-post-tax-term\">Kalender<\/a>"],"unlinked":["<span class=\"advgb-post-tax-term\">Kalender<\/span>"]}},"comment_count":0,"relative_dates":{"created":"Posted 2 years ago","modified":"Updated 2 years ago"},"absolute_dates":{"created":"Posted on June 24, 2024","modified":"Updated on June 25, 2024"},"absolute_dates_time":{"created":"Posted on June 24, 2024 5:39 pm","modified":"Updated on June 25, 2024 6:29 am"},"featured_img_caption":"","series_order":null,"_links":{"self":[{"href":"https:\/\/koff.swisspeace.ch\/apropos\/wp-json\/wp\/v2\/posts\/3954"}],"collection":[{"href":"https:\/\/koff.swisspeace.ch\/apropos\/wp-json\/wp\/v2\/posts"}],"about":[{"href":"https:\/\/koff.swisspeace.ch\/apropos\/wp-json\/wp\/v2\/types\/post"}],"author":[{"embeddable":true,"href":"https:\/\/koff.swisspeace.ch\/apropos\/wp-json\/wp\/v2\/users\/3"}],"replies":[{"embeddable":true,"href":"https:\/\/koff.swisspeace.ch\/apropos\/wp-json\/wp\/v2\/comments?post=3954"}],"version-history":[{"count":5,"href":"https:\/\/koff.swisspeace.ch\/apropos\/wp-json\/wp\/v2\/posts\/3954\/revisions"}],"predecessor-version":[{"id":4124,"href":"https:\/\/koff.swisspeace.ch\/apropos\/wp-json\/wp\/v2\/posts\/3954\/revisions\/4124"}],"wp:featuredmedia":[{"embeddable":true,"href":"https:\/\/koff.swisspeace.ch\/apropos\/wp-json\/wp\/v2\/media\/392"}],"wp:attachment":[{"href":"https:\/\/koff.swisspeace.ch\/apropos\/wp-json\/wp\/v2\/media?parent=3954"}],"wp:term":[{"taxonomy":"category","embeddable":true,"href":"https:\/\/koff.swisspeace.ch\/apropos\/wp-json\/wp\/v2\/categories?post=3954"},{"taxonomy":"post_tag","embeddable":true,"href":"https:\/\/koff.swisspeace.ch\/apropos\/wp-json\/wp\/v2\/tags?post=3954"},{"taxonomy":"issue","embeddable":true,"href":"https:\/\/koff.swisspeace.ch\/apropos\/wp-json\/wp\/v2\/issue?post=3954"}],"curies":[{"name":"wp","href":"https:\/\/api.w.org\/{rel}","templated":true}]}}