{"id":3956,"date":"2024-06-24T17:36:49","date_gmt":"2024-06-24T17:36:49","guid":{"rendered":"https:\/\/koff.swisspeace.ch\/apropos\/?p=3956"},"modified":"2024-06-25T06:53:22","modified_gmt":"2024-06-25T06:53:22","slug":"evenements-7","status":"publish","type":"post","link":"https:\/\/koff.swisspeace.ch\/apropos\/3956\/evenements-7\/","title":{"rendered":"\u00c9v\u00e9nements"},"content":{"rendered":"\n<h2><strong>Ilanzer Sommer \u2013 <strong>\u00ab Sich f\u00fcr den Frieden st\u00e4rken<\/strong> \u00bb<\/strong><\/h2>\n\n\n\n<p><strong>7-10 ao\u00fbt 2024 \u00e0 Ilanz et ses alentours<\/strong> (Surselva, Grisons)<\/p>\n\n\n\n<p><strong>Qu&#8217;est-ce que la paix aujourd&#8217;hui ? Comment forme-t-on son opinion ? Comment reconna\u00eetre les fausses informations ? Quel courage faut-il pour exprimer son opinion dans son quartier, au bistrot, en tant que femme en Iran ou en Inde ? Devrais-je me taire pour le bien de la paix ou m\u00eame \u00e9viter celles et ceux qui pensent diff\u00e9remment ?<\/strong><\/p>\n\n\n\n<p>Une s\u00e9rie d&#8217;\u00e9v\u00e9nements de trois jours organis\u00e9e par le Forum f\u00fcr Friedenskultur \u00e0 Ilanz abordera ces questions importantes \u00e0 travers des tables rondes, des ateliers, des films et des r\u00e9flexions conjointes. Les th\u00e8mes sp\u00e9cifiques abord\u00e9s lors de l&#8217;\u00e9v\u00e9nement porteront sur les nombreuses la diversit\u00e9 des voix et la libert\u00e9 d&#8217;opinion garantie par la constitution. Nous encourrageons les personnes de toutes les g\u00e9n\u00e9rations \u00e0 participer \u00e0 cet \u00e9v\u00e9nement, qui offre un espace pour le dialogue, l\u2019\u00e9coute et les rencontres avec des personnalit\u00e9s fascinantes qui stimuleront une r\u00e9flexion approfondie. Le spectre et les possibilit\u00e9s d&#8217;une culture de paix v\u00e9cue sont remarquables; les participant\u00b7es repartiront renforc\u00e9\u00b7es pour relever les d\u00e9fis actuels.<\/p>\n\n\n\n<p>Plus d&#8217;informations <a href=\"http:\/\/www.ilanzersommer.ch\" target=\"_blank\" rel=\"noreferrer noopener\">ici<\/a>.<\/p>\n","protected":false},"excerpt":{"rendered":"<p>Ilanzer Sommer \u2013 \u00ab Sich f\u00fcr den Frieden st\u00e4rken \u00bb 7-10 ao\u00fbt 2024 \u00e0 Ilanz et ses alentours (Surselva, Grisons) Qu&#8217;est-ce que la paix aujourd&#8217;hui ? Comment forme-t-on son opinion ? Comment reconna\u00eetre les fausses informations ? Quel courage faut-il pour exprimer son opinion dans son quartier, au bistrot, en tant que femme en Iran <a href=\"https:\/\/koff.swisspeace.ch\/apropos\/3956\/evenements-7\/\" class=\"more-link\">&#8230;<span class=\"screen-reader-text\">  \u00c9v\u00e9nements<\/span><\/a><\/p>\n","protected":false},"author":3,"featured_media":392,"comment_status":"closed","ping_status":"closed","sticky":false,"template":"","format":"standard","meta":{"advgb_blocks_editor_width":"","advgb_blocks_columns_visual_guide":""},"categories":[97],"tags":[],"issue":[285],"acf":[],"author_meta":{"display_name":"\u00e0 propos","author_link":"https:\/\/koff.swisspeace.ch\/apropos\/author\/apropos\/"},"featured_img":"https:\/\/koff.swisspeace.ch\/apropos\/wp-content\/uploads\/2023\/01\/Bildschirmfoto-2023-01-03-um-11.57.47-e1672743726765-300x200.png","coauthors":[],"tax_additional":{"categories":{"linked":["<a href=\"https:\/\/koff.swisspeace.ch\/apropos\/category\/calendar-fr\/\" class=\"advgb-post-tax-term\">Calendrier<\/a>"],"unlinked":["<span class=\"advgb-post-tax-term\">Calendrier<\/span>"]}},"comment_count":0,"relative_dates":{"created":"Posted 2 years ago","modified":"Updated 2 years ago"},"absolute_dates":{"created":"Posted on June 24, 2024","modified":"Updated on June 25, 2024"},"absolute_dates_time":{"created":"Posted on June 24, 2024 5:36 pm","modified":"Updated on June 25, 2024 6:53 am"},"featured_img_caption":"","series_order":null,"_links":{"self":[{"href":"https:\/\/koff.swisspeace.ch\/apropos\/wp-json\/wp\/v2\/posts\/3956"}],"collection":[{"href":"https:\/\/koff.swisspeace.ch\/apropos\/wp-json\/wp\/v2\/posts"}],"about":[{"href":"https:\/\/koff.swisspeace.ch\/apropos\/wp-json\/wp\/v2\/types\/post"}],"author":[{"embeddable":true,"href":"https:\/\/koff.swisspeace.ch\/apropos\/wp-json\/wp\/v2\/users\/3"}],"replies":[{"embeddable":true,"href":"https:\/\/koff.swisspeace.ch\/apropos\/wp-json\/wp\/v2\/comments?post=3956"}],"version-history":[{"count":6,"href":"https:\/\/koff.swisspeace.ch\/apropos\/wp-json\/wp\/v2\/posts\/3956\/revisions"}],"predecessor-version":[{"id":4167,"href":"https:\/\/koff.swisspeace.ch\/apropos\/wp-json\/wp\/v2\/posts\/3956\/revisions\/4167"}],"wp:featuredmedia":[{"embeddable":true,"href":"https:\/\/koff.swisspeace.ch\/apropos\/wp-json\/wp\/v2\/media\/392"}],"wp:attachment":[{"href":"https:\/\/koff.swisspeace.ch\/apropos\/wp-json\/wp\/v2\/media?parent=3956"}],"wp:term":[{"taxonomy":"category","embeddable":true,"href":"https:\/\/koff.swisspeace.ch\/apropos\/wp-json\/wp\/v2\/categories?post=3956"},{"taxonomy":"post_tag","embeddable":true,"href":"https:\/\/koff.swisspeace.ch\/apropos\/wp-json\/wp\/v2\/tags?post=3956"},{"taxonomy":"issue","embeddable":true,"href":"https:\/\/koff.swisspeace.ch\/apropos\/wp-json\/wp\/v2\/issue?post=3956"}],"curies":[{"name":"wp","href":"https:\/\/api.w.org\/{rel}","templated":true}]}}