{"id":4211,"date":"2024-09-09T08:44:11","date_gmt":"2024-09-09T08:44:11","guid":{"rendered":"https:\/\/koff.swisspeace.ch\/apropos\/?p=4211"},"modified":"2024-09-09T08:44:11","modified_gmt":"2024-09-09T08:44:11","slug":"friedenskultur-unser-friedenspotential-entfalten","status":"publish","type":"post","link":"https:\/\/koff.swisspeace.ch\/apropos\/4211\/friedenskultur-unser-friedenspotential-entfalten\/","title":{"rendered":"Friedenskultur \u2013 unser Friedenspotential entfalten"},"content":{"rendered":"\n<p><strong>Das Forum f\u00fcr Friedenskultur verbindet Frieden und Kultur, geht jedoch \u00fcber eine blosse Addition hinaus. Der Begriff \u00abFriedenskultur\u00bb hat zwei Ebenen:<\/strong><\/p>\n\n\n\n<p><strong>Frieden und Kultur&nbsp;<\/strong><\/p>\n\n\n\n<p>Frieden ist das gemeinsame Ziel jeder Gesellschaft und Fundament aller weiteren Aktivit\u00e4ten. Deshalb ist die F\u00f6rderung von Frieden eine Aufgabe, f\u00fcr die wir alle gemeinsam verantwortlich sind. Jeder Bereich der Gesellschaft, jedes Departement und jeder Mensch ist gefragt, danach zu suchen, welchen Friedensbeitrag \u2013 sei es international, gesellschaftlich oder pers\u00f6nlich sie leisten k\u00f6nnen. Der Kultur- und Kreativsektor kann dabei besondere Impulse setzen, da er \u00fcber andere Perspektiven, Sprache und Ausdrucksformen verf\u00fcgt.<\/p>\n\n\n\n<p><strong>Frieden als Kultur&nbsp;<\/strong><\/p>\n\n\n\n<p>Unter \u00abFriedenskultur\u00bb verstehen wir auch das, was entsteht, wenn wir Frieden aktiv f\u00f6rdern und in unsere nationale Identit\u00e4t integrieren. Sie pr\u00e4gt unseren Alltag in Familie, Beruf und Politik und ist Teil unseres kulturellen Erbes. Wichtige Aspekte sind der Umgang mit Konflikten, die Sensibilisierung f\u00fcr Kriegslogiken, die F\u00f6rderung von Friedensvorbildern und die Arbeit an kollektiven Traumata.<\/p>\n\n\n\n<p><strong>Eine ganzheitliche Friedenswoche&nbsp;<\/strong><\/p>\n\n\n\n<p>Wie k\u00f6nnte eine gelebte Friedenskultur in der Schweiz aussehen? Diese Frage thematisiert die Friedenswoche \u00ab<a href=\"http:\/\/www.ilanzersommer.ch\/\">Ilanzer Sommer<\/a>\u00bb. Sie bietet den Raum, sich den gro\u00dfen Friedensfragen zu widmen \u2013 vom politischen Frieden bis zum inneren Frieden. Ziel ist es, Bewusstsein f\u00fcr Defizite im Bereich des Friedens zu schaffen und die Friedenspotenziale als Gesellschaft und Einzelpersonen zu entfalten. Der Ilanzer Sommer ermutigt zu kleinen, aber umsetzbaren Schritten, um uns nicht von den globalen Herausforderungen erdr\u00fccken zu lassen. Denn was Frieden besonders n\u00e4hrt, ist das Gef\u00fchl der Selbstwirksamkeit.<\/p>\n\n\n\n<p><strong>Von Millionen unterzeichnet&nbsp;<\/strong><\/p>\n\n\n\n<p>Unsere Arbeit orientiert sich an der UNESCO-Pr\u00e4ambel: \u00abDa Kriege im Geist der Menschen entstehen, muss auch der Frieden im Geist der Menschen verankert werden.\u00bb Man k\u00f6nnte hinzuf\u00fcgen: \u00abim Geist, K\u00f6rper und Nervensystem\u00bb. Daher bietet der Ilanzer Sommer neben Referaten auch Wanderungen, Kino, Musik, Literatur und Yoga. Unsere Vision von Friedenskultur basiert auch auf dem \u00abManifesto 2000\u00bb, das 2000 im Rahmen des UNESCO-Jahrs zur Friedenskultur von Friedensnobelpreistr\u00e4ger:innen initiiert und von 75 Millionen Menschen unterzeichnet wurde. Darin heisst es: \u00abIch verpflichte mich, in meinem t\u00e4glichen Leben, in meiner Familie, meiner Arbeit, meiner Gemeinschaft, meinem Land und meiner Region, aktiv Gewaltlosigkeit zu praktizieren und Gewalt in all ihren Formen abzulehnen.\u00bb<\/p>\n\n\n\n<p><strong>Friedenskultur als Weg<\/strong>&nbsp;<\/p>\n\n\n\n<p>Ein so umfassender Frieden ist eine grosse Vision. Friedenskultur ist der Weg dorthin, die Suche nach Frieden. Sie ist die Unbequeme, die auch die Dilemmata von Krieg und Frieden betont. Sie ist die H\u00fcterin, die aufmerksam bleibt und Widerstand leistet, wenn einzelne Akteure Frieden zu instrumentalisieren versuchen. Sie ist die Mutige, die die schwierige Position der Vermittlerin einnimmt, die oft von beiden Seiten unter Beschuss steht.<\/p>\n","protected":false},"excerpt":{"rendered":"<p>Das Forum f\u00fcr Friedenskultur verbindet Frieden und Kultur, geht jedoch \u00fcber eine blosse Addition hinaus. Der Begriff \u00abFriedenskultur\u00bb hat zwei Ebenen: Frieden und Kultur&nbsp; Frieden ist das gemeinsame Ziel jeder Gesellschaft und Fundament aller weiteren Aktivit\u00e4ten. Deshalb ist die F\u00f6rderung von Frieden eine Aufgabe, f\u00fcr die wir alle gemeinsam verantwortlich sind. Jeder Bereich der Gesellschaft, <a href=\"https:\/\/koff.swisspeace.ch\/apropos\/4211\/friedenskultur-unser-friedenspotential-entfalten\/\" class=\"more-link\">&#8230;<span class=\"screen-reader-text\">  Friedenskultur \u2013 unser Friedenspotential entfalten<\/span><\/a><\/p>\n","protected":false},"author":3,"featured_media":4385,"comment_status":"closed","ping_status":"closed","sticky":false,"template":"","format":"standard","meta":{"advgb_blocks_editor_width":"","advgb_blocks_columns_visual_guide":""},"categories":[73],"tags":[],"issue":[304],"acf":[],"author_meta":{"display_name":"\u00e0 propos","author_link":"https:\/\/koff.swisspeace.ch\/apropos\/author\/apropos\/"},"featured_img":"https:\/\/koff.swisspeace.ch\/apropos\/wp-content\/uploads\/2024\/09\/\u00a9\ufe0fMariaTkachuk-IlSo24-2-600x356.png","coauthors":[],"tax_additional":{"categories":{"linked":["<a href=\"https:\/\/koff.swisspeace.ch\/apropos\/category\/reports-de\/\" class=\"advgb-post-tax-term\">Dossier<\/a>"],"unlinked":["<span class=\"advgb-post-tax-term\">Dossier<\/span>"]}},"comment_count":0,"relative_dates":{"created":"Posted 2 years ago","modified":"Updated 2 years ago"},"absolute_dates":{"created":"Posted on September 9, 2024","modified":"Updated on September 9, 2024"},"absolute_dates_time":{"created":"Posted on September 9, 2024 8:44 am","modified":"Updated on September 9, 2024 8:44 am"},"featured_img_caption":"","series_order":null,"_links":{"self":[{"href":"https:\/\/koff.swisspeace.ch\/apropos\/wp-json\/wp\/v2\/posts\/4211"}],"collection":[{"href":"https:\/\/koff.swisspeace.ch\/apropos\/wp-json\/wp\/v2\/posts"}],"about":[{"href":"https:\/\/koff.swisspeace.ch\/apropos\/wp-json\/wp\/v2\/types\/post"}],"author":[{"embeddable":true,"href":"https:\/\/koff.swisspeace.ch\/apropos\/wp-json\/wp\/v2\/users\/3"}],"replies":[{"embeddable":true,"href":"https:\/\/koff.swisspeace.ch\/apropos\/wp-json\/wp\/v2\/comments?post=4211"}],"version-history":[{"count":4,"href":"https:\/\/koff.swisspeace.ch\/apropos\/wp-json\/wp\/v2\/posts\/4211\/revisions"}],"predecessor-version":[{"id":4414,"href":"https:\/\/koff.swisspeace.ch\/apropos\/wp-json\/wp\/v2\/posts\/4211\/revisions\/4414"}],"wp:featuredmedia":[{"embeddable":true,"href":"https:\/\/koff.swisspeace.ch\/apropos\/wp-json\/wp\/v2\/media\/4385"}],"wp:attachment":[{"href":"https:\/\/koff.swisspeace.ch\/apropos\/wp-json\/wp\/v2\/media?parent=4211"}],"wp:term":[{"taxonomy":"category","embeddable":true,"href":"https:\/\/koff.swisspeace.ch\/apropos\/wp-json\/wp\/v2\/categories?post=4211"},{"taxonomy":"post_tag","embeddable":true,"href":"https:\/\/koff.swisspeace.ch\/apropos\/wp-json\/wp\/v2\/tags?post=4211"},{"taxonomy":"issue","embeddable":true,"href":"https:\/\/koff.swisspeace.ch\/apropos\/wp-json\/wp\/v2\/issue?post=4211"}],"curies":[{"name":"wp","href":"https:\/\/api.w.org\/{rel}","templated":true}]}}