{"id":4214,"date":"2024-09-09T08:38:47","date_gmt":"2024-09-09T08:38:47","guid":{"rendered":"https:\/\/koff.swisspeace.ch\/apropos\/?p=4214"},"modified":"2024-09-09T08:38:47","modified_gmt":"2024-09-09T08:38:47","slug":"culture-de-paix-decupler-notre-potentiel","status":"publish","type":"post","link":"https:\/\/koff.swisspeace.ch\/apropos\/4214\/culture-de-paix-decupler-notre-potentiel\/","title":{"rendered":"Culture de paix \u2013 D\u00e9cupler notre potentiel"},"content":{"rendered":"\n<p>Le Forum f\u00fcr Friedenskultur \u00e9tablit un lien entre la paix et la culture, mais va au-del\u00e0 d&#8217;une simple juxtaposition. Le terme \u00ab culture de paix \u00bb comporte deux principaux aspects:<\/p>\n\n\n\n<p><strong>Paix et culture<\/strong><br>La paix est un objectif commun pour toute soci\u00e9t\u00e9 et le fondement de toutes autre activit\u00e9. C&#8217;est pourquoi la promotion de la paix est une t\u00e2che dont nous sommes tous et toutes responsables collectivement. Chaque domaine de la soci\u00e9t\u00e9, d\u00e9partement et individu est invit\u00e9 \u00e0 chercher quelle contribution \u00e0 la paix \u2014 que ce soit au niveau international, soci\u00e9tal ou personnel \u2014 il\u00b7elle peut apporter. Le secteur culturel et cr\u00e9atif, avec ses perspectives, langages et formes d&#8217;expression diff\u00e9rents, peut apporter une dynamique particuli\u00e8rement int\u00e9ressante \u00e0 ce processus.<\/p>\n\n\n\n<p><strong>La paix comme culture<\/strong><br>Par \u00ab culture de paix \u00bb, nous entendons ce qui \u00e9merge lorsque nous favorisons la paix de fa\u00e7on active et l&#8217;int\u00e9grons \u00e0 notre identit\u00e9 nationale. Elle fa\u00e7onne notre quotidien en famille, au travail et en politique, et fait partie de notre patrimoine culturel. La gestion des conflits, la sensibilisation aux logiques de guerre, la promotion des mod\u00e8les de paix et le travail sur les traumatismes collectifs en sont des aspects importants.<\/p>\n\n\n\n<p><strong>Une semaine d\u00e9di\u00e9e \u00e0 la paix holistique<\/strong><br>\u00c0 quoi pourrait ressembler une culture de paix v\u00e9cue en Suisse ? C\u2019est sur cette question que se penchent les participant\u00b7es de la Semaine de la Paix \u00ab Ilanzer Sommer \u00bb. Cet \u00e9v\u00e9nement offre un espace pour r\u00e9fl\u00e9chir aux grandes questions sur la paix \u2014 de la paix politique \u00e0 la paix int\u00e9rieure. L&#8217;objectif est de sensibiliser aux d\u00e9ficits du domaine de la paix et de d\u00e9velopper son potentiel en tant que soci\u00e9t\u00e9 et individu. L&#8217;Ilanzer Sommer encourage des actions modestes mais r\u00e9alisables, afin de ne pas se laisser submerger par les d\u00e9fis mondiaux. Car ce qui nourrit particuli\u00e8rement la paix, c&#8217;est le sentiment d\u2019efficacit\u00e9 personnelle.<\/p>\n\n\n\n<p><strong>Sign\u00e9 par des millions<\/strong><br>Notre travail s&#8217;appuie sur le pr\u00e9ambule de l&#8217;UNESCO : \u00ab Les guerres prenant naissance dans l&#8217;esprit des hommes, c&#8217;est dans l&#8217;esprit des hommes que doivent \u00eatre \u00e9lev\u00e9es les d\u00e9fenses de la paix. \u00bb On pourrait y ajouter : \u00ab dans l&#8217;esprit, le corps et le syst\u00e8me nerveux \u00bb. C&#8217;est pourquoi l&#8217;Ilanzer Sommer propose, en plus des conf\u00e9rences, des randonn\u00e9es, du cin\u00e9ma, de la musique, de la litt\u00e9rature et du yoga. Notre vision de la culture de paix s\u2019inspire \u00e9galement du \u00ab Manifeste 2000 \u00bb initi\u00e9 par des laur\u00e9ats du prix Nobel de la paix en 2000 dans le cadre de l&#8217;ann\u00e9e de la culture de paix de l&#8217;UNESCO, et sign\u00e9 par 75 millions de personnes. Il y figure : \u00ab Je m&#8217;engage \u00e0 pratiquer la non-violence et \u00e0 rejeter la violence sous toutes ses formes dans ma vie quotidienne, dans ma famille, mon travail, ma communaut\u00e9, mon pays et ma r\u00e9gion. \u00bb<\/p>\n\n\n\n<p><strong>La culture de paix comme chemin<\/strong><br>La vision d\u2019une paix aussi globale est ambitieuse. La culture de paix est le chemin vers cet objectif, une qu\u00eate de la paix. Elle est celle qui d\u00e9range, qui met en \u00e9vidence les dilemmes de la guerre et de la paix. Elle est la gardienne, qui demeure vigilante et s\u2019efforce de r\u00e9sister lorsque certains acteurs cherchent \u00e0 instrumentaliser la paix. Elle est courageuse, en endossant le r\u00f4le difficile de m\u00e9diatrice, souvent prise entre deux feux.<\/p>\n","protected":false},"excerpt":{"rendered":"<p>Le Forum f\u00fcr Friedenskultur \u00e9tablit un lien entre la paix et la culture, mais va au-del\u00e0 d&#8217;une simple juxtaposition. Le terme \u00ab culture de paix \u00bb comporte deux principaux aspects: Paix et cultureLa paix est un objectif commun pour toute soci\u00e9t\u00e9 et le fondement de toutes autre activit\u00e9. C&#8217;est pourquoi la promotion de la paix <a href=\"https:\/\/koff.swisspeace.ch\/apropos\/4214\/culture-de-paix-decupler-notre-potentiel\/\" class=\"more-link\">&#8230;<span class=\"screen-reader-text\">  Culture de paix \u2013 D\u00e9cupler notre potentiel<\/span><\/a><\/p>\n","protected":false},"author":3,"featured_media":4385,"comment_status":"closed","ping_status":"closed","sticky":false,"template":"","format":"standard","meta":{"advgb_blocks_editor_width":"","advgb_blocks_columns_visual_guide":""},"categories":[113],"tags":[],"issue":[306],"acf":[],"author_meta":{"display_name":"\u00e0 propos","author_link":"https:\/\/koff.swisspeace.ch\/apropos\/author\/apropos\/"},"featured_img":"https:\/\/koff.swisspeace.ch\/apropos\/wp-content\/uploads\/2024\/09\/\u00a9\ufe0fMariaTkachuk-IlSo24-2-600x356.png","coauthors":[],"tax_additional":{"categories":{"linked":["<a href=\"https:\/\/koff.swisspeace.ch\/apropos\/category\/reports-fr\/\" class=\"advgb-post-tax-term\">Dossier<\/a>"],"unlinked":["<span class=\"advgb-post-tax-term\">Dossier<\/span>"]}},"comment_count":0,"relative_dates":{"created":"Posted 2 years ago","modified":"Updated 2 years ago"},"absolute_dates":{"created":"Posted on September 9, 2024","modified":"Updated on September 9, 2024"},"absolute_dates_time":{"created":"Posted on September 9, 2024 8:38 am","modified":"Updated on September 9, 2024 8:38 am"},"featured_img_caption":"","series_order":null,"_links":{"self":[{"href":"https:\/\/koff.swisspeace.ch\/apropos\/wp-json\/wp\/v2\/posts\/4214"}],"collection":[{"href":"https:\/\/koff.swisspeace.ch\/apropos\/wp-json\/wp\/v2\/posts"}],"about":[{"href":"https:\/\/koff.swisspeace.ch\/apropos\/wp-json\/wp\/v2\/types\/post"}],"author":[{"embeddable":true,"href":"https:\/\/koff.swisspeace.ch\/apropos\/wp-json\/wp\/v2\/users\/3"}],"replies":[{"embeddable":true,"href":"https:\/\/koff.swisspeace.ch\/apropos\/wp-json\/wp\/v2\/comments?post=4214"}],"version-history":[{"count":8,"href":"https:\/\/koff.swisspeace.ch\/apropos\/wp-json\/wp\/v2\/posts\/4214\/revisions"}],"predecessor-version":[{"id":4454,"href":"https:\/\/koff.swisspeace.ch\/apropos\/wp-json\/wp\/v2\/posts\/4214\/revisions\/4454"}],"wp:featuredmedia":[{"embeddable":true,"href":"https:\/\/koff.swisspeace.ch\/apropos\/wp-json\/wp\/v2\/media\/4385"}],"wp:attachment":[{"href":"https:\/\/koff.swisspeace.ch\/apropos\/wp-json\/wp\/v2\/media?parent=4214"}],"wp:term":[{"taxonomy":"category","embeddable":true,"href":"https:\/\/koff.swisspeace.ch\/apropos\/wp-json\/wp\/v2\/categories?post=4214"},{"taxonomy":"post_tag","embeddable":true,"href":"https:\/\/koff.swisspeace.ch\/apropos\/wp-json\/wp\/v2\/tags?post=4214"},{"taxonomy":"issue","embeddable":true,"href":"https:\/\/koff.swisspeace.ch\/apropos\/wp-json\/wp\/v2\/issue?post=4214"}],"curies":[{"name":"wp","href":"https:\/\/api.w.org\/{rel}","templated":true}]}}