{"id":4218,"date":"2024-09-09T08:44:11","date_gmt":"2024-09-09T08:44:11","guid":{"rendered":"https:\/\/koff.swisspeace.ch\/apropos\/?p=4218"},"modified":"2024-09-18T07:26:25","modified_gmt":"2024-09-18T07:26:25","slug":"kultur-schafft-raum-fur-dialog-eine-grundlage-fur-nachhaltigen-frieden","status":"publish","type":"post","link":"https:\/\/koff.swisspeace.ch\/apropos\/4218\/kultur-schafft-raum-fur-dialog-eine-grundlage-fur-nachhaltigen-frieden\/","title":{"rendered":"Kultur schafft Raum f\u00fcr Dialog \u2014 Eine Grundlage f\u00fcr nachhaltigen Frieden"},"content":{"rendered":"\n<p><strong>Die Schweiz f\u00f6rdert in ihrer internationalen Zusammenarbeit unabh\u00e4ngige, vielf\u00e4ltige und partizipative Kultursektoren in ihren Partnerl\u00e4ndern als wichtigen Beitrag zu nachhaltiger Ent\u00adwicklung, demo\u00adkra\u00adtischer Partizipa\u00adtion, Konfliktpr\u00e4vention und Frieden. Kunst und Kultur erm\u00f6glichen es insbesondere R\u00e4ume f\u00fcr eine kritische Debatte und den friedlichen Dialog offenzuhalten<\/strong>.<\/p>\n\n\n\n<p>Kultur ist ein Menschenrecht und ein Motor f\u00fcr den gesellschaftlichen Wandel. In Zeiten von zunehmendem Autoritarismus und des eingeschr\u00e4nkten Raums f\u00fcr Meinungs- und Ver\u00adsamm\u00adlungs\u00ad\u00adfreiheit ist die St\u00e4rkung kultureller Akteure ein wichtiges Gegengewicht, das die Diversit\u00e4t der Narrative und Meinungen bekr\u00e4ftigt. Kultur erm\u00f6glicht Menschen mit verschiedenen kulturellen Hintergr\u00fcnden einen inklusiven Raum f\u00fcr Dialog und demokratische Teil\u00adha\u00adbe, in dem sie friedlich und kreativ miteinander umgehen k\u00f6nnen. Dies tr\u00e4gt zur Vertrauensbildung und zum sozialen Zusammenhalt bei.<\/p>\n\n\n\n<p>Kunst und Kultur f\u00f6rdern den Austausch von Ideen und die offene Debatte \u00fcber Unterschiede und leisten damit einen wesentlichen Beitrag zu gegenseitigem Verst\u00e4ndnis, Toleranz und Vertrauen. Der Dialog zwischen religi\u00f6sen und ethnischen Gruppen oder politischen Gegner:innen bildet das Fundament friedlicher Beziehungen zwischen Personen, Gemeinschaften oder Staaten. Die Schweiz f\u00f6rdert diesen interkulturellen Austausch und Dialog in ihrer internationalen Zusammenarbeit als Beitrag zur Konfliktpr\u00e4vention und Friedensf\u00f6rderung. Das Kulturengagement der Direktion f\u00fcr Entwicklung und Zusammenarbeit des Eidgen\u00f6ssisches Departement f\u00fcr ausw\u00e4rtige Angelegenheiten basiert auf der <a href=\"https:\/\/www.sdc-pge.ch\/en\/thematic-guidance-culture-development\" target=\"_blank\" rel=\"noreferrer noopener\">Thematischen Richtlinie Kultur und Entwicklung (2024)<\/a>.<\/p>\n\n\n\n<p><a rel=\"noreferrer noopener\" href=\"https:\/\/www.youtube.com\/watch?v=CTE4XLYQ58I\" target=\"_blank\">Das Kulturprogramm in Nordafrika<\/a> veranschaulicht den Beitrag von Kultur zu Frieden und wie die Schweiz den kulturellen und k\u00fcnstlerischen Ausdruck in der Region f\u00f6rdert: Es bietet Ausbildungsm\u00f6glichkeiten und schafft Raum f\u00fcr kritisches Denken und den friedlichen interkulturellen Dialog, um gegenseitiges Verst\u00e4ndnis zu f\u00f6rdern und die Resilienz zu st\u00e4rken.<\/p>\n\n\n\n<p>Ein anderes Beispiel kommt aus Burkina Faso, wo kulturelle Ausdrucksformen und lokale Identit\u00e4t entscheidend f\u00fcr den sozialen Zusammenhalt sind. <a rel=\"noreferrer noopener\" href=\"https:\/\/www.youtube.com\/watch?v=BQYEHEVt3AM\" target=\"_blank\">Das Projekt \u00abAmbassadors for Peace\u00bb<\/a> bildet lokale F\u00fchrungskr\u00e4fte f\u00fcr humanit\u00e4re und friedensf\u00f6rdernde Aktivit\u00e4ten aus, die in den lokalen kulturellen Werten verwurzelt sind.<\/p>\n\n\n\n<p>Das k\u00fcrzlich von der DEZA publizierte <a rel=\"noreferrer noopener\" href=\"https:\/\/www.sdc-pge.ch\/en\/reflection-paper-on-culture-and-sustaining-peace\" target=\"_blank\">Reflektionspapier \u00abReflection Paper on Culture and Sustaining Peace\u00bb<\/a> schl\u00e4gt drei Kategorien vor, um den Beitrag von Kunst und Kultur zu einem nachhaltigen Frieden zusammenzufassen: Resilienz, R\u00e4ume und Wandel. \u00a0Erstens tragen Kunst und Kultur dazu bei, das Durchhalteverm\u00f6gen und den Mut von Menschen, die von Konflikten betroffen sind, zu st\u00e4rken und zu unterst\u00fctzen und f\u00f6rdern damit die Resilienz. Zweitens schaffen, st\u00e4rken oder erhalten Kunst und Kultur zivile R\u00e4ume f\u00fcr kulturelle Vielfalt, Ausdruck und Dialog und tragen so zu einer Grundlage f\u00fcr Frieden bei. Drittens tragen Kunst und Kultur dazu bei, dass sich Einstellungen, Wahrnehmungen und Verhaltensweisen \u00e4ndern, was wiederum ein Motor f\u00fcr den Wandel ist.<\/p>\n\n\n\n<p>Je nach Kontext werden die R\u00e4ume f\u00fcr Kunst und Kultur anders definiert und die Projekte m\u00fcssen entsprechend angepasst werden. Zudem ist die Anwendung eines konfliktsensitiven Programm-Management-Ansatzes von entscheidender Bedeutung, um eine Vertiefung der sozialen Kluft und der gesellschaftlichen Spaltung zu vermeiden.<\/p>\n\n\n\n<p><\/p>\n\n\n<div class=\"wp-block-image\">\n<figure class=\"alignright size-full is-resized\"><img decoding=\"async\" src=\"https:\/\/koff.swisspeace.ch\/apropos\/wp-content\/uploads\/2024\/09\/Scheme186EDA.png\" alt=\"\" class=\"wp-image-4221\" width=\"813\" height=\"621\" srcset=\"https:\/\/koff.swisspeace.ch\/apropos\/wp-content\/uploads\/2024\/09\/Scheme186EDA.png 814w, https:\/\/koff.swisspeace.ch\/apropos\/wp-content\/uploads\/2024\/09\/Scheme186EDA-600x458.png 600w\" sizes=\"(max-width: 813px) 100vw, 813px\" \/><figcaption class=\"wp-element-caption\"><em>Die Blumen stehen f\u00fcr die vielf\u00e4ltigen M\u00f6glichkeiten, mit denen Kunst und Kultur zur Verhinderung und Verminderung von Gewalt und zur St\u00e4rkung des Friedens beitragen k\u00f6nnen. So wie Blumen mit unterschiedlichen Bl\u00fctenbl\u00e4ttern sich gegenseitig befruchten k\u00f6nnen, k\u00f6nnen auch Kunst und Kultur das Potenzial f\u00fcr friedlichen Wandel st\u00e4rken.<\/em><\/figcaption><\/figure><\/div>\n\n\n<p><\/p>\n","protected":false},"excerpt":{"rendered":"<p>Die Schweiz f\u00f6rdert in ihrer internationalen Zusammenarbeit unabh\u00e4ngige, vielf\u00e4ltige und partizipative Kultursektoren in ihren Partnerl\u00e4ndern als wichtigen Beitrag zu nachhaltiger Ent\u00adwicklung, demo\u00adkra\u00adtischer Partizipa\u00adtion, Konfliktpr\u00e4vention und Frieden. Kunst und Kultur erm\u00f6glichen es insbesondere R\u00e4ume f\u00fcr eine kritische Debatte und den friedlichen Dialog offenzuhalten. Kultur ist ein Menschenrecht und ein Motor f\u00fcr den gesellschaftlichen Wandel. In Zeiten <a href=\"https:\/\/koff.swisspeace.ch\/apropos\/4218\/kultur-schafft-raum-fur-dialog-eine-grundlage-fur-nachhaltigen-frieden\/\" class=\"more-link\">&#8230;<span class=\"screen-reader-text\">  Kultur schafft Raum f\u00fcr Dialog \u2014 Eine Grundlage f\u00fcr nachhaltigen Frieden<\/span><\/a><\/p>\n","protected":false},"author":3,"featured_media":4220,"comment_status":"closed","ping_status":"closed","sticky":false,"template":"","format":"standard","meta":{"advgb_blocks_editor_width":"","advgb_blocks_columns_visual_guide":""},"categories":[73],"tags":[],"issue":[304],"acf":[],"author_meta":{"display_name":"\u00e0 propos","author_link":"https:\/\/koff.swisspeace.ch\/apropos\/author\/apropos\/"},"featured_img":"https:\/\/koff.swisspeace.ch\/apropos\/wp-content\/uploads\/2024\/09\/EDA186-1-600x332.jpg","coauthors":[],"tax_additional":{"categories":{"linked":["<a href=\"https:\/\/koff.swisspeace.ch\/apropos\/category\/reports-de\/\" class=\"advgb-post-tax-term\">Dossier<\/a>"],"unlinked":["<span class=\"advgb-post-tax-term\">Dossier<\/span>"]}},"comment_count":0,"relative_dates":{"created":"Posted 2 years ago","modified":"Updated 2 years ago"},"absolute_dates":{"created":"Posted on September 9, 2024","modified":"Updated on September 18, 2024"},"absolute_dates_time":{"created":"Posted on September 9, 2024 8:44 am","modified":"Updated on September 18, 2024 7:26 am"},"featured_img_caption":"","series_order":null,"_links":{"self":[{"href":"https:\/\/koff.swisspeace.ch\/apropos\/wp-json\/wp\/v2\/posts\/4218"}],"collection":[{"href":"https:\/\/koff.swisspeace.ch\/apropos\/wp-json\/wp\/v2\/posts"}],"about":[{"href":"https:\/\/koff.swisspeace.ch\/apropos\/wp-json\/wp\/v2\/types\/post"}],"author":[{"embeddable":true,"href":"https:\/\/koff.swisspeace.ch\/apropos\/wp-json\/wp\/v2\/users\/3"}],"replies":[{"embeddable":true,"href":"https:\/\/koff.swisspeace.ch\/apropos\/wp-json\/wp\/v2\/comments?post=4218"}],"version-history":[{"count":23,"href":"https:\/\/koff.swisspeace.ch\/apropos\/wp-json\/wp\/v2\/posts\/4218\/revisions"}],"predecessor-version":[{"id":4584,"href":"https:\/\/koff.swisspeace.ch\/apropos\/wp-json\/wp\/v2\/posts\/4218\/revisions\/4584"}],"wp:featuredmedia":[{"embeddable":true,"href":"https:\/\/koff.swisspeace.ch\/apropos\/wp-json\/wp\/v2\/media\/4220"}],"wp:attachment":[{"href":"https:\/\/koff.swisspeace.ch\/apropos\/wp-json\/wp\/v2\/media?parent=4218"}],"wp:term":[{"taxonomy":"category","embeddable":true,"href":"https:\/\/koff.swisspeace.ch\/apropos\/wp-json\/wp\/v2\/categories?post=4218"},{"taxonomy":"post_tag","embeddable":true,"href":"https:\/\/koff.swisspeace.ch\/apropos\/wp-json\/wp\/v2\/tags?post=4218"},{"taxonomy":"issue","embeddable":true,"href":"https:\/\/koff.swisspeace.ch\/apropos\/wp-json\/wp\/v2\/issue?post=4218"}],"curies":[{"name":"wp","href":"https:\/\/api.w.org\/{rel}","templated":true}]}}