{"id":4257,"date":"2024-09-09T08:38:47","date_gmt":"2024-09-09T08:38:47","guid":{"rendered":"https:\/\/koff.swisspeace.ch\/apropos\/?p=4257"},"modified":"2024-09-18T07:32:24","modified_gmt":"2024-09-18T07:32:24","slug":"la-culture-vectrice-de-dialogue-un-pilier-pour-une-paix-durable","status":"publish","type":"post","link":"https:\/\/koff.swisspeace.ch\/apropos\/4257\/la-culture-vectrice-de-dialogue-un-pilier-pour-une-paix-durable\/","title":{"rendered":"La culture, vectrice de dialogue \u2013 un pilier pour une paix durable"},"content":{"rendered":"\n<p><strong>Dans le cadre de sa coop\u00e9ration internationale, la Suisse soutient les secteurs culturels ind\u00e9pendants, diversifi\u00e9s et participatifs dans ses pays partenaires. Ces secteurs jouent un r\u00f4le important dans le d\u00e9veloppement durable, la participation d\u00e9mocratique, la pr\u00e9vention des conflits et la paix. L\u2019art et la culture permettent notamment de maintenir des espaces ouverts pour un d\u00e9bat critique et un dialogue pacifique. <\/strong><\/p>\n\n\n\n<p>La culture est un droit humain et un moteur de changement soci\u00e9tal. En ces temps d\u2019autoritarisme croissant et de restriction des espaces pour la libert\u00e9 d\u2019expression et d\u2019association, le soutien aux acteur\u00b7rices culturel\u00b7les est un contrepoids important qui renforce la diversit\u00e9 des r\u00e9cits et des opinions. La culture permet aux personnes d\u2019origines diff\u00e9rentes de disposer d\u2019un espace inclusif de dialogue et de participation d\u00e9mocratique, dans lequel elles peuvent interagir de mani\u00e8re pacifique et cr\u00e9ative. Cela contribue \u00e0 instaurer la confiance et la coh\u00e9sion sociale.<\/p>\n\n\n\n<p>L\u2019art et la culture encouragent les \u00e9changes d\u2019id\u00e9es et le d\u00e9bat ouvert sur les diff\u00e9rences et contribuent ainsi largement \u00e0 la compr\u00e9hension mutuelle, \u00e0 la tol\u00e9rance et \u00e0 la confiance. Le dialogue entre les groupes religieux et ethniques ou les opposant\u00b7es politiques constitue le fondement des relations pacifiques entre les personnes, les communaut\u00e9s ou les \u00c9tats. Dans le cadre de sa coop\u00e9ration internationale, la Suisse encourage cet \u00e9change et ce dialogue interculturels, contribuant ainsi \u00e0 la pr\u00e9vention des conflits et \u00e0 la promotion de la paix. L\u2019engagement culturel de la Direction du d\u00e9veloppement et de la coop\u00e9ration du D\u00e9partement f\u00e9d\u00e9ral des affaires \u00e9trang\u00e8res se base sur les <a href=\"https:\/\/www.sdc-pge.ch\/en\/thematic-guidance-culture-development\" target=\"_blank\" rel=\"noreferrer noopener\">directives th\u00e9matiques sur la culture et le d\u00e9veloppement (2024)<\/a>.<\/p>\n\n\n\n<p>Le <a rel=\"noreferrer noopener\" href=\"https:\/\/www.youtube.com\/watch?v=CTE4XLYQ58I\" target=\"_blank\">programme culturel d\u00e9di\u00e9 \u00e0 l&#8217;Afrique du Nord<\/a> illustre en quoi la culture contribue \u00e0 la paix et comment la Suisse encourage l\u2019expression culturelle et artistique dans la r\u00e9gion: il offre des possibilit\u00e9s de formation et cr\u00e9e un espace pour la pens\u00e9e critique et le dialogue interculturel et pacifique afin de promouvoir la compr\u00e9hension mutuelle et de renforcer la r\u00e9silience.<\/p>\n\n\n\n<p>Un autre exemple vient du Burkina Faso, o\u00f9 l\u2019expression culturelle et l\u2019identit\u00e9 locale sont essentielles \u00e0 la coh\u00e9sion sociale. Le <a href=\"https:\/\/www.youtube.com\/watch?v=BQYEHEVt3AM\" target=\"_blank\" rel=\"noreferrer noopener\">projet \u00ab Ambassadors for Peace \u00bb<\/a> forme des leaders locaux \u00e0 l\u2019exercice d\u2019activit\u00e9s humanitaires et de promotion de la paix ancr\u00e9es dans les valeurs culturelles locales.<\/p>\n\n\n\n<p>La r\u00e9cente <a href=\"https:\/\/www.sdc-pge.ch\/en\/reflection-paper-on-culture-and-sustaining-peace\" target=\"_blank\" rel=\"noreferrer noopener\">publication &#8220;r\u00e9flexion, culture et p\u00e9rennisation de la paix&#8221;<\/a> propose trois cat\u00e9gories pour r\u00e9sumer la contribution de l\u2019art et de la culture \u00e0 la paix durable: r\u00e9silience, espaces et changement. Premi\u00e8rement, l\u2019art et la culture contribuent \u00e0 renforcer et \u00e0 soutenir la pers\u00e9v\u00e9rance et le courage des personnes touch\u00e9es par les conflits et favorisent ainsi la r\u00e9silience. Deuxi\u00e8mement, ils cr\u00e9ent, renforcent ou pr\u00e9servent des espaces civils pour la diversit\u00e9 culturelle, l\u2019expression et le dialogue, participant ainsi \u00e0 jeter les bases de la paix. Troisi\u00e8mement, ils aident \u00e0 changer les positions, les perceptions et les comportements, ce qui est vecteur de changement.<\/p>\n\n\n\n<p>Selon le contexte, les espaces pour l\u2019art et la culture sont d\u00e9finis diff\u00e9remment et les projets doivent \u00eatre adapt\u00e9s en cons\u00e9quence. En outre, l\u2019utilisation d\u2019une gestion de programme sensible aux conflits est essentielle pour \u00e9viter d\u2019aggraver le foss\u00e9 social et la division.<\/p>\n\n\n<div class=\"wp-block-image\">\n<figure class=\"aligncenter size-full is-resized\"><img decoding=\"async\" src=\"https:\/\/koff.swisspeace.ch\/apropos\/wp-content\/uploads\/2024\/09\/Scheme186EDA-2.png\" alt=\"\" class=\"wp-image-4462\" width=\"629\" height=\"481\" srcset=\"https:\/\/koff.swisspeace.ch\/apropos\/wp-content\/uploads\/2024\/09\/Scheme186EDA-2.png 814w, https:\/\/koff.swisspeace.ch\/apropos\/wp-content\/uploads\/2024\/09\/Scheme186EDA-2-600x458.png 600w\" sizes=\"(max-width: 629px) 100vw, 629px\" \/><figcaption class=\"wp-element-caption\"><br><em><sup>Les fleurs repr\u00e9sentent les multiples fa\u00e7ons dont l\u2019art et la culture peuvent contribuer \u00e0 pr\u00e9venir et \u00e0 r\u00e9duire la violence et \u00e0 renforcer la paix. De m\u00eame que des fleurs aux p\u00e9tales diff\u00e9rents peuvent se f\u00e9conder mutuellement, l\u2019art et la culture peuvent \u00e9galement favoriser un changement pacifique.<\/sup><\/em><\/figcaption><\/figure><\/div>","protected":false},"excerpt":{"rendered":"<p>Dans le cadre de sa coop\u00e9ration internationale, la Suisse soutient les secteurs culturels ind\u00e9pendants, diversifi\u00e9s et participatifs dans ses pays partenaires. Ces secteurs jouent un r\u00f4le important dans le d\u00e9veloppement durable, la participation d\u00e9mocratique, la pr\u00e9vention des conflits et la paix. L\u2019art et la culture permettent notamment de maintenir des espaces ouverts pour un d\u00e9bat <a href=\"https:\/\/koff.swisspeace.ch\/apropos\/4257\/la-culture-vectrice-de-dialogue-un-pilier-pour-une-paix-durable\/\" class=\"more-link\">&#8230;<span class=\"screen-reader-text\">  La culture, vectrice de dialogue \u2013 un pilier pour une paix durable<\/span><\/a><\/p>\n","protected":false},"author":3,"featured_media":4220,"comment_status":"closed","ping_status":"closed","sticky":false,"template":"","format":"standard","meta":{"advgb_blocks_editor_width":"","advgb_blocks_columns_visual_guide":""},"categories":[113],"tags":[],"issue":[306],"acf":[],"author_meta":{"display_name":"\u00e0 propos","author_link":"https:\/\/koff.swisspeace.ch\/apropos\/author\/apropos\/"},"featured_img":"https:\/\/koff.swisspeace.ch\/apropos\/wp-content\/uploads\/2024\/09\/EDA186-1-600x332.jpg","coauthors":[],"tax_additional":{"categories":{"linked":["<a href=\"https:\/\/koff.swisspeace.ch\/apropos\/category\/reports-fr\/\" class=\"advgb-post-tax-term\">Dossier<\/a>"],"unlinked":["<span class=\"advgb-post-tax-term\">Dossier<\/span>"]}},"comment_count":0,"relative_dates":{"created":"Posted 2 years ago","modified":"Updated 2 years ago"},"absolute_dates":{"created":"Posted on September 9, 2024","modified":"Updated on September 18, 2024"},"absolute_dates_time":{"created":"Posted on September 9, 2024 8:38 am","modified":"Updated on September 18, 2024 7:32 am"},"featured_img_caption":"","series_order":null,"_links":{"self":[{"href":"https:\/\/koff.swisspeace.ch\/apropos\/wp-json\/wp\/v2\/posts\/4257"}],"collection":[{"href":"https:\/\/koff.swisspeace.ch\/apropos\/wp-json\/wp\/v2\/posts"}],"about":[{"href":"https:\/\/koff.swisspeace.ch\/apropos\/wp-json\/wp\/v2\/types\/post"}],"author":[{"embeddable":true,"href":"https:\/\/koff.swisspeace.ch\/apropos\/wp-json\/wp\/v2\/users\/3"}],"replies":[{"embeddable":true,"href":"https:\/\/koff.swisspeace.ch\/apropos\/wp-json\/wp\/v2\/comments?post=4257"}],"version-history":[{"count":25,"href":"https:\/\/koff.swisspeace.ch\/apropos\/wp-json\/wp\/v2\/posts\/4257\/revisions"}],"predecessor-version":[{"id":4586,"href":"https:\/\/koff.swisspeace.ch\/apropos\/wp-json\/wp\/v2\/posts\/4257\/revisions\/4586"}],"wp:featuredmedia":[{"embeddable":true,"href":"https:\/\/koff.swisspeace.ch\/apropos\/wp-json\/wp\/v2\/media\/4220"}],"wp:attachment":[{"href":"https:\/\/koff.swisspeace.ch\/apropos\/wp-json\/wp\/v2\/media?parent=4257"}],"wp:term":[{"taxonomy":"category","embeddable":true,"href":"https:\/\/koff.swisspeace.ch\/apropos\/wp-json\/wp\/v2\/categories?post=4257"},{"taxonomy":"post_tag","embeddable":true,"href":"https:\/\/koff.swisspeace.ch\/apropos\/wp-json\/wp\/v2\/tags?post=4257"},{"taxonomy":"issue","embeddable":true,"href":"https:\/\/koff.swisspeace.ch\/apropos\/wp-json\/wp\/v2\/issue?post=4257"}],"curies":[{"name":"wp","href":"https:\/\/api.w.org\/{rel}","templated":true}]}}