{"id":4278,"date":"2024-09-09T08:38:47","date_gmt":"2024-09-09T08:38:47","guid":{"rendered":"https:\/\/koff.swisspeace.ch\/apropos\/?p=4278"},"modified":"2024-09-09T08:38:47","modified_gmt":"2024-09-09T08:38:47","slug":"soufra-cafeteria-un-refuge-culturel-pour-les-femmes-refugiees-au-liban","status":"publish","type":"post","link":"https:\/\/koff.swisspeace.ch\/apropos\/4278\/soufra-cafeteria-un-refuge-culturel-pour-les-femmes-refugiees-au-liban\/","title":{"rendered":"Soufra Caf\u00e9t\u00e9ria \u2013 Un refuge culturel pour les femmes r\u00e9fugi\u00e9es au Liban"},"content":{"rendered":"\n<p><strong>Au sud de la capitale libanaise Beyrouth, dans le camp de r\u00e9fugi\u00e9\u00b7es de Burj el Barajneh, quarante femmes palestiniennes et syriennes cuisinent pour une communaut\u00e9 en paix et l\u2019\u00e9mancipation personnelle.<\/strong><\/p>\n\n\n\n<p>Plus de 50 000 r\u00e9fugi\u00e9\u00b7es palestinien\u00b7nes et syrien\u00b7nes vivent dans le camp de Burj el Barajneh. Ils\u00b7elles font face \u00e0 d\u2019immenses d\u00e9fis tels que la surpopulation, la pauvret\u00e9, le manque d&#8217;\u00e9lectricit\u00e9 et d\u2019infrastructures, de droits et d\u2019opportunit\u00e9s professionnelles.<\/p>\n\n\n\n<p>Le conflit en cours dans la bande de Gaza et les tensions entre le Hezbollah et Isra\u00ebl aggravent sensiblement la situation. De plus, la crise politique au Liban et la hausse des prix des denr\u00e9es alimentaires p\u00e8sent sur cette population r\u00e9fugi\u00e9e mais aussi sur la population locale et accentue les tensions sociales. Avec un taux d\u2019inflation de 124%, les denr\u00e9es alimentaires sont devenues inabordables pour la plupart des familles du camp de r\u00e9fugi\u00e9\u00b7es. Ces derniers mois, le d\u00e9sespoir parmi les r\u00e9sident\u00b7es du camp de Burj el Barajneh \u00e9tait donc palpable, entrainant une augmentation des cas de vols et de violence. La crainte d&#8217;une guerre s\u2019accroit, des plans d&#8217;urgence sont mis en place, et les familles ont pr\u00e9par\u00e9 leurs affaires pour pouvoir fuir en cas d&#8217;urgence \u2013 leur destination reste incertaine.<\/p>\n\n\n\n<p>En ces temps difficiles, la caf\u00e9t\u00e9ria Soufra de Cuisine sans Fronti\u00e8res offre non seulement des emplois et des formations dans les domaines de la cuisine et de la gestion d&#8217;entreprise, mais elle sert \u00e9galement de centre culturel. Des femmes de divers horizons s\u2019y rassemblent pour partager et pr\u00e9server leurs traditions culturelles. L&#8217;\u00e9change de recettes traditionnelles et de techniques culinaires renforce le sentiment de communaut\u00e9 et favorise la coh\u00e9sion culturelle.<\/p>\n\n\n\n<p>La caf\u00e9t\u00e9ria Soufra d\u00e9montre que l&#8217;engagement culturel et gastronomique peut d\u00e9samorcer les conflits et promouvoir la confiance au sein des diff\u00e9rentes communaut\u00e9s. Elle joue un r\u00f4le cl\u00e9 dans la promotion de la paix dans le camp, en comblant les foss\u00e9s entre les r\u00e9fugi\u00e9\u00b7es palestinien\u00b7nes et syrien\u00b7nes gr\u00e2ce \u00e0 des activit\u00e9s collectives qui encouragent le respect et la compr\u00e9hension mutuelle.<\/p>\n","protected":false},"excerpt":{"rendered":"<p>Au sud de la capitale libanaise Beyrouth, dans le camp de r\u00e9fugi\u00e9\u00b7es de Burj el Barajneh, quarante femmes palestiniennes et syriennes cuisinent pour une communaut\u00e9 en paix et l\u2019\u00e9mancipation personnelle. Plus de 50 000 r\u00e9fugi\u00e9\u00b7es palestinien\u00b7nes et syrien\u00b7nes vivent dans le camp de Burj el Barajneh. Ils\u00b7elles font face \u00e0 d\u2019immenses d\u00e9fis tels que la <a href=\"https:\/\/koff.swisspeace.ch\/apropos\/4278\/soufra-cafeteria-un-refuge-culturel-pour-les-femmes-refugiees-au-liban\/\" class=\"more-link\">&#8230;<span class=\"screen-reader-text\">  Soufra Caf\u00e9t\u00e9ria \u2013 Un refuge culturel pour les femmes r\u00e9fugi\u00e9es au Liban<\/span><\/a><\/p>\n","protected":false},"author":3,"featured_media":4271,"comment_status":"closed","ping_status":"closed","sticky":false,"template":"","format":"standard","meta":{"advgb_blocks_editor_width":"","advgb_blocks_columns_visual_guide":""},"categories":[113],"tags":[],"issue":[306],"acf":[],"author_meta":{"display_name":"\u00e0 propos","author_link":"https:\/\/koff.swisspeace.ch\/apropos\/author\/apropos\/"},"featured_img":"https:\/\/koff.swisspeace.ch\/apropos\/wp-content\/uploads\/2024\/09\/Csf186-600x332.png","coauthors":[],"tax_additional":{"categories":{"linked":["<a href=\"https:\/\/koff.swisspeace.ch\/apropos\/category\/reports-fr\/\" class=\"advgb-post-tax-term\">Dossier<\/a>"],"unlinked":["<span class=\"advgb-post-tax-term\">Dossier<\/span>"]}},"comment_count":0,"relative_dates":{"created":"Posted 2 years ago","modified":"Updated 2 years ago"},"absolute_dates":{"created":"Posted on September 9, 2024","modified":"Updated on September 9, 2024"},"absolute_dates_time":{"created":"Posted on September 9, 2024 8:38 am","modified":"Updated on September 9, 2024 8:38 am"},"featured_img_caption":"","series_order":null,"_links":{"self":[{"href":"https:\/\/koff.swisspeace.ch\/apropos\/wp-json\/wp\/v2\/posts\/4278"}],"collection":[{"href":"https:\/\/koff.swisspeace.ch\/apropos\/wp-json\/wp\/v2\/posts"}],"about":[{"href":"https:\/\/koff.swisspeace.ch\/apropos\/wp-json\/wp\/v2\/types\/post"}],"author":[{"embeddable":true,"href":"https:\/\/koff.swisspeace.ch\/apropos\/wp-json\/wp\/v2\/users\/3"}],"replies":[{"embeddable":true,"href":"https:\/\/koff.swisspeace.ch\/apropos\/wp-json\/wp\/v2\/comments?post=4278"}],"version-history":[{"count":7,"href":"https:\/\/koff.swisspeace.ch\/apropos\/wp-json\/wp\/v2\/posts\/4278\/revisions"}],"predecessor-version":[{"id":4457,"href":"https:\/\/koff.swisspeace.ch\/apropos\/wp-json\/wp\/v2\/posts\/4278\/revisions\/4457"}],"wp:featuredmedia":[{"embeddable":true,"href":"https:\/\/koff.swisspeace.ch\/apropos\/wp-json\/wp\/v2\/media\/4271"}],"wp:attachment":[{"href":"https:\/\/koff.swisspeace.ch\/apropos\/wp-json\/wp\/v2\/media?parent=4278"}],"wp:term":[{"taxonomy":"category","embeddable":true,"href":"https:\/\/koff.swisspeace.ch\/apropos\/wp-json\/wp\/v2\/categories?post=4278"},{"taxonomy":"post_tag","embeddable":true,"href":"https:\/\/koff.swisspeace.ch\/apropos\/wp-json\/wp\/v2\/tags?post=4278"},{"taxonomy":"issue","embeddable":true,"href":"https:\/\/koff.swisspeace.ch\/apropos\/wp-json\/wp\/v2\/issue?post=4278"}],"curies":[{"name":"wp","href":"https:\/\/api.w.org\/{rel}","templated":true}]}}