{"id":4307,"date":"2024-09-09T08:44:11","date_gmt":"2024-09-09T08:44:11","guid":{"rendered":"https:\/\/koff.swisspeace.ch\/apropos\/?p=4307"},"modified":"2024-09-09T08:44:11","modified_gmt":"2024-09-09T08:44:11","slug":"helvetas-polit-sichten-2","status":"publish","type":"post","link":"https:\/\/koff.swisspeace.ch\/apropos\/4307\/helvetas-polit-sichten-2\/","title":{"rendered":"Helvetas Polit-Sichten"},"content":{"rendered":"\n<p>Mit Polit-Sichten gibt Helvetas monatlich Einblick in entwicklungspolitische Themen. In der aktuellen Ausgabe stellen wir fest, dass die Welt, die uns Medien ins Wohnzimmer bringen, immer kleiner wird. Informationsl\u00fccken aber sind angesichts von Krisen und Klimawandel gef\u00e4hrlich. Dann blicken wir auf vier Hindernisse, die das 1,5-Grad-Ziel von Paris untergraben. Und wir zeigen L\u00f6sungsm\u00f6glichkeiten auf. Doch zuerst, was uns derzeit stark umtreibt: In den Debatten unter der Bundeshauskuppel m\u00fcssen Gelder, die eigentlich f\u00fcr die humanit\u00e4re Hilfe, die Entwicklungszusammenarbeit und die pr\u00e4ventive Friedenspolitik vorgesehen sind, pl\u00f6tzlich als Man\u00f6vriermasse f\u00fcr andere Ausgaben herhalten.<\/p>\n","protected":false},"excerpt":{"rendered":"<p>Mit Polit-Sichten gibt Helvetas monatlich Einblick in entwicklungspolitische Themen. In der aktuellen Ausgabe stellen wir fest, dass die Welt, die uns Medien ins Wohnzimmer bringen, immer kleiner wird. Informationsl\u00fccken aber sind angesichts von Krisen und Klimawandel gef\u00e4hrlich. Dann blicken wir auf vier Hindernisse, die das 1,5-Grad-Ziel von Paris untergraben. Und wir zeigen L\u00f6sungsm\u00f6glichkeiten auf. Doch <a href=\"https:\/\/koff.swisspeace.ch\/apropos\/4307\/helvetas-polit-sichten-2\/\" class=\"more-link\">&#8230;<span class=\"screen-reader-text\">  Helvetas Polit-Sichten<\/span><\/a><\/p>\n","protected":false},"author":3,"featured_media":4304,"comment_status":"closed","ping_status":"closed","sticky":false,"template":"","format":"standard","meta":{"advgb_blocks_editor_width":"","advgb_blocks_columns_visual_guide":""},"categories":[71],"tags":[],"issue":[304],"acf":[],"author_meta":{"display_name":"\u00e0 propos","author_link":"https:\/\/koff.swisspeace.ch\/apropos\/author\/apropos\/"},"featured_img":"https:\/\/koff.swisspeace.ch\/apropos\/wp-content\/uploads\/2024\/09\/Politsichten_Helvetas186-600x331.png","coauthors":[],"tax_additional":{"categories":{"linked":["<a href=\"https:\/\/koff.swisspeace.ch\/apropos\/category\/news-de\/\" class=\"advgb-post-tax-term\">Aktuell<\/a>"],"unlinked":["<span class=\"advgb-post-tax-term\">Aktuell<\/span>"]}},"comment_count":0,"relative_dates":{"created":"Posted 2 years ago","modified":"Updated 2 years ago"},"absolute_dates":{"created":"Posted on September 9, 2024","modified":"Updated on September 9, 2024"},"absolute_dates_time":{"created":"Posted on September 9, 2024 8:44 am","modified":"Updated on September 9, 2024 8:44 am"},"featured_img_caption":"","series_order":null,"_links":{"self":[{"href":"https:\/\/koff.swisspeace.ch\/apropos\/wp-json\/wp\/v2\/posts\/4307"}],"collection":[{"href":"https:\/\/koff.swisspeace.ch\/apropos\/wp-json\/wp\/v2\/posts"}],"about":[{"href":"https:\/\/koff.swisspeace.ch\/apropos\/wp-json\/wp\/v2\/types\/post"}],"author":[{"embeddable":true,"href":"https:\/\/koff.swisspeace.ch\/apropos\/wp-json\/wp\/v2\/users\/3"}],"replies":[{"embeddable":true,"href":"https:\/\/koff.swisspeace.ch\/apropos\/wp-json\/wp\/v2\/comments?post=4307"}],"version-history":[{"count":7,"href":"https:\/\/koff.swisspeace.ch\/apropos\/wp-json\/wp\/v2\/posts\/4307\/revisions"}],"predecessor-version":[{"id":4431,"href":"https:\/\/koff.swisspeace.ch\/apropos\/wp-json\/wp\/v2\/posts\/4307\/revisions\/4431"}],"wp:featuredmedia":[{"embeddable":true,"href":"https:\/\/koff.swisspeace.ch\/apropos\/wp-json\/wp\/v2\/media\/4304"}],"wp:attachment":[{"href":"https:\/\/koff.swisspeace.ch\/apropos\/wp-json\/wp\/v2\/media?parent=4307"}],"wp:term":[{"taxonomy":"category","embeddable":true,"href":"https:\/\/koff.swisspeace.ch\/apropos\/wp-json\/wp\/v2\/categories?post=4307"},{"taxonomy":"post_tag","embeddable":true,"href":"https:\/\/koff.swisspeace.ch\/apropos\/wp-json\/wp\/v2\/tags?post=4307"},{"taxonomy":"issue","embeddable":true,"href":"https:\/\/koff.swisspeace.ch\/apropos\/wp-json\/wp\/v2\/issue?post=4307"}],"curies":[{"name":"wp","href":"https:\/\/api.w.org\/{rel}","templated":true}]}}