{"id":4318,"date":"2024-09-09T08:44:11","date_gmt":"2024-09-09T08:44:11","guid":{"rendered":"https:\/\/koff.swisspeace.ch\/apropos\/?p=4318"},"modified":"2024-09-09T09:48:56","modified_gmt":"2024-09-09T09:48:56","slug":"fondation-hirondelle-mediation-nr-13","status":"publish","type":"post","link":"https:\/\/koff.swisspeace.ch\/apropos\/4318\/fondation-hirondelle-mediation-nr-13\/","title":{"rendered":"Fondation Hirondelle Mediation Nr. 13"},"content":{"rendered":"\n<p><strong>Strukturierung des Journalismus im Exil in einer zunehmend autorit\u00e4ren Welt<\/strong><\/p>\n\n\n\n<p><br>Fondation Hirondelle war schon immer bestrebt, Medien in Krisenregionen direkt zu unterst\u00fctzen, um einen Raum f\u00fcr einen umfassenden Dialog zu schaffen. Manchmal sind die Angriffe auf die Pressefreiheit jedoch so weit fortgeschritten, dass dies nicht mehr m\u00f6glich ist. Journalist:innen werden ins Exil gezwungen, um Inhaftierung, Gewalt und dem Tod zu entgehen, nur weil sie \u00fcber Fakten berichten, insbesondere in autorit\u00e4ren L\u00e4ndern oder in L\u00e4ndern, die sich in einem Konflikt befinden.<\/p>\n\n\n\n<p><br>In dieser 13. Ausgabe von Mediation kommen Journalist:innen im Exil aus Gaza, Eritrea, Myanmar und Russland zu Wort, die von ihren Reisen ins Exil und ihren Erkenntnissen dar\u00fcber berichten, wie man unter schwierigsten Bedingungen sicher und bei Verstand bleibt, sowie korrekt berichtet.<\/p>\n","protected":false},"excerpt":{"rendered":"<p>Strukturierung des Journalismus im Exil in einer zunehmend autorit\u00e4ren Welt Fondation Hirondelle war schon immer bestrebt, Medien in Krisenregionen direkt zu unterst\u00fctzen, um einen Raum f\u00fcr einen umfassenden Dialog zu schaffen. Manchmal sind die Angriffe auf die Pressefreiheit jedoch so weit fortgeschritten, dass dies nicht mehr m\u00f6glich ist. Journalist:innen werden ins Exil gezwungen, um Inhaftierung, <a href=\"https:\/\/koff.swisspeace.ch\/apropos\/4318\/fondation-hirondelle-mediation-nr-13\/\" class=\"more-link\">&#8230;<span class=\"screen-reader-text\">  Fondation Hirondelle Mediation Nr. 13<\/span><\/a><\/p>\n","protected":false},"author":3,"featured_media":4316,"comment_status":"closed","ping_status":"closed","sticky":false,"template":"","format":"standard","meta":{"advgb_blocks_editor_width":"","advgb_blocks_columns_visual_guide":""},"categories":[71],"tags":[],"issue":[304],"acf":[],"author_meta":{"display_name":"\u00e0 propos","author_link":"https:\/\/koff.swisspeace.ch\/apropos\/author\/apropos\/"},"featured_img":"https:\/\/koff.swisspeace.ch\/apropos\/wp-content\/uploads\/2024\/09\/Fondation-HirondelleNews186-600x332.png","coauthors":[],"tax_additional":{"categories":{"linked":["<a href=\"https:\/\/koff.swisspeace.ch\/apropos\/category\/news-de\/\" class=\"advgb-post-tax-term\">Aktuell<\/a>"],"unlinked":["<span class=\"advgb-post-tax-term\">Aktuell<\/span>"]}},"comment_count":0,"relative_dates":{"created":"Posted 2 years ago","modified":"Updated 2 years ago"},"absolute_dates":{"created":"Posted on September 9, 2024","modified":"Updated on September 9, 2024"},"absolute_dates_time":{"created":"Posted on September 9, 2024 8:44 am","modified":"Updated on September 9, 2024 9:48 am"},"featured_img_caption":"","series_order":null,"_links":{"self":[{"href":"https:\/\/koff.swisspeace.ch\/apropos\/wp-json\/wp\/v2\/posts\/4318"}],"collection":[{"href":"https:\/\/koff.swisspeace.ch\/apropos\/wp-json\/wp\/v2\/posts"}],"about":[{"href":"https:\/\/koff.swisspeace.ch\/apropos\/wp-json\/wp\/v2\/types\/post"}],"author":[{"embeddable":true,"href":"https:\/\/koff.swisspeace.ch\/apropos\/wp-json\/wp\/v2\/users\/3"}],"replies":[{"embeddable":true,"href":"https:\/\/koff.swisspeace.ch\/apropos\/wp-json\/wp\/v2\/comments?post=4318"}],"version-history":[{"count":5,"href":"https:\/\/koff.swisspeace.ch\/apropos\/wp-json\/wp\/v2\/posts\/4318\/revisions"}],"predecessor-version":[{"id":4543,"href":"https:\/\/koff.swisspeace.ch\/apropos\/wp-json\/wp\/v2\/posts\/4318\/revisions\/4543"}],"wp:featuredmedia":[{"embeddable":true,"href":"https:\/\/koff.swisspeace.ch\/apropos\/wp-json\/wp\/v2\/media\/4316"}],"wp:attachment":[{"href":"https:\/\/koff.swisspeace.ch\/apropos\/wp-json\/wp\/v2\/media?parent=4318"}],"wp:term":[{"taxonomy":"category","embeddable":true,"href":"https:\/\/koff.swisspeace.ch\/apropos\/wp-json\/wp\/v2\/categories?post=4318"},{"taxonomy":"post_tag","embeddable":true,"href":"https:\/\/koff.swisspeace.ch\/apropos\/wp-json\/wp\/v2\/tags?post=4318"},{"taxonomy":"issue","embeddable":true,"href":"https:\/\/koff.swisspeace.ch\/apropos\/wp-json\/wp\/v2\/issue?post=4318"}],"curies":[{"name":"wp","href":"https:\/\/api.w.org\/{rel}","templated":true}]}}