{"id":4328,"date":"2024-09-09T08:44:11","date_gmt":"2024-09-09T08:44:11","guid":{"rendered":"https:\/\/koff.swisspeace.ch\/apropos\/?p=4328"},"modified":"2024-09-09T09:58:00","modified_gmt":"2024-09-09T09:58:00","slug":"events-15","status":"publish","type":"post","link":"https:\/\/koff.swisspeace.ch\/apropos\/4328\/events-15\/","title":{"rendered":"Events"},"content":{"rendered":"\n<h2><strong>Reclaim Democracy Kongress<\/strong><\/h2>\n\n\n\n<p><strong>13. &#8211; 14. September 2024, Z\u00fcrich<\/strong><br>Krise \u00fcberall! Aber wo sind die positiven Zukunftsentw\u00fcrfe? Hoffnungsvolle Perspektiven sind der Sauerstoff, der die Demokratie belebt. Beim Reclaim Democracy vom 13. &#8211; 14. September 2024 soll in Z\u00fcrich miteinander dar\u00fcber nachgedacht werden, wie wir die heutigen Krisen solidarisch und demokratisch bew\u00e4ltigen k\u00f6nnen.<br><br><strong>Dabei bieten auch KOFF-Organisationen unterschiedliche Workshops an:<\/strong><\/p>\n\n\n\n<p>Freitag, 13.09., 15.00 &#8211; 16.30: Eine radikaldemokratische Zukunft dank Konf\u00f6deralismus? <em>&#8211; ein Workshop organisiert von medico international <\/em><\/p>\n\n\n\n<p>Freitag, 13.09., 15.00 &#8211; 16.30 Uhr: Atomwaffenverbotsvertrag: Raus aus der Aufr\u00fcstungssackgasse &#8211; <em>ein Workshop organisiert von der GSoA<\/em><\/p>\n\n\n\n<p>Samstag, 14.09., 13.15 \u2013 14.45 Uhr: Die Dekolonisierung des internationalen Steuersystems <em>&#8211; ein Workshop organisiert von Alliance Sud<\/em><\/p>\n\n\n\n<p>Samstag, 14.09., 15.00 \u2013 16.30 Uhr&nbsp;&nbsp; Feministische Perspektiven auf gewaltfreiere Partizipation &#8211; <em>ein Workshop organisiert von Frieda \u2013 der<\/em> <em>feministischen Friedensorganisation<\/em><\/p>\n\n\n\n<p>Weitere Informationen &amp; Tickets <a rel=\"noreferrer noopener\" href=\"https:\/\/www.reclaim-democracy.org\/\" target=\"_blank\">hier<\/a>.<\/p>\n\n\n\n<p><\/p>\n\n\n\n<h2><strong>Mission 21<\/strong><\/h2>\n\n\n\n<p><strong>19. September 2024, 13:00-16:00 &amp; 19:00-20:30 (CEST) &amp;<\/strong> <strong>20. September 2024, 14:00-17:00 (CEST), online<\/strong><br>Mission 21 freut sich, Sie zum zweiten Internationalen Forum f\u00fcr interreligi\u00f6se und transkulturelle Friedensf\u00f6rderung am 19. und 20. September 2024 einzuladen! Das Thema der zweit\u00e4gigen Online-Konferenz ist \u00abDARING RECONCILIATION?!\u00bb \u2013 \u00abVers\u00f6hnung wagen?!\u00bb Ist Vers\u00f6hnung \u00fcberhaupt m\u00f6glich in polarisierten Konfliktsituationen, wie wir sie in vielen L\u00e4ndern finden? Was lehren uns psychologische und philosophische Konzepte, Erfahrungen aus Friedensprozessen und aus religi\u00f6sen Traditionen und spirituellen Praktiken?<\/p>\n\n\n\n<p>Unser attraktives Programm umfasst Grundsatzreferate von Fachpersonen aus interreligi\u00f6sen und transkulturellen Friedensinitiativen in Afrika, Asien und Lateinamerika<strong>. <\/strong>Auch gibt es wieder Gelegenheit, sich in Workshops mit Expert:innen und Interessierten zu den Themen Friedensf\u00f6rderung und Vers\u00f6hnung<strong> <\/strong>auszutauschen \u2013 am letztj\u00e4hrigen Forum haben \u00fcber 100 Personen aus der ganzen Welt teilgenommen.<\/p>\n\n\n\n<p><em>Die Veranstaltung ist \u00f6ffentlich, kostenlos und findet auf Englisch und Spanisch statt.<\/em><br>Weitere Informationen und Anmeldung <a rel=\"noreferrer noopener\" href=\"https:\/\/www.mission-21.org\/veranstaltung\/internationales-forum-zu-interreligioeser-und-transkultureller-friedensfoerderung\/\" target=\"_blank\">hier<\/a>.<a href=\"https:\/\/www.mission-21.org\/veranstaltung\/internationales-forum-zu-interreligioeser-und-transkultureller-friedensfoerderung\/\"><br><\/a><\/p>\n\n\n\n<h2><strong>Geneva Peace Talks<\/strong><\/h2>\n\n\n\n<p><strong>19. September 2024, 15.00 &#8211; 17.00 Uhr, Saal XVII im Palais des Nations &amp; Online<\/strong><\/p>\n\n\n\n<p>Anl\u00e4sslich des Internationalen Tages des Friedens und des 30-j\u00e4hrigen Bestehens von Interpeace finden die Genfer Friedensgespr\u00e4che 2024 in diesem September statt und werden online \u00fcbertragen. Im Anschluss an die Veranstaltung findet ein Empfang in der Bar Serpent statt.<\/p>\n\n\n\n<p>Unter dem \u00fcbergreifenden Thema \u00abDie Zukunft des Friedens\u00bb werden bei den diesj\u00e4hrigen Geneva PeaceTalks pers\u00f6nliche Geschichten von Menschen an der Spitze der Friedensarbeit vorgestellt, die die Vergangenheit, die Gegenwart und die Zukunft des Friedens miteinander verbinden.<\/p>\n\n\n\n<p>Die Geneva PeaceTalks werden vom B\u00fcro der Vereinten Nationen in Genf, Interpeace, der Geneva Peacebuilding Platform, der Schweizer Regierung und in Partnerschaft mit Stadt und Kanton Genf, Mirabaud und Nagulendran Philanthropy organisiert.<\/p>\n\n\n\n<p>Weitere Informationen und Anmeldung <a rel=\"noreferrer noopener\" href=\"https:\/\/www.peacetalks.net\/pt\/geneva-peacetalks-2024\/\" target=\"_blank\">hier<\/a>. <\/p>\n\n\n\n<p><\/p>\n\n\n\n<h2><strong>Geneva Peace Week<\/strong><\/h2>\n\n\n\n<p><strong>14. &#8211; 18. Oktober 2024, Genf<\/strong><br>Die Genfer Friedenswoche ist ein j\u00e4hrlich stattfindendes Forum, in dem Genfer Organisationen und ihre internationalen Partner:innen zusammenkommen, um Wissen und Praktiken zu einer Vielzahl von friedensrelevanten Themen in verschiedenen Kontexten und Disziplinen auszutauschen.<\/p>\n\n\n\n<p>In einer Zeit, die von Konflikten und Unsicherheit gepr\u00e4gt ist, stellt die 11. Ausgabe der Genfer Friedenswoche eine grundlegende Frage: \u00abWas ist Frieden?\u00bb. Angesichts der eskalierenden Konflikte, der zunehmenden Ungleichheit und der beispiellosen globalen Herausforderungen, die die Welt zu bew\u00e4ltigen hat, ist dieses \u00fcbergreifende Thema eine eindringliche Erinnerung an die schwer fassbare Natur des Friedens und die dringende Notwendigkeit, seine Bedeutung neu zu definieren und zu bekr\u00e4ftigen. \u00abWas ist Frieden?\u00bb ist vor allem ein Aufruf zum Handeln aus der ganzen Welt.<br>Weitere Informationen <a rel=\"noreferrer noopener\" href=\"https:\/\/www.genevapeaceweek.ch\" target=\"_blank\">hier<\/a>.<\/p>\n\n\n\n<p><\/p>\n\n\n\n<h2><strong>Kitchen Battler Luzern, Bern &amp; Z\u00fcrich<\/strong><\/h2>\n\n\n\n<p><strong>Luzern: 01. &#8211; 03. November, Bern: 07. &#8211; 09. November, Z\u00fcrich: 14. &#8211; 16. November<\/strong><\/p>\n\n\n\n<p>Der Kitchen Battle ist ein einzigartiger gastrokultureller Benefiz-Anlass, der von Cuisine sans fronti\u00e8res zur Finanzierung der internationalen Projekte der Organisation organisiert wird. Dieses Jahr fliessen die Einnahmen direkt in die Gemeinschaftsk\u00fcche Tha&#8217;Irat. Verschiedene Teams, von Haute Cuisine bis Szenebeiz, kochen live auf der B\u00fchne, vor und f\u00fcr Publikum gegeneinander.<\/p>\n\n\n\n<p>Die Daten der diesj\u00e4hrigen Kitchen Battle Tour:<\/p>\n\n\n\n<p><strong>Luzern: 01. &#8211; 03. November<\/strong><\/p>\n\n\n\n<p><strong>Bern: 0<strong>7. &#8211; 09.<\/strong> November<\/strong><\/p>\n\n\n\n<p><strong>Z\u00fcrich: <strong>14. &#8211; 16.<\/strong><\/strong> <strong>November <\/strong><\/p>\n\n\n\n<p>Weitere Informationen &amp; Tickets <a rel=\"noreferrer noopener\" href=\"https:\/\/kitchenbattle.ch\/\" target=\"_blank\">hier<\/a>. <\/p>\n\n\n\n<p><\/p>\n\n\n\n<h2><strong>Helvetas Symposium 2024 \u00ab<\/strong><strong>Driving Development Cooperation in a Changing World<\/strong>\u00bb<\/h2>\n\n\n\n<p><strong>05. November 2024, 14.00-17.30 Uhr, anschliessend Netzwerk-Happy-Hour, Eventfabrik Bern<\/strong><\/p>\n\n\n\n<p>Die Prognosen \u00fcber die Zukunft der Welt sind zunehmend pessimistisch. Die Polarisierung auf geopolitischer und nationaler Ebene nimmt zu. Es erweist sich als schwierig, einen gemeinsamen Willen und ein gemeinsames Engagement zur Bew\u00e4ltigung globaler Probleme zu finden &#8211; ob es sich nun um den Klimawandel, regionale Konflikte, Armut, Fortschritte bei der k\u00fcnstlichen Intelligenz oder andere die Menschheit bedrohende Themen handelt.<\/p>\n\n\n\n<p>Die globale Politik ver\u00e4ndert sich grundlegend, und dies erfordert ein systemisches Umdenken in der Entwicklungszusammenarbeit.<\/p>\n\n\n\n<p>Das Helvetas Symposium 2024 diskutiert aktuelle Herausforderungen und geht Fragen nach wie: Was sollten die Priorit\u00e4ten f\u00fcr die internationale Zusammenarbeit in den kommenden 10 Jahren sein? Welche Rolle sollten die verschiedenen Akteure angesichts des sich ver\u00e4ndernden globalen Kontextes spielen? Wie sieht die Zukunft der Schweizer Entwicklungszusammenarbeit aus?<\/p>\n\n\n\n<p>Weitere Informationen &amp; Anmeldung <a rel=\"noreferrer noopener\" href=\"https:\/\/www.helvetas.org\/en\/switzerland\/who-we-are\/events\/symposium\/symposium--2024\" target=\"_blank\">hier<\/a>.<\/p>\n","protected":false},"excerpt":{"rendered":"<p>Reclaim Democracy Kongress 13. &#8211; 14. September 2024, Z\u00fcrichKrise \u00fcberall! Aber wo sind die positiven Zukunftsentw\u00fcrfe? Hoffnungsvolle Perspektiven sind der Sauerstoff, der die Demokratie belebt. Beim Reclaim Democracy vom 13. &#8211; 14. September 2024 soll in Z\u00fcrich miteinander dar\u00fcber nachgedacht werden, wie wir die heutigen Krisen solidarisch und demokratisch bew\u00e4ltigen k\u00f6nnen. Dabei bieten auch KOFF-Organisationen <a href=\"https:\/\/koff.swisspeace.ch\/apropos\/4328\/events-15\/\" class=\"more-link\">&#8230;<span class=\"screen-reader-text\">  Events<\/span><\/a><\/p>\n","protected":false},"author":3,"featured_media":392,"comment_status":"closed","ping_status":"closed","sticky":false,"template":"","format":"standard","meta":{"advgb_blocks_editor_width":"","advgb_blocks_columns_visual_guide":""},"categories":[93],"tags":[],"issue":[304],"acf":[],"author_meta":{"display_name":"\u00e0 propos","author_link":"https:\/\/koff.swisspeace.ch\/apropos\/author\/apropos\/"},"featured_img":"https:\/\/koff.swisspeace.ch\/apropos\/wp-content\/uploads\/2023\/01\/Bildschirmfoto-2023-01-03-um-11.57.47-e1672743726765-300x200.png","coauthors":[],"tax_additional":{"categories":{"linked":["<a href=\"https:\/\/koff.swisspeace.ch\/apropos\/category\/calendar-de\/\" class=\"advgb-post-tax-term\">Kalender<\/a>"],"unlinked":["<span class=\"advgb-post-tax-term\">Kalender<\/span>"]}},"comment_count":0,"relative_dates":{"created":"Posted 2 years ago","modified":"Updated 2 years ago"},"absolute_dates":{"created":"Posted on September 9, 2024","modified":"Updated on September 9, 2024"},"absolute_dates_time":{"created":"Posted on September 9, 2024 8:44 am","modified":"Updated on September 9, 2024 9:58 am"},"featured_img_caption":"","series_order":null,"_links":{"self":[{"href":"https:\/\/koff.swisspeace.ch\/apropos\/wp-json\/wp\/v2\/posts\/4328"}],"collection":[{"href":"https:\/\/koff.swisspeace.ch\/apropos\/wp-json\/wp\/v2\/posts"}],"about":[{"href":"https:\/\/koff.swisspeace.ch\/apropos\/wp-json\/wp\/v2\/types\/post"}],"author":[{"embeddable":true,"href":"https:\/\/koff.swisspeace.ch\/apropos\/wp-json\/wp\/v2\/users\/3"}],"replies":[{"embeddable":true,"href":"https:\/\/koff.swisspeace.ch\/apropos\/wp-json\/wp\/v2\/comments?post=4328"}],"version-history":[{"count":10,"href":"https:\/\/koff.swisspeace.ch\/apropos\/wp-json\/wp\/v2\/posts\/4328\/revisions"}],"predecessor-version":[{"id":4548,"href":"https:\/\/koff.swisspeace.ch\/apropos\/wp-json\/wp\/v2\/posts\/4328\/revisions\/4548"}],"wp:featuredmedia":[{"embeddable":true,"href":"https:\/\/koff.swisspeace.ch\/apropos\/wp-json\/wp\/v2\/media\/392"}],"wp:attachment":[{"href":"https:\/\/koff.swisspeace.ch\/apropos\/wp-json\/wp\/v2\/media?parent=4328"}],"wp:term":[{"taxonomy":"category","embeddable":true,"href":"https:\/\/koff.swisspeace.ch\/apropos\/wp-json\/wp\/v2\/categories?post=4328"},{"taxonomy":"post_tag","embeddable":true,"href":"https:\/\/koff.swisspeace.ch\/apropos\/wp-json\/wp\/v2\/tags?post=4328"},{"taxonomy":"issue","embeddable":true,"href":"https:\/\/koff.swisspeace.ch\/apropos\/wp-json\/wp\/v2\/issue?post=4328"}],"curies":[{"name":"wp","href":"https:\/\/api.w.org\/{rel}","templated":true}]}}