{"id":4339,"date":"2024-09-09T08:38:47","date_gmt":"2024-09-09T08:38:47","guid":{"rendered":"https:\/\/koff.swisspeace.ch\/apropos\/?p=4339"},"modified":"2024-09-09T08:38:47","modified_gmt":"2024-09-09T08:38:47","slug":"helvetas-polit-sichten-3","status":"publish","type":"post","link":"https:\/\/koff.swisspeace.ch\/apropos\/4339\/helvetas-polit-sichten-3\/","title":{"rendered":"Helvetas Polit-Sichten"},"content":{"rendered":"\n<p>Avec Polit-Sichten ou \u00ab\u202fPoints de Vue Politiques\u202f\u00bb, Helvetas propose chaque mois un aper\u00e7u des sujets li\u00e9s \u00e0 la politique de d\u00e9veloppement. Dans l&#8217;\u00e9dition actuelle, Helvetas souligne que le monde que les m\u00e9dias nous pr\u00e9sentent devient de plus en plus restreint et que les lacunes de l&#8217;information en temps de crises et de changement climatique sont dangereuses . Helvetas relate \u00e9galement de quatre obstacles qui compromettent l&#8217;objectif de limiter le r\u00e9chauffement climatique \u00e0 1,5 degr\u00e9, tel que fix\u00e9 par l&#8217;Accord de Paris, et propose des solutions. L&#8217;organisation aborde aussi les d\u00e9bats sous la coupole du Palais f\u00e9d\u00e9ral, des fonds qui sont pr\u00e9vus pour l&#8217;aide humanitaire, la coop\u00e9ration au d\u00e9veloppement et la politique de paix pr\u00e9ventive qui doivent soudainement servir \u00e0 couvrir d&#8217;autres d\u00e9penses<\/p>\n","protected":false},"excerpt":{"rendered":"<p>Avec Polit-Sichten ou \u00ab\u202fPoints de Vue Politiques\u202f\u00bb, Helvetas propose chaque mois un aper\u00e7u des sujets li\u00e9s \u00e0 la politique de d\u00e9veloppement. Dans l&#8217;\u00e9dition actuelle, Helvetas souligne que le monde que les m\u00e9dias nous pr\u00e9sentent devient de plus en plus restreint et que les lacunes de l&#8217;information en temps de crises et de changement climatique sont <a href=\"https:\/\/koff.swisspeace.ch\/apropos\/4339\/helvetas-polit-sichten-3\/\" class=\"more-link\">&#8230;<span class=\"screen-reader-text\">  Helvetas Polit-Sichten<\/span><\/a><\/p>\n","protected":false},"author":3,"featured_media":4304,"comment_status":"closed","ping_status":"closed","sticky":false,"template":"","format":"standard","meta":{"advgb_blocks_editor_width":"","advgb_blocks_columns_visual_guide":""},"categories":[99],"tags":[],"issue":[306],"acf":[],"author_meta":{"display_name":"\u00e0 propos","author_link":"https:\/\/koff.swisspeace.ch\/apropos\/author\/apropos\/"},"featured_img":"https:\/\/koff.swisspeace.ch\/apropos\/wp-content\/uploads\/2024\/09\/Politsichten_Helvetas186-600x331.png","coauthors":[],"tax_additional":{"categories":{"linked":["<a href=\"https:\/\/koff.swisspeace.ch\/apropos\/category\/news-fr\/\" class=\"advgb-post-tax-term\">Actualit\u00e9<\/a>"],"unlinked":["<span class=\"advgb-post-tax-term\">Actualit\u00e9<\/span>"]}},"comment_count":0,"relative_dates":{"created":"Posted 2 years ago","modified":"Updated 2 years ago"},"absolute_dates":{"created":"Posted on September 9, 2024","modified":"Updated on September 9, 2024"},"absolute_dates_time":{"created":"Posted on September 9, 2024 8:38 am","modified":"Updated on September 9, 2024 8:38 am"},"featured_img_caption":"","series_order":null,"_links":{"self":[{"href":"https:\/\/koff.swisspeace.ch\/apropos\/wp-json\/wp\/v2\/posts\/4339"}],"collection":[{"href":"https:\/\/koff.swisspeace.ch\/apropos\/wp-json\/wp\/v2\/posts"}],"about":[{"href":"https:\/\/koff.swisspeace.ch\/apropos\/wp-json\/wp\/v2\/types\/post"}],"author":[{"embeddable":true,"href":"https:\/\/koff.swisspeace.ch\/apropos\/wp-json\/wp\/v2\/users\/3"}],"replies":[{"embeddable":true,"href":"https:\/\/koff.swisspeace.ch\/apropos\/wp-json\/wp\/v2\/comments?post=4339"}],"version-history":[{"count":5,"href":"https:\/\/koff.swisspeace.ch\/apropos\/wp-json\/wp\/v2\/posts\/4339\/revisions"}],"predecessor-version":[{"id":4344,"href":"https:\/\/koff.swisspeace.ch\/apropos\/wp-json\/wp\/v2\/posts\/4339\/revisions\/4344"}],"wp:featuredmedia":[{"embeddable":true,"href":"https:\/\/koff.swisspeace.ch\/apropos\/wp-json\/wp\/v2\/media\/4304"}],"wp:attachment":[{"href":"https:\/\/koff.swisspeace.ch\/apropos\/wp-json\/wp\/v2\/media?parent=4339"}],"wp:term":[{"taxonomy":"category","embeddable":true,"href":"https:\/\/koff.swisspeace.ch\/apropos\/wp-json\/wp\/v2\/categories?post=4339"},{"taxonomy":"post_tag","embeddable":true,"href":"https:\/\/koff.swisspeace.ch\/apropos\/wp-json\/wp\/v2\/tags?post=4339"},{"taxonomy":"issue","embeddable":true,"href":"https:\/\/koff.swisspeace.ch\/apropos\/wp-json\/wp\/v2\/issue?post=4339"}],"curies":[{"name":"wp","href":"https:\/\/api.w.org\/{rel}","templated":true}]}}