{"id":4345,"date":"2024-09-09T08:38:48","date_gmt":"2024-09-09T08:38:48","guid":{"rendered":"https:\/\/koff.swisspeace.ch\/apropos\/?p=4345"},"modified":"2024-09-09T08:38:48","modified_gmt":"2024-09-09T08:38:48","slug":"fondation-hirondelle-mediation-n13","status":"publish","type":"post","link":"https:\/\/koff.swisspeace.ch\/apropos\/4345\/fondation-hirondelle-mediation-n13\/","title":{"rendered":"Fondation Hirondelle Mediation N\u00b013"},"content":{"rendered":"\n<p><strong>Structurer le journalisme en exil dans un monde de plus en plus autoritaire<\/strong><\/p>\n\n\n\n<p>La Fondation Hirondelle a toujours cherch\u00e9 \u00e0 soutenir les m\u00e9dias dans les r\u00e9gions touch\u00e9es par les crises, afin de garantir un espace de dialogue inclusif. Parfois, cependant, l&#8217;augmentation des atteintes \u00e0 la libert\u00e9 de la presse devient si g\u00e9n\u00e9ralis\u00e9e que la situation n&#8217;est plus viable. Les journalistes sont contraint\u00b7es \u00e0 l&#8217;exil pour \u00e9chapper \u00e0 l&#8217;emprisonnement, \u00e0 la violence et \u00e0 la mort, simplement pour avoir rapport\u00e9 des faits, en particulier dans les pays autoritaires ou en conflit.<\/p>\n\n\n\n<p>Ce 13e num\u00e9ro de \u00ab\u202fM\u00e9diation\u202f\u00bb donne la parole \u00e0 des journalistes exil\u00e9\u00b7es de Gaza, d&#8217;\u00c9rythr\u00e9e, du Myanmar et de Russie, qui partagent leurs parcours vers l&#8217;exil et leurs r\u00e9flexions sur la mani\u00e8re de rester en s\u00e9curit\u00e9, de pr\u00e9server leur sant\u00e9 mentale et de continuer \u00e0 rapporter les faits avec pr\u00e9cision dans les circonstances les plus difficiles.<\/p>\n","protected":false},"excerpt":{"rendered":"<p>Structurer le journalisme en exil dans un monde de plus en plus autoritaire La Fondation Hirondelle a toujours cherch\u00e9 \u00e0 soutenir les m\u00e9dias dans les r\u00e9gions touch\u00e9es par les crises, afin de garantir un espace de dialogue inclusif. Parfois, cependant, l&#8217;augmentation des atteintes \u00e0 la libert\u00e9 de la presse devient si g\u00e9n\u00e9ralis\u00e9e que la situation <a href=\"https:\/\/koff.swisspeace.ch\/apropos\/4345\/fondation-hirondelle-mediation-n13\/\" class=\"more-link\">&#8230;<span class=\"screen-reader-text\">  Fondation Hirondelle Mediation N\u00b013<\/span><\/a><\/p>\n","protected":false},"author":3,"featured_media":4316,"comment_status":"closed","ping_status":"closed","sticky":false,"template":"","format":"standard","meta":{"advgb_blocks_editor_width":"","advgb_blocks_columns_visual_guide":""},"categories":[99],"tags":[],"issue":[306],"acf":[],"author_meta":{"display_name":"\u00e0 propos","author_link":"https:\/\/koff.swisspeace.ch\/apropos\/author\/apropos\/"},"featured_img":"https:\/\/koff.swisspeace.ch\/apropos\/wp-content\/uploads\/2024\/09\/Fondation-HirondelleNews186-600x332.png","coauthors":[],"tax_additional":{"categories":{"linked":["<a href=\"https:\/\/koff.swisspeace.ch\/apropos\/category\/news-fr\/\" class=\"advgb-post-tax-term\">Actualit\u00e9<\/a>"],"unlinked":["<span class=\"advgb-post-tax-term\">Actualit\u00e9<\/span>"]}},"comment_count":0,"relative_dates":{"created":"Posted 2 years ago","modified":"Updated 2 years ago"},"absolute_dates":{"created":"Posted on September 9, 2024","modified":"Updated on September 9, 2024"},"absolute_dates_time":{"created":"Posted on September 9, 2024 8:38 am","modified":"Updated on September 9, 2024 8:38 am"},"featured_img_caption":"","series_order":null,"_links":{"self":[{"href":"https:\/\/koff.swisspeace.ch\/apropos\/wp-json\/wp\/v2\/posts\/4345"}],"collection":[{"href":"https:\/\/koff.swisspeace.ch\/apropos\/wp-json\/wp\/v2\/posts"}],"about":[{"href":"https:\/\/koff.swisspeace.ch\/apropos\/wp-json\/wp\/v2\/types\/post"}],"author":[{"embeddable":true,"href":"https:\/\/koff.swisspeace.ch\/apropos\/wp-json\/wp\/v2\/users\/3"}],"replies":[{"embeddable":true,"href":"https:\/\/koff.swisspeace.ch\/apropos\/wp-json\/wp\/v2\/comments?post=4345"}],"version-history":[{"count":2,"href":"https:\/\/koff.swisspeace.ch\/apropos\/wp-json\/wp\/v2\/posts\/4345\/revisions"}],"predecessor-version":[{"id":4347,"href":"https:\/\/koff.swisspeace.ch\/apropos\/wp-json\/wp\/v2\/posts\/4345\/revisions\/4347"}],"wp:featuredmedia":[{"embeddable":true,"href":"https:\/\/koff.swisspeace.ch\/apropos\/wp-json\/wp\/v2\/media\/4316"}],"wp:attachment":[{"href":"https:\/\/koff.swisspeace.ch\/apropos\/wp-json\/wp\/v2\/media?parent=4345"}],"wp:term":[{"taxonomy":"category","embeddable":true,"href":"https:\/\/koff.swisspeace.ch\/apropos\/wp-json\/wp\/v2\/categories?post=4345"},{"taxonomy":"post_tag","embeddable":true,"href":"https:\/\/koff.swisspeace.ch\/apropos\/wp-json\/wp\/v2\/tags?post=4345"},{"taxonomy":"issue","embeddable":true,"href":"https:\/\/koff.swisspeace.ch\/apropos\/wp-json\/wp\/v2\/issue?post=4345"}],"curies":[{"name":"wp","href":"https:\/\/api.w.org\/{rel}","templated":true}]}}