{"id":4355,"date":"2024-09-09T08:44:11","date_gmt":"2024-09-09T08:44:11","guid":{"rendered":"https:\/\/koff.swisspeace.ch\/apropos\/?p=4355"},"modified":"2024-11-13T08:24:35","modified_gmt":"2024-11-13T08:24:35","slug":"kultur-fur-frieden-nutzen","status":"publish","type":"post","link":"https:\/\/koff.swisspeace.ch\/apropos\/4355\/kultur-fur-frieden-nutzen\/","title":{"rendered":"Kultur \u2013 Welches Potenzial f\u00fcr den Frieden bietet sie?"},"content":{"rendered":"\n<div class=\"wp-block-advgb-images-slider advgb-images-slider-block advg-images-slider-1645f067-200f-48c0-9d38-34a7cd467a73\"><div class=\"advgb-images-slider\" dir=\"ltr\"><div class=\"advgb-image-slider-item\"><img decoding=\"async\" src=\"https:\/\/koff.swisspeace.ch\/apropos\/wp-content\/uploads\/2024\/09\/1_Edito186-1.jpg\" class=\"advgb-image-slider-img\" alt=\"\" style=\"width:100%;height:auto\"\/><div class=\"advgb-image-slider-item-info\" style=\"justify-content:flex-end;align-items:center\"><a class=\"advgb-image-slider-overlay\" target=\"_blank\" rel=\"noopener noreferrer\" href=\"#\" style=\"opacity:0.5\"><\/a><\/div><\/div><div class=\"advgb-image-slider-item\"><img decoding=\"async\" src=\"https:\/\/koff.swisspeace.ch\/apropos\/wp-content\/uploads\/2024\/09\/EDA186-1.jpg\" class=\"advgb-image-slider-img\" alt=\"Kultur schafft Raum f\u00fcr Dialog \u2014 Eine Grundlage f\u00fcr nachhaltigen Frieden \" style=\"width:100%;height:auto\"\/><div class=\"advgb-image-slider-item-info\" style=\"justify-content:flex-end;align-items:center\"><a class=\"advgb-image-slider-overlay\" target=\"_blank\" rel=\"noopener noreferrer\" href=\"https:\/\/koff.swisspeace.ch\/apropos\/4218\/kultur-schafft-raum-fur-dialog-eine-grundlage-fur-nachhaltigen-frieden\/\" style=\"opacity:0.5\"><\/a><h4 class=\"advgb-image-slider-title\">Kultur schafft Raum f\u00fcr Dialog \u2014 Eine Grundlage f\u00fcr nachhaltigen Frieden <\/h4><\/div><\/div><div class=\"advgb-image-slider-item\"><img decoding=\"async\" src=\"https:\/\/koff.swisspeace.ch\/apropos\/wp-content\/uploads\/2024\/09\/\u00a9\ufe0fMariaTkachuk-IlSo24-2.png\" class=\"advgb-image-slider-img\" alt=\"Friedenskultur \u2013 unser Friedenspotential entfalten \" style=\"width:100%;height:auto\"\/><div class=\"advgb-image-slider-item-info\" style=\"justify-content:flex-end;align-items:center\"><a class=\"advgb-image-slider-overlay\" target=\"_blank\" rel=\"noopener noreferrer\" href=\"https:\/\/koff.swisspeace.ch\/apropos\/4211\/friedenskultur-unser-friedenspotential-entfalten\/\" style=\"opacity:0.5\"><\/a><h4 class=\"advgb-image-slider-title\">Friedenskultur \u2013 unser Friedenspotential entfalten <\/h4><\/div><\/div><div class=\"advgb-image-slider-item\"><img decoding=\"async\" src=\"https:\/\/koff.swisspeace.ch\/apropos\/wp-content\/uploads\/2024\/09\/186Helvetas.jpg\" class=\"advgb-image-slider-img\" alt=\"Myanmar \u2013 Kultur f\u00fcr Frieden\" style=\"width:100%;height:auto\"\/><div class=\"advgb-image-slider-item-info\" style=\"justify-content:flex-end;align-items:center\"><a class=\"advgb-image-slider-overlay\" target=\"_blank\" rel=\"noopener noreferrer\" href=\"https:\/\/koff.swisspeace.ch\/apropos\/4239\/myanmar-kultur-fur-frieden\/\" style=\"opacity:0.5\"><\/a><h4 class=\"advgb-image-slider-title\">Myanmar \u2013 Kultur f\u00fcr Frieden<\/h4><\/div><\/div><\/div><\/div>\n\n\n\n<p>Die Rolle kultureller Aktivit\u00e4ten bei der Friedensf\u00f6rderung und sozialem Zusammenhalt wurde bereits in mehreren fr\u00fcheren Ausgaben von \u00e0 propos als Unterthema behandelt. In dieser Ausgabe vom September 2024 gehen wir jedoch n\u00e4her auf die verschiedenen Interpretationen von Kultur ein, die unsere Autor:innen vertreten, und beleuchten, wie sie das Potenzial von Kultur f\u00fcr die Friedensf\u00f6rderung einsetzen.\u00a0\u00a0<\/p>\n\n\n\n<p>Die UNESCO beschreibt Kultur als die geistigen, materiellen, intellektuellen und emotionalen Merkmale, die eine Gesellschaft ausmachen, einschliesslich ihrer Kunst, ihres Lebensstils, ihrer Menschenrechte, ihrer Wertesysteme, ihrer Traditionen und ihres Glaubens. W\u00e4hrend Kultur zu gegenseitigem Verst\u00e4ndnis und Einheit beitragen kann, kann sie auch zu einer Quelle von Spannungen werden, insbesondere wenn ihre Ausdrucksformen nicht toleriert, akzeptiert oder zur Rechtfertigung politisch motivierter Gewalt instrumentalisiert werden.&nbsp;&nbsp;<\/p>\n\n\n\n<p>Trotz der ambilaventen Wirkung von Kultur betont diese Ausgabe die positiven Wirkungen. Dementsprechend werden sowohl die Theorien als auch die praktischen Strategien zur effektiven Nutzung von Kultur als&nbsp; Potenzials erforscht. Von der Notwendigkeit, eine Kultur des Friedens zu schaffen, bis hin zur Einbeziehung verschiedener Kunstformen, des kulturellen Austauschs und kulinarischer Traditionen wird gezeigt, dass Kultur eine wichtige Grundlage f\u00fcr den Dialog und das gegenseitige Verst\u00e4ndnis bieten kann &#8211; wichtige Voraussetzungen f\u00fcr die Verwirklichung und Aufrechteraltung eines friedlichen Zusammenlebens.&nbsp;<\/p>\n\n\n\n<p>Ich w\u00fcnsche eine angeneheme Lekt\u00fcre.<\/p>\n\n\n\n<p>Redakteurin des <a rel=\"noreferrer noopener\" href=\"https:\/\/koff.swisspeace.ch\/\" target=\"_blank\">KOFF<\/a> Magazins, Sanjally Jobarteh<\/p>\n","protected":false},"excerpt":{"rendered":"<p>Die Rolle kultureller Aktivit\u00e4ten bei der Friedensf\u00f6rderung und sozialem Zusammenhalt wurde bereits in mehreren fr\u00fcheren Ausgaben von \u00e0 propos als Unterthema behandelt. In dieser Ausgabe vom September 2024 gehen wir jedoch n\u00e4her auf die verschiedenen Interpretationen von Kultur ein, die unsere Autor:innen vertreten, und beleuchten, wie sie das Potenzial von Kultur f\u00fcr die Friedensf\u00f6rderung einsetzen.\u00a0\u00a0 <a href=\"https:\/\/koff.swisspeace.ch\/apropos\/4355\/kultur-fur-frieden-nutzen\/\" class=\"more-link\">&#8230;<span class=\"screen-reader-text\">  Kultur \u2013 Welches Potenzial f\u00fcr den Frieden bietet sie?<\/span><\/a><\/p>\n","protected":false},"author":3,"featured_media":0,"comment_status":"closed","ping_status":"closed","sticky":false,"template":"","format":"standard","meta":{"advgb_blocks_editor_width":"","advgb_blocks_columns_visual_guide":""},"categories":[26],"tags":[],"issue":[304],"acf":[],"author_meta":{"display_name":"\u00e0 propos","author_link":"https:\/\/koff.swisspeace.ch\/apropos\/author\/apropos\/"},"featured_img":null,"coauthors":[],"tax_additional":{"categories":{"linked":["<a href=\"https:\/\/koff.swisspeace.ch\/apropos\/category\/editorial-de\/\" class=\"advgb-post-tax-term\">Editorial<\/a>"],"unlinked":["<span class=\"advgb-post-tax-term\">Editorial<\/span>"]}},"comment_count":0,"relative_dates":{"created":"Posted 2 years ago","modified":"Updated 2 years ago"},"absolute_dates":{"created":"Posted on September 9, 2024","modified":"Updated on November 13, 2024"},"absolute_dates_time":{"created":"Posted on September 9, 2024 8:44 am","modified":"Updated on November 13, 2024 8:24 am"},"featured_img_caption":"","series_order":null,"_links":{"self":[{"href":"https:\/\/koff.swisspeace.ch\/apropos\/wp-json\/wp\/v2\/posts\/4355"}],"collection":[{"href":"https:\/\/koff.swisspeace.ch\/apropos\/wp-json\/wp\/v2\/posts"}],"about":[{"href":"https:\/\/koff.swisspeace.ch\/apropos\/wp-json\/wp\/v2\/types\/post"}],"author":[{"embeddable":true,"href":"https:\/\/koff.swisspeace.ch\/apropos\/wp-json\/wp\/v2\/users\/3"}],"replies":[{"embeddable":true,"href":"https:\/\/koff.swisspeace.ch\/apropos\/wp-json\/wp\/v2\/comments?post=4355"}],"version-history":[{"count":13,"href":"https:\/\/koff.swisspeace.ch\/apropos\/wp-json\/wp\/v2\/posts\/4355\/revisions"}],"predecessor-version":[{"id":4956,"href":"https:\/\/koff.swisspeace.ch\/apropos\/wp-json\/wp\/v2\/posts\/4355\/revisions\/4956"}],"wp:attachment":[{"href":"https:\/\/koff.swisspeace.ch\/apropos\/wp-json\/wp\/v2\/media?parent=4355"}],"wp:term":[{"taxonomy":"category","embeddable":true,"href":"https:\/\/koff.swisspeace.ch\/apropos\/wp-json\/wp\/v2\/categories?post=4355"},{"taxonomy":"post_tag","embeddable":true,"href":"https:\/\/koff.swisspeace.ch\/apropos\/wp-json\/wp\/v2\/tags?post=4355"},{"taxonomy":"issue","embeddable":true,"href":"https:\/\/koff.swisspeace.ch\/apropos\/wp-json\/wp\/v2\/issue?post=4355"}],"curies":[{"name":"wp","href":"https:\/\/api.w.org\/{rel}","templated":true}]}}