{"id":4357,"date":"2024-09-09T08:38:47","date_gmt":"2024-09-09T08:38:47","guid":{"rendered":"https:\/\/koff.swisspeace.ch\/apropos\/?p=4357"},"modified":"2024-09-09T10:22:43","modified_gmt":"2024-09-09T10:22:43","slug":"culture-quel-potentiel-pour-la-paix","status":"publish","type":"post","link":"https:\/\/koff.swisspeace.ch\/apropos\/4357\/culture-quel-potentiel-pour-la-paix\/","title":{"rendered":"Culture \u2013 Quel potentiel pour la paix?"},"content":{"rendered":"\n<div class=\"wp-block-advgb-images-slider advgb-images-slider-block advg-images-slider-9e607855-218a-4ebc-9c46-30f8eb8ae078\"><div class=\"advgb-images-slider\" dir=\"ltr\"><div class=\"advgb-image-slider-item\"><img decoding=\"async\" src=\"https:\/\/koff.swisspeace.ch\/apropos\/wp-content\/uploads\/2024\/09\/1_Edito186-1.jpg\" class=\"advgb-image-slider-img\" alt=\"\" style=\"width:100%;height:auto\"\/><div class=\"advgb-image-slider-item-info\" style=\"justify-content:flex-end;align-items:center\"><a class=\"advgb-image-slider-overlay\" target=\"_blank\" rel=\"noopener noreferrer\" href=\"#\" style=\"opacity:0.5\"><\/a><\/div><\/div><div class=\"advgb-image-slider-item\"><img decoding=\"async\" src=\"https:\/\/koff.swisspeace.ch\/apropos\/wp-content\/uploads\/2024\/09\/EDA186-1.jpg\" class=\"advgb-image-slider-img\" alt=\"La culture, vectrice de dialogue \u2013 un pilier pour une paix durable\" style=\"width:100%;height:auto\"\/><div class=\"advgb-image-slider-item-info\" style=\"justify-content:flex-end;align-items:center\"><a class=\"advgb-image-slider-overlay\" target=\"_blank\" rel=\"noopener noreferrer\" href=\"https:\/\/koff.swisspeace.ch\/apropos\/4257\/la-culture-vectrice-de-dialogue-un-pilier-pour-une-paix-durable\/\" style=\"opacity:0.5\"><\/a><h4 class=\"advgb-image-slider-title\">La culture, vectrice de dialogue \u2013 un pilier pour une paix durable<\/h4><\/div><\/div><div class=\"advgb-image-slider-item\"><img decoding=\"async\" src=\"https:\/\/koff.swisspeace.ch\/apropos\/wp-content\/uploads\/2024\/09\/\u00a9\ufe0fMariaTkachuk-IlSo24-2.png\" class=\"advgb-image-slider-img\" alt=\"Culture de paix \u2013 D\u00e9cupler notre potentiel\" style=\"width:100%;height:auto\"\/><div class=\"advgb-image-slider-item-info\" style=\"justify-content:flex-end;align-items:center\"><a class=\"advgb-image-slider-overlay\" target=\"_blank\" rel=\"noopener noreferrer\" href=\"https:\/\/koff.swisspeace.ch\/apropos\/4214\/culture-de-paix-decupler-notre-potentiel\/\" style=\"opacity:0.5\"><\/a><h4 class=\"advgb-image-slider-title\">Culture de paix \u2013 D\u00e9cupler notre potentiel<\/h4><\/div><\/div><div class=\"advgb-image-slider-item\"><img decoding=\"async\" src=\"https:\/\/koff.swisspeace.ch\/apropos\/wp-content\/uploads\/2024\/09\/186Helvetas.jpg\" class=\"advgb-image-slider-img\" alt=\"Myanmar \u2013 La culture au service de la paix \" style=\"width:100%;height:auto\"\/><div class=\"advgb-image-slider-item-info\" style=\"justify-content:flex-end;align-items:center\"><a class=\"advgb-image-slider-overlay\" target=\"_blank\" rel=\"noopener noreferrer\" href=\"https:\/\/koff.swisspeace.ch\/apropos\/4242\/myanmar-la-culture-au-service-de-la-paix\/\" style=\"opacity:0.5\"><\/a><h4 class=\"advgb-image-slider-title\">Myanmar \u2013 La culture au service de la paix <\/h4><\/div><\/div><\/div><\/div>\n\n\n\n<p>Le r\u00f4le des activit\u00e9s culturelles dans la promotion de la paix et de la coh\u00e9sion sociale a \u00e9t\u00e9 d\u00e9j\u00e0 mentionn\u00e9 dans plusieurs anciennes \u00e9ditions d\u2019<em>\u00e0 propos<\/em>. Le num\u00e9ro de septembre 2024 donne un aper\u00e7u des diverses interpr\u00e9tations de la culture par nos contributeur\u00b7rices et de la fa\u00e7on dont ils\u00b7elles exploitent son potentiel pour la paix.<\/p>\n\n\n\n<p>L&#8217;UNESCO d\u00e9crit la culture comme englobant les caract\u00e9ristiques spirituelles, mat\u00e9rielles, intellectuelles et \u00e9motionnelles qui d\u00e9finissent une soci\u00e9t\u00e9, y compris ses arts, son mode de vie, les droits humains, ses syst\u00e8mes de valeurs, ses traditions et ses croyances. Bien que la culture puisse contribuer au respect de l&#8217;autre et \u00e0 l&#8217;unit\u00e9, elle peut aussi devenir une source de tensions, surtout lorsque son expression n&#8217;est pas tol\u00e9r\u00e9e, accept\u00e9e ou lorsqu&#8217;elle est instrumentalis\u00e9e pour justifier une violence \u00e0 des fins politiques.<\/p>\n\n\n\n<p>Malgr\u00e9 son ambivalence, cette \u00e9dition met l&#8217;accent sur les impacts positifs de la culture. Elle explore les th\u00e9ories et les strat\u00e9gies pratiques pour en tirer efficacement profit. De la n\u00e9cessit\u00e9 de cultiver une culture de paix \u00e0 l&#8217;implication de diverses formes artistiques, \u00e9changes culturels et traditions culinaires, elle d\u00e9montre que la culture peut offrir un socle solide pour le dialogue et la compr\u00e9hension mutuelle \u2013 des \u00e9l\u00e9ments cl\u00e9s pour instaurer et pr\u00e9server une coexistence pacifique.<\/p>\n\n\n\n<p>Je vous souhaite une agr\u00e9able lecture!<\/p>\n\n\n\n<p>Sanjally Jobarteh, \u00e9ditrice du magazine de <a rel=\"noreferrer noopener\" href=\"https:\/\/koff.swisspeace.ch\/\" target=\"_blank\">KOFF<\/a><\/p>\n","protected":false},"excerpt":{"rendered":"<p>Le r\u00f4le des activit\u00e9s culturelles dans la promotion de la paix et de la coh\u00e9sion sociale a \u00e9t\u00e9 d\u00e9j\u00e0 mentionn\u00e9 dans plusieurs anciennes \u00e9ditions d\u2019\u00e0 propos. Le num\u00e9ro de septembre 2024 donne un aper\u00e7u des diverses interpr\u00e9tations de la culture par nos contributeur\u00b7rices et de la fa\u00e7on dont ils\u00b7elles exploitent son potentiel pour la paix. <a href=\"https:\/\/koff.swisspeace.ch\/apropos\/4357\/culture-quel-potentiel-pour-la-paix\/\" class=\"more-link\">&#8230;<span class=\"screen-reader-text\">  Culture \u2013 Quel potentiel pour la paix?<\/span><\/a><\/p>\n","protected":false},"author":3,"featured_media":0,"comment_status":"closed","ping_status":"closed","sticky":false,"template":"","format":"standard","meta":{"advgb_blocks_editor_width":"","advgb_blocks_columns_visual_guide":""},"categories":[87],"tags":[],"issue":[306],"acf":[],"author_meta":{"display_name":"\u00e0 propos","author_link":"https:\/\/koff.swisspeace.ch\/apropos\/author\/apropos\/"},"featured_img":null,"coauthors":[],"tax_additional":{"categories":{"linked":["<a href=\"https:\/\/koff.swisspeace.ch\/apropos\/category\/editorial-fr\/\" class=\"advgb-post-tax-term\">\u00c9ditorial<\/a>"],"unlinked":["<span class=\"advgb-post-tax-term\">\u00c9ditorial<\/span>"]}},"comment_count":0,"relative_dates":{"created":"Posted 2 years ago","modified":"Updated 2 years ago"},"absolute_dates":{"created":"Posted on September 9, 2024","modified":"Updated on September 9, 2024"},"absolute_dates_time":{"created":"Posted on September 9, 2024 8:38 am","modified":"Updated on September 9, 2024 10:22 am"},"featured_img_caption":"","series_order":null,"_links":{"self":[{"href":"https:\/\/koff.swisspeace.ch\/apropos\/wp-json\/wp\/v2\/posts\/4357"}],"collection":[{"href":"https:\/\/koff.swisspeace.ch\/apropos\/wp-json\/wp\/v2\/posts"}],"about":[{"href":"https:\/\/koff.swisspeace.ch\/apropos\/wp-json\/wp\/v2\/types\/post"}],"author":[{"embeddable":true,"href":"https:\/\/koff.swisspeace.ch\/apropos\/wp-json\/wp\/v2\/users\/3"}],"replies":[{"embeddable":true,"href":"https:\/\/koff.swisspeace.ch\/apropos\/wp-json\/wp\/v2\/comments?post=4357"}],"version-history":[{"count":13,"href":"https:\/\/koff.swisspeace.ch\/apropos\/wp-json\/wp\/v2\/posts\/4357\/revisions"}],"predecessor-version":[{"id":4568,"href":"https:\/\/koff.swisspeace.ch\/apropos\/wp-json\/wp\/v2\/posts\/4357\/revisions\/4568"}],"wp:attachment":[{"href":"https:\/\/koff.swisspeace.ch\/apropos\/wp-json\/wp\/v2\/media?parent=4357"}],"wp:term":[{"taxonomy":"category","embeddable":true,"href":"https:\/\/koff.swisspeace.ch\/apropos\/wp-json\/wp\/v2\/categories?post=4357"},{"taxonomy":"post_tag","embeddable":true,"href":"https:\/\/koff.swisspeace.ch\/apropos\/wp-json\/wp\/v2\/tags?post=4357"},{"taxonomy":"issue","embeddable":true,"href":"https:\/\/koff.swisspeace.ch\/apropos\/wp-json\/wp\/v2\/issue?post=4357"}],"curies":[{"name":"wp","href":"https:\/\/api.w.org\/{rel}","templated":true}]}}