{"id":4365,"date":"2024-09-09T08:44:11","date_gmt":"2024-09-09T08:44:11","guid":{"rendered":"https:\/\/koff.swisspeace.ch\/apropos\/?p=4365"},"modified":"2024-09-09T10:09:28","modified_gmt":"2024-09-09T10:09:28","slug":"dealing-with-the-past-kurs","status":"publish","type":"post","link":"https:\/\/koff.swisspeace.ch\/apropos\/4365\/dealing-with-the-past-kurs\/","title":{"rendered":"Dealing With the Past &#8211; Kurs"},"content":{"rendered":"\n<p>Einen Weg zu finden, um mit einer gewaltsamen Vergangenheit nach einem B\u00fcrgerkrieg oder dem Ende eines autorit\u00e4ren Regimes umzugehen, wird als Grundlage f\u00fcr dauerhaften Frieden, Demokratie und Rechtsstaatlichkeit angesehen. Dies umfasst die Aufarbeitung vergangener Menschenrechtsverletzungen, die strafrechtliche Verfolgung der T\u00e4ter:innen auf nationaler oder internationaler Ebene, die Rehabilitation der Opfer durch Gedenken, die Einrichtung von Wahrheitskommissionen und Rehabilitierungsprogrammen sowie die Umsetzung von Garantien f\u00fcr Nichtwiederholung. <br><br>Die Kursteilnehmende werden solche Prozesse und die verf\u00fcgbaren Mechanismen kritisch reflektieren und deren Auswirkungen auf die Gesellschaft insgesamt sowie auf Opfer und T\u00e4ter im Besonderen bewerten.<\/p>\n","protected":false},"excerpt":{"rendered":"<p>Einen Weg zu finden, um mit einer gewaltsamen Vergangenheit nach einem B\u00fcrgerkrieg oder dem Ende eines autorit\u00e4ren Regimes umzugehen, wird als Grundlage f\u00fcr dauerhaften Frieden, Demokratie und Rechtsstaatlichkeit angesehen. Dies umfasst die Aufarbeitung vergangener Menschenrechtsverletzungen, die strafrechtliche Verfolgung der T\u00e4ter:innen auf nationaler oder internationaler Ebene, die Rehabilitation der Opfer durch Gedenken, die Einrichtung von Wahrheitskommissionen <a href=\"https:\/\/koff.swisspeace.ch\/apropos\/4365\/dealing-with-the-past-kurs\/\" class=\"more-link\">&#8230;<span class=\"screen-reader-text\">  Dealing With the Past &#8211; Kurs<\/span><\/a><\/p>\n","protected":false},"author":3,"featured_media":4553,"comment_status":"closed","ping_status":"closed","sticky":false,"template":"","format":"standard","meta":{"advgb_blocks_editor_width":"","advgb_blocks_columns_visual_guide":""},"categories":[71],"tags":[],"issue":[304],"acf":[],"author_meta":{"display_name":"\u00e0 propos","author_link":"https:\/\/koff.swisspeace.ch\/apropos\/author\/apropos\/"},"featured_img":"https:\/\/koff.swisspeace.ch\/apropos\/wp-content\/uploads\/2024\/09\/2kHaus_original-1-600x331.png","coauthors":[],"tax_additional":{"categories":{"linked":["<a href=\"https:\/\/koff.swisspeace.ch\/apropos\/category\/news-de\/\" class=\"advgb-post-tax-term\">Aktuell<\/a>"],"unlinked":["<span class=\"advgb-post-tax-term\">Aktuell<\/span>"]}},"comment_count":0,"relative_dates":{"created":"Posted 2 years ago","modified":"Updated 2 years ago"},"absolute_dates":{"created":"Posted on September 9, 2024","modified":"Updated on September 9, 2024"},"absolute_dates_time":{"created":"Posted on September 9, 2024 8:44 am","modified":"Updated on September 9, 2024 10:09 am"},"featured_img_caption":"","series_order":null,"_links":{"self":[{"href":"https:\/\/koff.swisspeace.ch\/apropos\/wp-json\/wp\/v2\/posts\/4365"}],"collection":[{"href":"https:\/\/koff.swisspeace.ch\/apropos\/wp-json\/wp\/v2\/posts"}],"about":[{"href":"https:\/\/koff.swisspeace.ch\/apropos\/wp-json\/wp\/v2\/types\/post"}],"author":[{"embeddable":true,"href":"https:\/\/koff.swisspeace.ch\/apropos\/wp-json\/wp\/v2\/users\/3"}],"replies":[{"embeddable":true,"href":"https:\/\/koff.swisspeace.ch\/apropos\/wp-json\/wp\/v2\/comments?post=4365"}],"version-history":[{"count":8,"href":"https:\/\/koff.swisspeace.ch\/apropos\/wp-json\/wp\/v2\/posts\/4365\/revisions"}],"predecessor-version":[{"id":4557,"href":"https:\/\/koff.swisspeace.ch\/apropos\/wp-json\/wp\/v2\/posts\/4365\/revisions\/4557"}],"wp:featuredmedia":[{"embeddable":true,"href":"https:\/\/koff.swisspeace.ch\/apropos\/wp-json\/wp\/v2\/media\/4553"}],"wp:attachment":[{"href":"https:\/\/koff.swisspeace.ch\/apropos\/wp-json\/wp\/v2\/media?parent=4365"}],"wp:term":[{"taxonomy":"category","embeddable":true,"href":"https:\/\/koff.swisspeace.ch\/apropos\/wp-json\/wp\/v2\/categories?post=4365"},{"taxonomy":"post_tag","embeddable":true,"href":"https:\/\/koff.swisspeace.ch\/apropos\/wp-json\/wp\/v2\/tags?post=4365"},{"taxonomy":"issue","embeddable":true,"href":"https:\/\/koff.swisspeace.ch\/apropos\/wp-json\/wp\/v2\/issue?post=4365"}],"curies":[{"name":"wp","href":"https:\/\/api.w.org\/{rel}","templated":true}]}}