{"id":4369,"date":"2024-09-09T08:38:48","date_gmt":"2024-09-09T08:38:48","guid":{"rendered":"https:\/\/koff.swisspeace.ch\/apropos\/?p=4369"},"modified":"2024-09-09T10:12:58","modified_gmt":"2024-09-09T10:12:58","slug":"participez-au-cours-dealing-with-the-past","status":"publish","type":"post","link":"https:\/\/koff.swisspeace.ch\/apropos\/4369\/participez-au-cours-dealing-with-the-past\/","title":{"rendered":"Participez au cours Dealing With the Past!"},"content":{"rendered":"\n<p>Trouver une mani\u00e8re d\u2019aborder un pass\u00e9 marqu\u00e9 par la violence, que ce soit apr\u00e8s une guerre civile ou \u00e0 la suite de la chute d&#8217;un r\u00e9gime autoritaire, est consid\u00e9r\u00e9 comme essentiel pour instaurer une paix durable, une d\u00e9mocratie stable et le respect de l&#8217;\u00c9tat de droit. Cela passe par l\u2019identification d&#8217;anciennes violations des droits humains, la poursuite des responsables \u00e0 l&#8217;\u00e9chelle nationale ou internationale, la r\u00e9habilitation des victimes \u00e0 travers des comm\u00e9morations, la cr\u00e9ation de commissions de v\u00e9rit\u00e9 et de programmes de r\u00e9paration, ainsi que la mise en place de garanties pour emp\u00eacher la r\u00e9p\u00e9tition de ces atrocit\u00e9s. Les participant\u00b7es \u00e0 ce cours analyseront de mani\u00e8re critique ces processus, les m\u00e9canismes disponibles, et \u00e9valueront leur impact tant sur la soci\u00e9t\u00e9 dans son ensemble que sur les victimes et les perp\u00e9trateur\u00b7rices en particulier.<\/p>\n","protected":false},"excerpt":{"rendered":"<p>Trouver une mani\u00e8re d\u2019aborder un pass\u00e9 marqu\u00e9 par la violence, que ce soit apr\u00e8s une guerre civile ou \u00e0 la suite de la chute d&#8217;un r\u00e9gime autoritaire, est consid\u00e9r\u00e9 comme essentiel pour instaurer une paix durable, une d\u00e9mocratie stable et le respect de l&#8217;\u00c9tat de droit. Cela passe par l\u2019identification d&#8217;anciennes violations des droits humains, <a href=\"https:\/\/koff.swisspeace.ch\/apropos\/4369\/participez-au-cours-dealing-with-the-past\/\" class=\"more-link\">&#8230;<span class=\"screen-reader-text\">  Participez au cours Dealing With the Past!<\/span><\/a><\/p>\n","protected":false},"author":3,"featured_media":4553,"comment_status":"closed","ping_status":"closed","sticky":false,"template":"","format":"standard","meta":{"advgb_blocks_editor_width":"","advgb_blocks_columns_visual_guide":""},"categories":[99],"tags":[],"issue":[306],"acf":[],"author_meta":{"display_name":"\u00e0 propos","author_link":"https:\/\/koff.swisspeace.ch\/apropos\/author\/apropos\/"},"featured_img":"https:\/\/koff.swisspeace.ch\/apropos\/wp-content\/uploads\/2024\/09\/2kHaus_original-1-600x331.png","coauthors":[],"tax_additional":{"categories":{"linked":["<a href=\"https:\/\/koff.swisspeace.ch\/apropos\/category\/news-fr\/\" class=\"advgb-post-tax-term\">Actualit\u00e9<\/a>"],"unlinked":["<span class=\"advgb-post-tax-term\">Actualit\u00e9<\/span>"]}},"comment_count":0,"relative_dates":{"created":"Posted 2 years ago","modified":"Updated 2 years ago"},"absolute_dates":{"created":"Posted on September 9, 2024","modified":"Updated on September 9, 2024"},"absolute_dates_time":{"created":"Posted on September 9, 2024 8:38 am","modified":"Updated on September 9, 2024 10:12 am"},"featured_img_caption":"","series_order":null,"_links":{"self":[{"href":"https:\/\/koff.swisspeace.ch\/apropos\/wp-json\/wp\/v2\/posts\/4369"}],"collection":[{"href":"https:\/\/koff.swisspeace.ch\/apropos\/wp-json\/wp\/v2\/posts"}],"about":[{"href":"https:\/\/koff.swisspeace.ch\/apropos\/wp-json\/wp\/v2\/types\/post"}],"author":[{"embeddable":true,"href":"https:\/\/koff.swisspeace.ch\/apropos\/wp-json\/wp\/v2\/users\/3"}],"replies":[{"embeddable":true,"href":"https:\/\/koff.swisspeace.ch\/apropos\/wp-json\/wp\/v2\/comments?post=4369"}],"version-history":[{"count":7,"href":"https:\/\/koff.swisspeace.ch\/apropos\/wp-json\/wp\/v2\/posts\/4369\/revisions"}],"predecessor-version":[{"id":4561,"href":"https:\/\/koff.swisspeace.ch\/apropos\/wp-json\/wp\/v2\/posts\/4369\/revisions\/4561"}],"wp:featuredmedia":[{"embeddable":true,"href":"https:\/\/koff.swisspeace.ch\/apropos\/wp-json\/wp\/v2\/media\/4553"}],"wp:attachment":[{"href":"https:\/\/koff.swisspeace.ch\/apropos\/wp-json\/wp\/v2\/media?parent=4369"}],"wp:term":[{"taxonomy":"category","embeddable":true,"href":"https:\/\/koff.swisspeace.ch\/apropos\/wp-json\/wp\/v2\/categories?post=4369"},{"taxonomy":"post_tag","embeddable":true,"href":"https:\/\/koff.swisspeace.ch\/apropos\/wp-json\/wp\/v2\/tags?post=4369"},{"taxonomy":"issue","embeddable":true,"href":"https:\/\/koff.swisspeace.ch\/apropos\/wp-json\/wp\/v2\/issue?post=4369"}],"curies":[{"name":"wp","href":"https:\/\/api.w.org\/{rel}","templated":true}]}}