{"id":4380,"date":"2024-09-09T08:44:11","date_gmt":"2024-09-09T08:44:11","guid":{"rendered":"https:\/\/koff.swisspeace.ch\/apropos\/?p=4380"},"modified":"2024-09-09T08:44:11","modified_gmt":"2024-09-09T08:44:11","slug":"aufruf-zur-teilnahme-an-interview-erkundung-der-personlichen-einstellungen-zum-hdp-nexus","status":"publish","type":"post","link":"https:\/\/koff.swisspeace.ch\/apropos\/4380\/aufruf-zur-teilnahme-an-interview-erkundung-der-personlichen-einstellungen-zum-hdp-nexus\/","title":{"rendered":"Aufruf zur Teilnahme an Interview: Erkundung der pers\u00f6nlichen Einstellungen zum HDP-Nexus"},"content":{"rendered":"\n<p>Eine Teilnehmerin des Diplomstudiengangs (DAS) bei swisspeace sucht Personen, die bereit sind, in einem Interview \u00fcber ihre pers\u00f6nlichen Einstellungen zum Humanit\u00e4ren-Entwicklungs-Friedens-Nexus (HDP-Nexus) in fragilen und konfliktbetroffenen L\u00e4ndern zu sprechen.<\/p>\n\n\n\n<p>Ziel der Studie: Diese Forschung basiert auf der Hypothese, dass Personen, die im humanit\u00e4ren, entwicklungsbezogenen und\/oder friedensf\u00f6rdernden Sektor t\u00e4tig sind, pers\u00f6nliche Einstellungen, Hoffnungen, Zweifel, Bed\u00fcrfnisse, \u00c4ngste, Bedenken, Gedanken und Fragen zum HDP-Nexus haben. Das Verstehen und die Auseinandersetzung mit diesen Perspektiven k\u00f6nnten dazu beitragen, das Konzept und den Ansatz auf sinnvolle Weise voranzubringen.<\/p>\n\n\n\n<p>Interessierte, die in einem dieser drei Bereiche (HDP) arbeiten, sind eingeladen, sich unter <a>mmuenchenbach@mm-consult.ch<\/a> zu melden.<\/p>\n","protected":false},"excerpt":{"rendered":"<p>Eine Teilnehmerin des Diplomstudiengangs (DAS) bei swisspeace sucht Personen, die bereit sind, in einem Interview \u00fcber ihre pers\u00f6nlichen Einstellungen zum Humanit\u00e4ren-Entwicklungs-Friedens-Nexus (HDP-Nexus) in fragilen und konfliktbetroffenen L\u00e4ndern zu sprechen. Ziel der Studie: Diese Forschung basiert auf der Hypothese, dass Personen, die im humanit\u00e4ren, entwicklungsbezogenen und\/oder friedensf\u00f6rdernden Sektor t\u00e4tig sind, pers\u00f6nliche Einstellungen, Hoffnungen, Zweifel, Bed\u00fcrfnisse, \u00c4ngste, <a href=\"https:\/\/koff.swisspeace.ch\/apropos\/4380\/aufruf-zur-teilnahme-an-interview-erkundung-der-personlichen-einstellungen-zum-hdp-nexus\/\" class=\"more-link\">&#8230;<span class=\"screen-reader-text\">  Aufruf zur Teilnahme an Interview: Erkundung der pers\u00f6nlichen Einstellungen zum HDP-Nexus<\/span><\/a><\/p>\n","protected":false},"author":3,"featured_media":4374,"comment_status":"closed","ping_status":"closed","sticky":false,"template":"","format":"standard","meta":{"advgb_blocks_editor_width":"","advgb_blocks_columns_visual_guide":""},"categories":[71],"tags":[],"issue":[304],"acf":[],"author_meta":{"display_name":"\u00e0 propos","author_link":"https:\/\/koff.swisspeace.ch\/apropos\/author\/apropos\/"},"featured_img":"https:\/\/koff.swisspeace.ch\/apropos\/wp-content\/uploads\/2024\/09\/CAS_Marina-Muenchenbach-600x317.jpg","coauthors":[],"tax_additional":{"categories":{"linked":["<a href=\"https:\/\/koff.swisspeace.ch\/apropos\/category\/news-de\/\" class=\"advgb-post-tax-term\">Aktuell<\/a>"],"unlinked":["<span class=\"advgb-post-tax-term\">Aktuell<\/span>"]}},"comment_count":0,"relative_dates":{"created":"Posted 2 years ago","modified":"Updated 2 years ago"},"absolute_dates":{"created":"Posted on September 9, 2024","modified":"Updated on September 9, 2024"},"absolute_dates_time":{"created":"Posted on September 9, 2024 8:44 am","modified":"Updated on September 9, 2024 8:44 am"},"featured_img_caption":"","series_order":null,"_links":{"self":[{"href":"https:\/\/koff.swisspeace.ch\/apropos\/wp-json\/wp\/v2\/posts\/4380"}],"collection":[{"href":"https:\/\/koff.swisspeace.ch\/apropos\/wp-json\/wp\/v2\/posts"}],"about":[{"href":"https:\/\/koff.swisspeace.ch\/apropos\/wp-json\/wp\/v2\/types\/post"}],"author":[{"embeddable":true,"href":"https:\/\/koff.swisspeace.ch\/apropos\/wp-json\/wp\/v2\/users\/3"}],"replies":[{"embeddable":true,"href":"https:\/\/koff.swisspeace.ch\/apropos\/wp-json\/wp\/v2\/comments?post=4380"}],"version-history":[{"count":4,"href":"https:\/\/koff.swisspeace.ch\/apropos\/wp-json\/wp\/v2\/posts\/4380\/revisions"}],"predecessor-version":[{"id":4587,"href":"https:\/\/koff.swisspeace.ch\/apropos\/wp-json\/wp\/v2\/posts\/4380\/revisions\/4587"}],"wp:featuredmedia":[{"embeddable":true,"href":"https:\/\/koff.swisspeace.ch\/apropos\/wp-json\/wp\/v2\/media\/4374"}],"wp:attachment":[{"href":"https:\/\/koff.swisspeace.ch\/apropos\/wp-json\/wp\/v2\/media?parent=4380"}],"wp:term":[{"taxonomy":"category","embeddable":true,"href":"https:\/\/koff.swisspeace.ch\/apropos\/wp-json\/wp\/v2\/categories?post=4380"},{"taxonomy":"post_tag","embeddable":true,"href":"https:\/\/koff.swisspeace.ch\/apropos\/wp-json\/wp\/v2\/tags?post=4380"},{"taxonomy":"issue","embeddable":true,"href":"https:\/\/koff.swisspeace.ch\/apropos\/wp-json\/wp\/v2\/issue?post=4380"}],"curies":[{"name":"wp","href":"https:\/\/api.w.org\/{rel}","templated":true}]}}