{"id":4383,"date":"2024-09-09T08:38:48","date_gmt":"2024-09-09T08:38:48","guid":{"rendered":"https:\/\/koff.swisspeace.ch\/apropos\/?p=4383"},"modified":"2024-09-09T10:13:48","modified_gmt":"2024-09-09T10:13:48","slug":"appel-a-temoins-exploration-des-attitudes-personnelles-sur-le-nexus-hdp","status":"publish","type":"post","link":"https:\/\/koff.swisspeace.ch\/apropos\/4383\/appel-a-temoins-exploration-des-attitudes-personnelles-sur-le-nexus-hdp\/","title":{"rendered":"Appel \u00e0 t\u00e9moins : Exploration des attitudes personnelles sur le Nexus HDP"},"content":{"rendered":"\n<p>Une \u00e9tudiante en Dipl\u00f4me d\u2019\u00c9tudes Avanc\u00e9es (DAS) chez swisspeace cherche des personnes pr\u00eates \u00e0 \u00eatre interview\u00e9es sur leurs attitudes personnelles vis-\u00e0-vis de l&#8217;approche Humanitaire-D\u00e9veloppement-Paix (HDP) dans les pays touch\u00e9s par des conflits.<\/p>\n\n\n\n<p>Objectif de l&#8217;\u00e9tude: Cette recherche repose sur l&#8217;hypoth\u00e8se que les personnes travaillant dans les secteurs humanitaire, du d\u00e9veloppement et\/ou de la paix ont des attitudes personnelles, des espoirs, des doutes, des besoins, des peurs, des pr\u00e9occupations, des r\u00e9flexions et des questions li\u00e9es au Nexus HDP. Comprendre et explorer ces perspectives pourrait contribuer \u00e0 faire avancer le concept et l&#8217;approche de mani\u00e8re significative.<\/p>\n\n\n\n<p>Les personnes travaillant dans l&#8217;un de ces trois domaines (HDP) sont invit\u00e9es \u00e0 contacter <a>mmuenchenbach@mm-consult.ch<\/a>.<\/p>\n","protected":false},"excerpt":{"rendered":"<p>Une \u00e9tudiante en Dipl\u00f4me d\u2019\u00c9tudes Avanc\u00e9es (DAS) chez swisspeace cherche des personnes pr\u00eates \u00e0 \u00eatre interview\u00e9es sur leurs attitudes personnelles vis-\u00e0-vis de l&#8217;approche Humanitaire-D\u00e9veloppement-Paix (HDP) dans les pays touch\u00e9s par des conflits. Objectif de l&#8217;\u00e9tude: Cette recherche repose sur l&#8217;hypoth\u00e8se que les personnes travaillant dans les secteurs humanitaire, du d\u00e9veloppement et\/ou de la paix ont <a href=\"https:\/\/koff.swisspeace.ch\/apropos\/4383\/appel-a-temoins-exploration-des-attitudes-personnelles-sur-le-nexus-hdp\/\" class=\"more-link\">&#8230;<span class=\"screen-reader-text\">  Appel \u00e0 t\u00e9moins : Exploration des attitudes personnelles sur le Nexus HDP<\/span><\/a><\/p>\n","protected":false},"author":3,"featured_media":4374,"comment_status":"closed","ping_status":"closed","sticky":false,"template":"","format":"standard","meta":{"advgb_blocks_editor_width":"","advgb_blocks_columns_visual_guide":""},"categories":[99],"tags":[],"issue":[306],"acf":[],"author_meta":{"display_name":"\u00e0 propos","author_link":"https:\/\/koff.swisspeace.ch\/apropos\/author\/apropos\/"},"featured_img":"https:\/\/koff.swisspeace.ch\/apropos\/wp-content\/uploads\/2024\/09\/CAS_Marina-Muenchenbach-600x317.jpg","coauthors":[],"tax_additional":{"categories":{"linked":["<a href=\"https:\/\/koff.swisspeace.ch\/apropos\/category\/news-fr\/\" class=\"advgb-post-tax-term\">Actualit\u00e9<\/a>"],"unlinked":["<span class=\"advgb-post-tax-term\">Actualit\u00e9<\/span>"]}},"comment_count":0,"relative_dates":{"created":"Posted 2 years ago","modified":"Updated 2 years ago"},"absolute_dates":{"created":"Posted on September 9, 2024","modified":"Updated on September 9, 2024"},"absolute_dates_time":{"created":"Posted on September 9, 2024 8:38 am","modified":"Updated on September 9, 2024 10:13 am"},"featured_img_caption":"","series_order":null,"_links":{"self":[{"href":"https:\/\/koff.swisspeace.ch\/apropos\/wp-json\/wp\/v2\/posts\/4383"}],"collection":[{"href":"https:\/\/koff.swisspeace.ch\/apropos\/wp-json\/wp\/v2\/posts"}],"about":[{"href":"https:\/\/koff.swisspeace.ch\/apropos\/wp-json\/wp\/v2\/types\/post"}],"author":[{"embeddable":true,"href":"https:\/\/koff.swisspeace.ch\/apropos\/wp-json\/wp\/v2\/users\/3"}],"replies":[{"embeddable":true,"href":"https:\/\/koff.swisspeace.ch\/apropos\/wp-json\/wp\/v2\/comments?post=4383"}],"version-history":[{"count":2,"href":"https:\/\/koff.swisspeace.ch\/apropos\/wp-json\/wp\/v2\/posts\/4383\/revisions"}],"predecessor-version":[{"id":4564,"href":"https:\/\/koff.swisspeace.ch\/apropos\/wp-json\/wp\/v2\/posts\/4383\/revisions\/4564"}],"wp:featuredmedia":[{"embeddable":true,"href":"https:\/\/koff.swisspeace.ch\/apropos\/wp-json\/wp\/v2\/media\/4374"}],"wp:attachment":[{"href":"https:\/\/koff.swisspeace.ch\/apropos\/wp-json\/wp\/v2\/media?parent=4383"}],"wp:term":[{"taxonomy":"category","embeddable":true,"href":"https:\/\/koff.swisspeace.ch\/apropos\/wp-json\/wp\/v2\/categories?post=4383"},{"taxonomy":"post_tag","embeddable":true,"href":"https:\/\/koff.swisspeace.ch\/apropos\/wp-json\/wp\/v2\/tags?post=4383"},{"taxonomy":"issue","embeddable":true,"href":"https:\/\/koff.swisspeace.ch\/apropos\/wp-json\/wp\/v2\/issue?post=4383"}],"curies":[{"name":"wp","href":"https:\/\/api.w.org\/{rel}","templated":true}]}}