{"id":4394,"date":"2024-09-09T08:38:48","date_gmt":"2024-09-09T08:38:48","guid":{"rendered":"https:\/\/koff.swisspeace.ch\/apropos\/?p=4394"},"modified":"2024-09-09T10:16:03","modified_gmt":"2024-09-09T10:16:03","slug":"evenements-8","status":"publish","type":"post","link":"https:\/\/koff.swisspeace.ch\/apropos\/4394\/evenements-8\/","title":{"rendered":"\u00c9v\u00e9nements"},"content":{"rendered":"\n<h2><strong>Reclaim Democracy Congress<\/strong><\/h2>\n\n\n\n<p><strong>13 &#8211; 14 septembre 2024, Zurich<\/strong><\/p>\n\n\n\n<p>Des crises partout! Mais o\u00f9 sont les visions positives pour l\u2019avenir? Les perspectives porteuses d&#8217;espoir sont l&#8217;oxyg\u00e8ne qui revitalise la d\u00e9mocratie. Lors du congr\u00e8s Reclaim Democracy les 13 et 14 septembre 2024 \u00e0 Zurich, l\u2019objectif est de r\u00e9fl\u00e9chir ensemble \u00e0 la mani\u00e8re de surmonter les crises actuelles dans un esprit de solidarit\u00e9 et de d\u00e9mocratie.<\/p>\n\n\n\n<p><strong>Les organisations KOFF y proposeront divers ateliers:<\/strong><\/p>\n\n\n\n<p>Vendredi 13.09, 15h00 &#8211; 16h30: Un avenir radicalement d\u00e9mocratique gr\u00e2ce au conf\u00e9d\u00e9ralisme?&nbsp;(atelier organis\u00e9 par Medico International)<\/p>\n\n\n\n<p>Vendredi 13.09., 15h00 &#8211; 16h30: Trait\u00e9 d&#8217;interdiction des armes nucl\u00e9aires: sortir de l&#8217;impasse de l&#8217;armement<br>(atelier organis\u00e9 par GSoA)<\/p>\n\n\n\n<p>Samedi 14.09., 13h15 &#8211; 14h45: La d\u00e9colonisation du syst\u00e8me fiscal international<br>(atelier organis\u00e9 par Alliance Sud)<\/p>\n\n\n\n<p>Samedi 14.09., 15h00 &#8211; 16h30: Perspectives f\u00e9ministes sur la participation non violente<br>(atelier organis\u00e9 par Frieda \u2013 l&#8217;organisation f\u00e9ministe pour la paix)<\/p>\n\n\n\n<p>Plus d\u2019informations et billets <a rel=\"noreferrer noopener\" href=\"https:\/\/www.reclaim-democracy.org\/\" target=\"_blank\">ici<\/a>.<\/p>\n\n\n\n<p><\/p>\n\n\n\n<h2><strong>Mission 21 : Forum international pour la paix interreligieuse et transculturelle<\/strong><\/h2>\n\n\n\n<p><strong>19 septembre, 13h00 &#8211; 16h00 et 19h00 &#8211; 20h30 CEST<\/strong><\/p>\n\n\n\n<p><strong>20 septembre, 02h00 &#8211; 05h00 CEST<\/strong><\/p>\n\n\n\n<p><strong>en ligne<\/strong> (\u00e9v\u00e9nement ouvert au public, gratuit, en anglais et en espagnol)<\/p>\n\n\n\n<p>Mission 21 vous invite \u00e0 son deuxi\u00e8me Forum international pour la paix interreligieuse et transculturelle les 19 et 20 septembre 2024 ! Le th\u00e8me de la conf\u00e9rence virtuelle de deux jours est \u00ab OSONS LA R\u00c9CONCILIATION ?!? \u00bb. La r\u00e9conciliation est-elle m\u00eame possible dans des situations de conflit polaris\u00e9es comme celles que l\u2019on trouve dans de nombreux pays ? Que nous apprennent les concepts psychologiques et philosophiques, les exp\u00e9riences des processus de paix, ainsi que les traditions religieuses et pratiques spirituelles ?<\/p>\n\n\n\n<p>Le programme de l&#8217;\u00e9v\u00e9nement inclut des discours d&#8217;expert\u00b7es ayant travaill\u00e9 \u00e0 l&#8217;\u00e9laboration d\u2019initiatives de paix interreligieuses et transculturelles en Afrique, en Asie et en Am\u00e9rique latine. Les ateliers permettront d\u2019\u00e9changer des id\u00e9es sur la construction de la paix et la r\u00e9conciliation avec des expert\u00b7es et des participant\u00b7es int\u00e9ress\u00e9\u00b7es \u2013 l\u2019ann\u00e9e derni\u00e8re, plus de 100 personnes du monde entier ont particip\u00e9 \u00e0 ce Forum international.<\/p>\n\n\n\n<p>Plus d\u2019informations et inscription <a rel=\"noreferrer noopener\" href=\"https:\/\/www.mission-21.org\/veranstaltung\/internationales-forum-zu-interreligioeser-und-transkultureller-friedensfoerderung\/\" target=\"_blank\">ici<\/a>.<\/p>\n\n\n\n<p><\/p>\n\n\n\n<h2><strong>Interpeace : Geneva PeaceTalks<\/strong><\/h2>\n\n\n\n<p><strong>19 septembre 2024, 15h00 &#8211; 17h00, Salle XVII au Palais des Nations &amp; en ligne<\/strong><\/p>\n\n\n\n<p>Marquant la Journ\u00e9e internationale de la paix et c\u00e9l\u00e9brant le 30e anniversaire d\u2019Interpeace, les Geneva PeaceTalks 2024 auront lieu en ce mois de septembre et seront suivis d&#8217;une r\u00e9ception au Bar Serpent.<\/p>\n\n\n\n<p>Sous le th\u00e8me principal \u00ab L&#8217;avenir de la paix \u00bb, les Geneva PeaceTalks de cette ann\u00e9e mettront en lumi\u00e8re des t\u00e9moignages personnels de ceux qui se trouvent en premi\u00e8re ligne des efforts de consolidation de la paix, tissant ainsi des liens entre le pass\u00e9, le pr\u00e9sent et le futur de la paix.<\/p>\n\n\n\n<p>Les Geneva PeaceTalks sont organis\u00e9s par l&#8217;Office des Nations Unies \u00e0 Gen\u00e8ve, Interpeace, la Geneva Peacebuilding Platform, le gouvernement suisse et en partenariat avec la Ville et le Canton de Gen\u00e8ve, Mirabaud et Nagulendran Philanthropy.<\/p>\n\n\n\n<p>Plus d\u2019informations et inscription <a rel=\"noreferrer noopener\" href=\"https:\/\/www.peacetalks.net\/pt\/geneva-peacetalks-2024\/\" target=\"_blank\">ici<\/a>.<\/p>\n\n\n\n<p><\/p>\n\n\n\n<h2><strong>Semaine de la paix de Gen\u00e8ve<\/strong><\/h2>\n\n\n\n<p><strong>14 &#8211; 18 octobre 2024, Gen\u00e8ve<\/strong><br>La Semaine de la paix de Gen\u00e8ve est un forum annuel o\u00f9 des organisations genevoises et leurs partenaires internationaux se r\u00e9unissent pour \u00e9changer des connaissances et des pratiques sur une grande vari\u00e9t\u00e9 de sujets li\u00e9s \u00e0 la paix dans diff\u00e9rents contextes et disciplines.<\/p>\n\n\n\n<p>Lors de notre \u00e9poque marqu\u00e9e par les conflits et l\u2019incertitude, la 11e \u00e9dition de la Semaine de la paix de Gen\u00e8ve pose une question fondamentale : \u00ab Qu&#8217;est-ce que la paix ? \u00bb. Face \u00e0 l\u2019escalade des conflits, \u00e0 l\u2019in\u00e9galit\u00e9 croissante et aux d\u00e9fis mondiaux sans pr\u00e9c\u00e9dent auxquels le monde est confront\u00e9, ce th\u00e8me g\u00e9n\u00e9ral rappelle de mani\u00e8re poignante la nature insaisissable de la paix et l\u2019urgence de red\u00e9finir et de r\u00e9affirmer sa signification. \u00ab Qu&#8217;est-ce que la paix ? \u00bb est avant tout un appel \u00e0 l\u2019action venant du monde entier.<br>Plus d&#8217;informations <a rel=\"noreferrer noopener\" href=\"https:\/\/www.genevapeaceweek.ch\" target=\"_blank\">ici<\/a>.<\/p>\n\n\n\n<p><\/p>\n\n\n\n<h2><strong>Kitchen Battle Tour 2024<\/strong><\/h2>\n\n\n\n<p><strong>Lucerne: 01 &#8211; 03 novembre, Berne: 07 &#8211; 09 novembre, Zurich: 14 &#8211; 16 novembre<\/strong><\/p>\n\n\n\n<p>Le Kitchen Battle est un \u00e9v\u00e9nement caritatif gastronomique unique organis\u00e9 par Cuisine sans fronti\u00e8res pour financer les projets internationaux de l\u2019organisation. Cette ann\u00e9e, les b\u00e9n\u00e9fices iront directement \u00e0 la cuisine communautaire Tha&#8217;Irat. Diverses \u00e9quipes, allant de la haute gastronomie aux pubs branch\u00e9s, cuisinent en direct sur sc\u00e8ne, devant et pour le public, en comp\u00e9tition les unes contre les autres.<\/p>\n\n\n\n<p>Plus d\u2019informations et billets <a rel=\"noreferrer noopener\" href=\"https:\/\/kitchenbattle.ch\/\" target=\"_blank\">ici<\/a>.<\/p>\n\n\n\n<p><\/p>\n\n\n\n<h2><strong>Symposium Helvetas 2024 \u00ab Orienter la coop\u00e9ration au d\u00e9veloppement dans un monde en mutation \u00bb<\/strong><\/h2>\n\n\n\n<p><strong>05 novembre 2024, 14h00 &#8211; 17h30, suivi d&#8217;un happy hour de r\u00e9seautage, Eventfabrik Bern<\/strong><\/p>\n\n\n\n<p>Les pr\u00e9visions sur l&#8217;avenir du monde sont de plus en plus pessimistes. La polarisation aux niveaux g\u00e9opolitique et national s\u2019intensifie. Il devient difficile de trouver une volont\u00e9 et un engagement communs pour s&#8217;attaquer aux probl\u00e8mes mondiaux \u2013 qu&#8217;il s&#8217;agisse du changement climatique, des conflits r\u00e9gionaux, de la pauvret\u00e9, des avanc\u00e9es en mati\u00e8re d&#8217;intelligence artificielle ou d&#8217;autres questions mena\u00e7ant l&#8217;humanit\u00e9.<\/p>\n\n\n\n<p>La politique globale \u00e9volue fondamentalement, et cela n\u00e9cessite une r\u00e9vision syst\u00e9mique de la coop\u00e9ration au d\u00e9veloppement.<\/p>\n\n\n\n<p>Le Symposium Helvetas 2024 discutera des d\u00e9fis actuels et abordera des questions telles que les priorit\u00e9s pour la coop\u00e9ration internationale dans les 10 prochaines ann\u00e9es, le r\u00f4le des diff\u00e9rents acteurs, compte tenu du contexte mondial en mutation et l&#8217;avenir de la coop\u00e9ration suisse au d\u00e9veloppement.<\/p>\n\n\n\n<p>Plus d\u2019informations et inscription <a rel=\"noreferrer noopener\" href=\"https:\/\/www.helvetas.org\/en\/switzerland\/who-we-are\/events\/symposium\/symposium--2024\" target=\"_blank\">ici<\/a>.<\/p>\n","protected":false},"excerpt":{"rendered":"<p>Reclaim Democracy Congress 13 &#8211; 14 septembre 2024, Zurich Des crises partout! Mais o\u00f9 sont les visions positives pour l\u2019avenir? Les perspectives porteuses d&#8217;espoir sont l&#8217;oxyg\u00e8ne qui revitalise la d\u00e9mocratie. Lors du congr\u00e8s Reclaim Democracy les 13 et 14 septembre 2024 \u00e0 Zurich, l\u2019objectif est de r\u00e9fl\u00e9chir ensemble \u00e0 la mani\u00e8re de surmonter les crises <a href=\"https:\/\/koff.swisspeace.ch\/apropos\/4394\/evenements-8\/\" class=\"more-link\">&#8230;<span class=\"screen-reader-text\">  \u00c9v\u00e9nements<\/span><\/a><\/p>\n","protected":false},"author":3,"featured_media":392,"comment_status":"closed","ping_status":"closed","sticky":false,"template":"","format":"standard","meta":{"advgb_blocks_editor_width":"","advgb_blocks_columns_visual_guide":""},"categories":[97],"tags":[],"issue":[306],"acf":[],"author_meta":{"display_name":"\u00e0 propos","author_link":"https:\/\/koff.swisspeace.ch\/apropos\/author\/apropos\/"},"featured_img":"https:\/\/koff.swisspeace.ch\/apropos\/wp-content\/uploads\/2023\/01\/Bildschirmfoto-2023-01-03-um-11.57.47-e1672743726765-300x200.png","coauthors":[],"tax_additional":{"categories":{"linked":["<a href=\"https:\/\/koff.swisspeace.ch\/apropos\/category\/calendar-fr\/\" class=\"advgb-post-tax-term\">Calendrier<\/a>"],"unlinked":["<span class=\"advgb-post-tax-term\">Calendrier<\/span>"]}},"comment_count":0,"relative_dates":{"created":"Posted 2 years ago","modified":"Updated 2 years ago"},"absolute_dates":{"created":"Posted on September 9, 2024","modified":"Updated on September 9, 2024"},"absolute_dates_time":{"created":"Posted on September 9, 2024 8:38 am","modified":"Updated on September 9, 2024 10:16 am"},"featured_img_caption":"","series_order":null,"_links":{"self":[{"href":"https:\/\/koff.swisspeace.ch\/apropos\/wp-json\/wp\/v2\/posts\/4394"}],"collection":[{"href":"https:\/\/koff.swisspeace.ch\/apropos\/wp-json\/wp\/v2\/posts"}],"about":[{"href":"https:\/\/koff.swisspeace.ch\/apropos\/wp-json\/wp\/v2\/types\/post"}],"author":[{"embeddable":true,"href":"https:\/\/koff.swisspeace.ch\/apropos\/wp-json\/wp\/v2\/users\/3"}],"replies":[{"embeddable":true,"href":"https:\/\/koff.swisspeace.ch\/apropos\/wp-json\/wp\/v2\/comments?post=4394"}],"version-history":[{"count":8,"href":"https:\/\/koff.swisspeace.ch\/apropos\/wp-json\/wp\/v2\/posts\/4394\/revisions"}],"predecessor-version":[{"id":4566,"href":"https:\/\/koff.swisspeace.ch\/apropos\/wp-json\/wp\/v2\/posts\/4394\/revisions\/4566"}],"wp:featuredmedia":[{"embeddable":true,"href":"https:\/\/koff.swisspeace.ch\/apropos\/wp-json\/wp\/v2\/media\/392"}],"wp:attachment":[{"href":"https:\/\/koff.swisspeace.ch\/apropos\/wp-json\/wp\/v2\/media?parent=4394"}],"wp:term":[{"taxonomy":"category","embeddable":true,"href":"https:\/\/koff.swisspeace.ch\/apropos\/wp-json\/wp\/v2\/categories?post=4394"},{"taxonomy":"post_tag","embeddable":true,"href":"https:\/\/koff.swisspeace.ch\/apropos\/wp-json\/wp\/v2\/tags?post=4394"},{"taxonomy":"issue","embeddable":true,"href":"https:\/\/koff.swisspeace.ch\/apropos\/wp-json\/wp\/v2\/issue?post=4394"}],"curies":[{"name":"wp","href":"https:\/\/api.w.org\/{rel}","templated":true}]}}