{"id":4590,"date":"2024-12-18T09:43:25","date_gmt":"2024-12-18T09:43:25","guid":{"rendered":"https:\/\/koff.swisspeace.ch\/apropos\/?p=4590"},"modified":"2024-12-18T09:51:18","modified_gmt":"2024-12-18T09:51:18","slug":"unterstuetzung-der-israelisch-palaestinensischen-koexistenzen","status":"publish","type":"post","link":"https:\/\/koff.swisspeace.ch\/apropos\/4590\/unterstuetzung-der-israelisch-palaestinensischen-koexistenzen\/","title":{"rendered":"Unterst\u00fctzung der israelisch-pal\u00e4stinensischen Koexistenzen"},"content":{"rendered":"\n<p>Vor dem Hintergrund der aktuellen Situation in Israel und den pal\u00e4stinensischen Gebieten Gaza und Westjordanland hat Coexistences zwei gemischte, israel-pal\u00e4stinensische Gruppen aufgenommen und bereitet sich darauf vor, im Dezember eine dritte und letzte Gruppe willkommen zu heissen. Das allgemeine Ziel dieser Aufenthalte ist es, einen wohlwollenden, multiperspektivischen Raum zu schaffen, in dem diese Gruppen und ihre Moderator:innen fernab des Konflikts ihre Arbeit vertiefen, ihre inneren Dynamiken f\u00f6rdern und eine intensive, etwa zehnt\u00e4gige Koexistenz erleben k\u00f6nnen.<\/p>\n\n\n\n<p>Im August verbrachten zwei Gruppen von jeweils elf Teilnehmenden Zeit in der Romandie: eine Gruppe bestand ausschliesslich aus Sozialarbeiter:innen, und die andere setzte sich aus Fachkr\u00e4ften verschiedener Sektoren zusammen. Sie konnten neue Kraft sch\u00f6pfen, Heilung finden und die pers\u00f6nlichen sowie kollektiven Ressourcen st\u00e4rken, die sie zur Fortsetzung ihres sozialen Engagements ben\u00f6tigen. <\/p>\n\n\n\n<p>Coexistences unterst\u00fctzt ausserdem finanziell die lokalen Aktivit\u00e4ten der Arbeitsgruppe, die aus dem Projekt \u00abSt\u00e4rkung der Moderator:innen des israelisch-pal\u00e4stinensischen Dialogs\u00bb 2022-2023 hervorgegangen ist.<\/p>\n","protected":false},"excerpt":{"rendered":"<p>Vor dem Hintergrund der aktuellen Situation in Israel und den pal\u00e4stinensischen Gebieten Gaza und Westjordanland hat Coexistences zwei gemischte, israel-pal\u00e4stinensische Gruppen aufgenommen und bereitet sich darauf vor, im Dezember eine dritte und letzte Gruppe willkommen zu heissen. Das allgemeine Ziel dieser Aufenthalte ist es, einen wohlwollenden, multiperspektivischen Raum zu schaffen, in dem diese Gruppen und <a href=\"https:\/\/koff.swisspeace.ch\/apropos\/4590\/unterstuetzung-der-israelisch-palaestinensischen-koexistenzen\/\" class=\"more-link\">&#8230;<span class=\"screen-reader-text\">  Unterst\u00fctzung der israelisch-pal\u00e4stinensischen Koexistenzen<\/span><\/a><\/p>\n","protected":false},"author":3,"featured_media":4920,"comment_status":"closed","ping_status":"closed","sticky":false,"template":"","format":"standard","meta":{"advgb_blocks_editor_width":"","advgb_blocks_columns_visual_guide":""},"categories":[71],"tags":[],"issue":[326],"acf":[],"author_meta":{"display_name":"\u00e0 propos","author_link":"https:\/\/koff.swisspeace.ch\/apropos\/author\/apropos\/"},"featured_img":"https:\/\/koff.swisspeace.ch\/apropos\/wp-content\/uploads\/2024\/12\/Coexistences187-600x331.jpg","coauthors":[],"tax_additional":{"categories":{"linked":["<a href=\"https:\/\/koff.swisspeace.ch\/apropos\/category\/news-de\/\" class=\"advgb-post-tax-term\">Aktuell<\/a>"],"unlinked":["<span class=\"advgb-post-tax-term\">Aktuell<\/span>"]}},"comment_count":0,"relative_dates":{"created":"Posted 2 years ago","modified":"Updated 2 years ago"},"absolute_dates":{"created":"Posted on December 18, 2024","modified":"Updated on December 18, 2024"},"absolute_dates_time":{"created":"Posted on December 18, 2024 9:43 am","modified":"Updated on December 18, 2024 9:51 am"},"featured_img_caption":"","series_order":null,"_links":{"self":[{"href":"https:\/\/koff.swisspeace.ch\/apropos\/wp-json\/wp\/v2\/posts\/4590"}],"collection":[{"href":"https:\/\/koff.swisspeace.ch\/apropos\/wp-json\/wp\/v2\/posts"}],"about":[{"href":"https:\/\/koff.swisspeace.ch\/apropos\/wp-json\/wp\/v2\/types\/post"}],"author":[{"embeddable":true,"href":"https:\/\/koff.swisspeace.ch\/apropos\/wp-json\/wp\/v2\/users\/3"}],"replies":[{"embeddable":true,"href":"https:\/\/koff.swisspeace.ch\/apropos\/wp-json\/wp\/v2\/comments?post=4590"}],"version-history":[{"count":9,"href":"https:\/\/koff.swisspeace.ch\/apropos\/wp-json\/wp\/v2\/posts\/4590\/revisions"}],"predecessor-version":[{"id":4973,"href":"https:\/\/koff.swisspeace.ch\/apropos\/wp-json\/wp\/v2\/posts\/4590\/revisions\/4973"}],"wp:featuredmedia":[{"embeddable":true,"href":"https:\/\/koff.swisspeace.ch\/apropos\/wp-json\/wp\/v2\/media\/4920"}],"wp:attachment":[{"href":"https:\/\/koff.swisspeace.ch\/apropos\/wp-json\/wp\/v2\/media?parent=4590"}],"wp:term":[{"taxonomy":"category","embeddable":true,"href":"https:\/\/koff.swisspeace.ch\/apropos\/wp-json\/wp\/v2\/categories?post=4590"},{"taxonomy":"post_tag","embeddable":true,"href":"https:\/\/koff.swisspeace.ch\/apropos\/wp-json\/wp\/v2\/tags?post=4590"},{"taxonomy":"issue","embeddable":true,"href":"https:\/\/koff.swisspeace.ch\/apropos\/wp-json\/wp\/v2\/issue?post=4590"}],"curies":[{"name":"wp","href":"https:\/\/api.w.org\/{rel}","templated":true}]}}