{"id":4597,"date":"2024-12-18T09:45:27","date_gmt":"2024-12-18T09:45:27","guid":{"rendered":"https:\/\/koff.swisspeace.ch\/apropos\/?p=4597"},"modified":"2024-12-18T09:45:27","modified_gmt":"2024-12-18T09:45:27","slug":"soutien-de-la-coexistence-israelo-palestinienne","status":"publish","type":"post","link":"https:\/\/koff.swisspeace.ch\/apropos\/4597\/soutien-de-la-coexistence-israelo-palestinienne\/","title":{"rendered":"Soutien de la coexistence isra\u00e9lo-palestinienne"},"content":{"rendered":"\n<p>Dans le contexte de la situation actuelle en Isra\u00ebl et dans les territoires palestiniens de Gaza et de Cisjordanie, Coexistences a accueilli deux groupes mixtes isra\u00e9lo-palestiniens et se pr\u00e9pare \u00e0 en accueillir un troisi\u00e8me et dernier en d\u00e9cembre. L&#8217;objectif g\u00e9n\u00e9ral de ces s\u00e9jours est de cr\u00e9er un espace bienveillant et multi-partial o\u00f9 ces groupes et leurs mod\u00e9rateur\u00b7rices peuvent approfondir leur travail loin du conflit, favoriser leurs dynamiques internes et vivre une coexistence intense d&#8217;environ dix jours, loin du conflit.<\/p>\n\n\n\n<p>En ao\u00fbt, deux groupes de onze participant\u00b7es chacun ont pass\u00e9 du temps en Romandie : l&#8217;un \u00e9tait exclusivement compos\u00e9 de travailleu\u00b7rs\u00b7ses socia\u00b7ux\u00b7les, et l&#8217;autre regroupait des professionnel\u00b7les de divers secteurs. Ils\u00b7elles ont pu reprendre des forces, gu\u00e9rir et trouver les ressources personnelles et collectives n\u00e9cessaires pour poursuivre leur engagement.<\/p>\n\n\n\n<p>Coexistences soutient \u00e9galement financi\u00e8rement les activit\u00e9s locales du groupe de travail issu du projet \u00ab Renforcement des mod\u00e9rateurs du dialogue isra\u00e9lo-palestinien \u00bb 2022-2023.<\/p>\n","protected":false},"excerpt":{"rendered":"<p>Dans le contexte de la situation actuelle en Isra\u00ebl et dans les territoires palestiniens de Gaza et de Cisjordanie, Coexistences a accueilli deux groupes mixtes isra\u00e9lo-palestiniens et se pr\u00e9pare \u00e0 en accueillir un troisi\u00e8me et dernier en d\u00e9cembre. L&#8217;objectif g\u00e9n\u00e9ral de ces s\u00e9jours est de cr\u00e9er un espace bienveillant et multi-partial o\u00f9 ces groupes et <a href=\"https:\/\/koff.swisspeace.ch\/apropos\/4597\/soutien-de-la-coexistence-israelo-palestinienne\/\" class=\"more-link\">&#8230;<span class=\"screen-reader-text\">  Soutien de la coexistence isra\u00e9lo-palestinienne<\/span><\/a><\/p>\n","protected":false},"author":3,"featured_media":4920,"comment_status":"closed","ping_status":"closed","sticky":false,"template":"","format":"standard","meta":{"advgb_blocks_editor_width":"","advgb_blocks_columns_visual_guide":""},"categories":[99],"tags":[],"issue":[328],"acf":[],"author_meta":{"display_name":"\u00e0 propos","author_link":"https:\/\/koff.swisspeace.ch\/apropos\/author\/apropos\/"},"featured_img":"https:\/\/koff.swisspeace.ch\/apropos\/wp-content\/uploads\/2024\/12\/Coexistences187-600x331.jpg","coauthors":[],"tax_additional":{"categories":{"linked":["<a href=\"https:\/\/koff.swisspeace.ch\/apropos\/category\/news-fr\/\" class=\"advgb-post-tax-term\">Actualit\u00e9<\/a>"],"unlinked":["<span class=\"advgb-post-tax-term\">Actualit\u00e9<\/span>"]}},"comment_count":0,"relative_dates":{"created":"Posted 2 years ago","modified":"Updated 2 years ago"},"absolute_dates":{"created":"Posted on December 18, 2024","modified":"Updated on December 18, 2024"},"absolute_dates_time":{"created":"Posted on December 18, 2024 9:45 am","modified":"Updated on December 18, 2024 9:45 am"},"featured_img_caption":"","series_order":null,"_links":{"self":[{"href":"https:\/\/koff.swisspeace.ch\/apropos\/wp-json\/wp\/v2\/posts\/4597"}],"collection":[{"href":"https:\/\/koff.swisspeace.ch\/apropos\/wp-json\/wp\/v2\/posts"}],"about":[{"href":"https:\/\/koff.swisspeace.ch\/apropos\/wp-json\/wp\/v2\/types\/post"}],"author":[{"embeddable":true,"href":"https:\/\/koff.swisspeace.ch\/apropos\/wp-json\/wp\/v2\/users\/3"}],"replies":[{"embeddable":true,"href":"https:\/\/koff.swisspeace.ch\/apropos\/wp-json\/wp\/v2\/comments?post=4597"}],"version-history":[{"count":6,"href":"https:\/\/koff.swisspeace.ch\/apropos\/wp-json\/wp\/v2\/posts\/4597\/revisions"}],"predecessor-version":[{"id":4938,"href":"https:\/\/koff.swisspeace.ch\/apropos\/wp-json\/wp\/v2\/posts\/4597\/revisions\/4938"}],"wp:featuredmedia":[{"embeddable":true,"href":"https:\/\/koff.swisspeace.ch\/apropos\/wp-json\/wp\/v2\/media\/4920"}],"wp:attachment":[{"href":"https:\/\/koff.swisspeace.ch\/apropos\/wp-json\/wp\/v2\/media?parent=4597"}],"wp:term":[{"taxonomy":"category","embeddable":true,"href":"https:\/\/koff.swisspeace.ch\/apropos\/wp-json\/wp\/v2\/categories?post=4597"},{"taxonomy":"post_tag","embeddable":true,"href":"https:\/\/koff.swisspeace.ch\/apropos\/wp-json\/wp\/v2\/tags?post=4597"},{"taxonomy":"issue","embeddable":true,"href":"https:\/\/koff.swisspeace.ch\/apropos\/wp-json\/wp\/v2\/issue?post=4597"}],"curies":[{"name":"wp","href":"https:\/\/api.w.org\/{rel}","templated":true}]}}