{"id":4605,"date":"2024-12-18T09:43:25","date_gmt":"2024-12-18T09:43:25","guid":{"rendered":"https:\/\/koff.swisspeace.ch\/apropos\/?p=4605"},"modified":"2024-12-18T09:52:58","modified_gmt":"2024-12-18T09:52:58","slug":"neuer-swisspeace-mel-kurs","status":"publish","type":"post","link":"https:\/\/koff.swisspeace.ch\/apropos\/4605\/neuer-swisspeace-mel-kurs\/","title":{"rendered":"Neuer swisspeace MEL-Kurs"},"content":{"rendered":"\n<p>Das Interesse an adaptiveren Methoden steigt, denn traditionelle Monitoring- und Evaluierungsans\u00e4tze (M&amp;E) k\u00f6nnen nur schwer Antworten auf Fragen wie diese geben: Wie st\u00e4rkt oder untergr\u00e4bt unser Projekt zur Sicherung des Lebensunterhalts den sozialen Zusammenhalt einer Gemeinschaft? Tragen unsere humanit\u00e4ren Projekte zur lokalen Friedenskonsolidierung bei, wie es die Verpflichtung zu einem st\u00e4rker vernetzten Ansatz f\u00fcr humanit\u00e4re Hilfe, Entwicklung und Frieden (HDP) in Konfliktkontexten vorsieht?<\/p>\n\n\n\n<p>In diesem Kurs werden die Teilnehmenden die dynamische Schnittstelle zwischen Monitoring, Evaluation und Lernen (MEL) und adaptiven Methoden erkunden. Der Kurs ist auf Personen zugeschnitten, die Projekte in komplexen und unsicheren Umfeldern umsetzen, und vermittelt die notwendigen F\u00e4higkeiten, um Programme und Projekte effektiv anzupassen und deren Beitr\u00e4ge an Frieden und positivem sozialen Wandel zu evaluieren.<\/p>\n\n\n\n<p>Bewerben Sie sich <a rel=\"noreferrer noopener\" href=\"https:\/\/www.swisspeace.ch\/courses\/short-courses\/mel-approaches-in-complex-environments\" target=\"_blank\">hier<\/a> bis zum 5. Januar 2025!<\/p>\n","protected":false},"excerpt":{"rendered":"<p>Das Interesse an adaptiveren Methoden steigt, denn traditionelle Monitoring- und Evaluierungsans\u00e4tze (M&amp;E) k\u00f6nnen nur schwer Antworten auf Fragen wie diese geben: Wie st\u00e4rkt oder untergr\u00e4bt unser Projekt zur Sicherung des Lebensunterhalts den sozialen Zusammenhalt einer Gemeinschaft? Tragen unsere humanit\u00e4ren Projekte zur lokalen Friedenskonsolidierung bei, wie es die Verpflichtung zu einem st\u00e4rker vernetzten Ansatz f\u00fcr humanit\u00e4re <a href=\"https:\/\/koff.swisspeace.ch\/apropos\/4605\/neuer-swisspeace-mel-kurs\/\" class=\"more-link\">&#8230;<span class=\"screen-reader-text\">  Neuer swisspeace MEL-Kurs<\/span><\/a><\/p>\n","protected":false},"author":3,"featured_media":4614,"comment_status":"closed","ping_status":"closed","sticky":false,"template":"","format":"standard","meta":{"advgb_blocks_editor_width":"","advgb_blocks_columns_visual_guide":""},"categories":[71],"tags":[],"issue":[326],"acf":[],"author_meta":{"display_name":"\u00e0 propos","author_link":"https:\/\/koff.swisspeace.ch\/apropos\/author\/apropos\/"},"featured_img":"https:\/\/koff.swisspeace.ch\/apropos\/wp-content\/uploads\/2024\/11\/News-course-187-600x332.png","coauthors":[],"tax_additional":{"categories":{"linked":["<a href=\"https:\/\/koff.swisspeace.ch\/apropos\/category\/news-de\/\" class=\"advgb-post-tax-term\">Aktuell<\/a>"],"unlinked":["<span class=\"advgb-post-tax-term\">Aktuell<\/span>"]}},"comment_count":0,"relative_dates":{"created":"Posted 2 years ago","modified":"Updated 2 years ago"},"absolute_dates":{"created":"Posted on December 18, 2024","modified":"Updated on December 18, 2024"},"absolute_dates_time":{"created":"Posted on December 18, 2024 9:43 am","modified":"Updated on December 18, 2024 9:52 am"},"featured_img_caption":"","series_order":null,"_links":{"self":[{"href":"https:\/\/koff.swisspeace.ch\/apropos\/wp-json\/wp\/v2\/posts\/4605"}],"collection":[{"href":"https:\/\/koff.swisspeace.ch\/apropos\/wp-json\/wp\/v2\/posts"}],"about":[{"href":"https:\/\/koff.swisspeace.ch\/apropos\/wp-json\/wp\/v2\/types\/post"}],"author":[{"embeddable":true,"href":"https:\/\/koff.swisspeace.ch\/apropos\/wp-json\/wp\/v2\/users\/3"}],"replies":[{"embeddable":true,"href":"https:\/\/koff.swisspeace.ch\/apropos\/wp-json\/wp\/v2\/comments?post=4605"}],"version-history":[{"count":14,"href":"https:\/\/koff.swisspeace.ch\/apropos\/wp-json\/wp\/v2\/posts\/4605\/revisions"}],"predecessor-version":[{"id":4974,"href":"https:\/\/koff.swisspeace.ch\/apropos\/wp-json\/wp\/v2\/posts\/4605\/revisions\/4974"}],"wp:featuredmedia":[{"embeddable":true,"href":"https:\/\/koff.swisspeace.ch\/apropos\/wp-json\/wp\/v2\/media\/4614"}],"wp:attachment":[{"href":"https:\/\/koff.swisspeace.ch\/apropos\/wp-json\/wp\/v2\/media?parent=4605"}],"wp:term":[{"taxonomy":"category","embeddable":true,"href":"https:\/\/koff.swisspeace.ch\/apropos\/wp-json\/wp\/v2\/categories?post=4605"},{"taxonomy":"post_tag","embeddable":true,"href":"https:\/\/koff.swisspeace.ch\/apropos\/wp-json\/wp\/v2\/tags?post=4605"},{"taxonomy":"issue","embeddable":true,"href":"https:\/\/koff.swisspeace.ch\/apropos\/wp-json\/wp\/v2\/issue?post=4605"}],"curies":[{"name":"wp","href":"https:\/\/api.w.org\/{rel}","templated":true}]}}