{"id":4611,"date":"2024-12-18T09:45:27","date_gmt":"2024-12-18T09:45:27","guid":{"rendered":"https:\/\/koff.swisspeace.ch\/apropos\/?p=4611"},"modified":"2024-12-18T09:58:51","modified_gmt":"2024-12-18T09:58:51","slug":"nouveau-cours-de-swisspeace-mel","status":"publish","type":"post","link":"https:\/\/koff.swisspeace.ch\/apropos\/4611\/nouveau-cours-de-swisspeace-mel\/","title":{"rendered":"Nouveau cours de swisspeace MEL*"},"content":{"rendered":"\n<p>La demande pour des m\u00e9thodologies plus adaptatives est en hausse, car les approches traditionnelles de suivi et \u00e9valuation (S&amp;E) peinent \u00e0 r\u00e9pondre \u00e0 certaines questions telles que les suivantes : En quoi notre projet de subsistance renforce-t-il ou affaiblit-il la coh\u00e9sion sociale ? Nos projets humanitaires contribuent-ils r\u00e9ellement \u00e0 la consolidation de la paix locale, comme le pr\u00e9conise l&#8217;engagement vers une approche humanitaire-d\u00e9veloppement-paix (HDP) plus int\u00e9gr\u00e9e dans des contextes de conflit ?<br>Dans ce cours, les participant\u00b7es exploreront l&#8217;intersection dynamique entre le Suivi, l\u2019\u00c9valuation et l\u2019Apprentissage (MEL) et les m\u00e9thodologies adaptatives. Con\u00e7u pour les personnes \u00e9voluant dans des environnements complexes et incertains, ce cours leur fournira les comp\u00e9tences essentielles pour adapter efficacement leurs programmes et projets et \u00e9valuer leur contribution \u00e0 la paix et au changement social positif.<\/p>\n\n\n\n<p>Postulez <a rel=\"noreferrer noopener\" href=\"https:\/\/www.swisspeace.ch\/courses\/short-courses\/mel-approaches-in-complex-environments\" target=\"_blank\">ici<\/a> avant le 5 janiver 2025 !<\/p>\n","protected":false},"excerpt":{"rendered":"<p>La demande pour des m\u00e9thodologies plus adaptatives est en hausse, car les approches traditionnelles de suivi et \u00e9valuation (S&amp;E) peinent \u00e0 r\u00e9pondre \u00e0 certaines questions telles que les suivantes : En quoi notre projet de subsistance renforce-t-il ou affaiblit-il la coh\u00e9sion sociale ? Nos projets humanitaires contribuent-ils r\u00e9ellement \u00e0 la consolidation de la paix locale, <a href=\"https:\/\/koff.swisspeace.ch\/apropos\/4611\/nouveau-cours-de-swisspeace-mel\/\" class=\"more-link\">&#8230;<span class=\"screen-reader-text\">  Nouveau cours de swisspeace MEL*<\/span><\/a><\/p>\n","protected":false},"author":3,"featured_media":4614,"comment_status":"closed","ping_status":"closed","sticky":false,"template":"","format":"standard","meta":{"advgb_blocks_editor_width":"","advgb_blocks_columns_visual_guide":""},"categories":[99],"tags":[],"issue":[328],"acf":[],"author_meta":{"display_name":"\u00e0 propos","author_link":"https:\/\/koff.swisspeace.ch\/apropos\/author\/apropos\/"},"featured_img":"https:\/\/koff.swisspeace.ch\/apropos\/wp-content\/uploads\/2024\/11\/News-course-187-600x332.png","coauthors":[],"tax_additional":{"categories":{"linked":["<a href=\"https:\/\/koff.swisspeace.ch\/apropos\/category\/news-fr\/\" class=\"advgb-post-tax-term\">Actualit\u00e9<\/a>"],"unlinked":["<span class=\"advgb-post-tax-term\">Actualit\u00e9<\/span>"]}},"comment_count":0,"relative_dates":{"created":"Posted 2 years ago","modified":"Updated 2 years ago"},"absolute_dates":{"created":"Posted on December 18, 2024","modified":"Updated on December 18, 2024"},"absolute_dates_time":{"created":"Posted on December 18, 2024 9:45 am","modified":"Updated on December 18, 2024 9:58 am"},"featured_img_caption":"","series_order":null,"_links":{"self":[{"href":"https:\/\/koff.swisspeace.ch\/apropos\/wp-json\/wp\/v2\/posts\/4611"}],"collection":[{"href":"https:\/\/koff.swisspeace.ch\/apropos\/wp-json\/wp\/v2\/posts"}],"about":[{"href":"https:\/\/koff.swisspeace.ch\/apropos\/wp-json\/wp\/v2\/types\/post"}],"author":[{"embeddable":true,"href":"https:\/\/koff.swisspeace.ch\/apropos\/wp-json\/wp\/v2\/users\/3"}],"replies":[{"embeddable":true,"href":"https:\/\/koff.swisspeace.ch\/apropos\/wp-json\/wp\/v2\/comments?post=4611"}],"version-history":[{"count":4,"href":"https:\/\/koff.swisspeace.ch\/apropos\/wp-json\/wp\/v2\/posts\/4611\/revisions"}],"predecessor-version":[{"id":4975,"href":"https:\/\/koff.swisspeace.ch\/apropos\/wp-json\/wp\/v2\/posts\/4611\/revisions\/4975"}],"wp:featuredmedia":[{"embeddable":true,"href":"https:\/\/koff.swisspeace.ch\/apropos\/wp-json\/wp\/v2\/media\/4614"}],"wp:attachment":[{"href":"https:\/\/koff.swisspeace.ch\/apropos\/wp-json\/wp\/v2\/media?parent=4611"}],"wp:term":[{"taxonomy":"category","embeddable":true,"href":"https:\/\/koff.swisspeace.ch\/apropos\/wp-json\/wp\/v2\/categories?post=4611"},{"taxonomy":"post_tag","embeddable":true,"href":"https:\/\/koff.swisspeace.ch\/apropos\/wp-json\/wp\/v2\/tags?post=4611"},{"taxonomy":"issue","embeddable":true,"href":"https:\/\/koff.swisspeace.ch\/apropos\/wp-json\/wp\/v2\/issue?post=4611"}],"curies":[{"name":"wp","href":"https:\/\/api.w.org\/{rel}","templated":true}]}}