{"id":4627,"date":"2024-12-18T09:45:26","date_gmt":"2024-12-18T09:45:26","guid":{"rendered":"https:\/\/koff.swisspeace.ch\/apropos\/?p=4627"},"modified":"2024-12-18T09:45:26","modified_gmt":"2024-12-18T09:45:26","slug":"el-salvador-comment-les-ouvrier%c2%b7es-du-textile-accedent-a-leurs-droits","status":"publish","type":"post","link":"https:\/\/koff.swisspeace.ch\/apropos\/4627\/el-salvador-comment-les-ouvrier%c2%b7es-du-textile-accedent-a-leurs-droits\/","title":{"rendered":"El Salvador \u2014 Comment les <\/strong>ouvri\u00e8r\u00b7es<strong> du textile acc\u00e8dent \u00e0 leurs droits"},"content":{"rendered":"\n<p>Nayib Bukele, pr\u00e9sident du Salvador depuis 2019, se proclame le \u00ab dictateur le plus cool du monde \u00bb. Il avait largement remport\u00e9 sa premi\u00e8re \u00e9lection, que l&#8217;Union europ\u00e9enne avait qualifi\u00e9e de <a rel=\"noreferrer noopener\" href=\"https:\/\/www.ecoi.net\/de\/dokument\/2020739.html\" target=\"_blank\">\u00ab cr\u00e9dible, transparente et bien organis\u00e9e \u00bb<\/a>. Toutefois, sa r\u00e9\u00e9lection en f\u00e9vrier dernier fut ill\u00e9gale,<a rel=\"noreferrer noopener\" href=\"https:\/\/www.boell.de\/de\/2024\/02\/09\/nach-den-wahlen-el-salvador-mit-punitivem-populismus-zur-einparteienherrschaft\" target=\"_blank\"> six articles<\/a> de la Constitution interdisant la r\u00e9\u00e9lection imm\u00e9diate du pr\u00e9sident, <\/p>\n\n\n\n<p>N\u00e9anmoins, Bukele demeure populaire, et ce pour une raison pr\u00e9cise : avant son mandat, au cours duquel il s\u2019est engag\u00e9 \u00e0 \u00e9radiquer la violence des gangs, El Salvador affichait le taux de meurtres le plus \u00e9lev\u00e9 au monde. Aujourd\u2019hui, il a chut\u00e9 de fa\u00e7on spectaculaire.<\/p>\n\n\n\n<p><strong>Vente aux ench\u00e8res des droits fondamentaux<\/strong><\/p>\n\n\n\n<p>La strat\u00e9gie de Bukele ? Une politique bas\u00e9e avant tout sur des arrestations arbitraires. Des dizaines de milliers de personnes, y compris des enfants, ont d\u00e9j\u00e0 \u00e9t\u00e9 incarc\u00e9r\u00e9\u00b7es. Au bout de cette cha\u00eene, on trouve souvent une femme qui, en raison de l\u2019arbitraire \u00e9tatique, se retrouve seule \u00e0 subvenir aux besoins de sa famille, la rendant ainsi plus vuln\u00e9rable aux conditions de travail abusives. Par ailleurs, la violence envers les femmes reste alarmante : chaque jour au Salvador, une femme est tu\u00e9e par un homme.<\/p>\n\n\n\n<p>Bruno Essig, responsable du programme Am\u00e9rique latine de l\u2019ONG Br\u00fccke Le Pont, rapporte des conditions de travail oppressives et pr\u00e9occupantes : \u00ab Les travailleuses du textile ne sont pas pay\u00e9es, elles font des heures suppl\u00e9mentaires non r\u00e9mun\u00e9r\u00e9es et n\u2019ont aucun droit social. Le harc\u00e8lement sexuel est fr\u00e9quent. \u00bb Ces conditions de travail d\u00e9plorables entra\u00eenent souvent des probl\u00e8mes de sant\u00e9 chroniques, ajoute Essig.<\/p>\n\n\n\n<p>Dans ce contexte, Br\u00fccke Le Pont a mis en place un projet qui renforce \u00e0 la fois les structures d\u00e9mocratiques et les droits des femmes. Dans le cadre de ce projet, Br\u00fccke Le Pont s\u2019appuie sur le droit du travail pour am\u00e9liorer la vie des travailleurs et travailleuses du textile. De plus, avec l\u2019ONG salvadorienne sp\u00e9cialis\u00e9e dans les droits des femmes, Ormusa, l\u2019organisation suit depuis plus de dix ans une approche multidimensionnelle : soutien des victimes devant les tribunaux et renforcement des structures \u00e9tatiques. Depuis 2019, le projet a permis de d\u00e9velopper le bureau du procureur g\u00e9n\u00e9ral en augmentant les services offerts, pour atteindre plus de zones et donc plus de personnes. Des formations en droit du travail, ax\u00e9es sur les droits humains et de genre, sont \u00e9galement propos\u00e9es aux avocat\u00b7es.<\/p>\n\n\n\n<p><strong>Des millions pour les personnes affect\u00e9es<\/strong><\/p>\n\n\n\n<p>L&#8217;approche durable de Br\u00fccke Le Pont a port\u00e9 ses fruits. \u00ab Nous avons fait en sorte que \u00e0 l&#8217;\u00c9tat lui-m\u00eame priorise la lutte contre les violations du droit du travail. Il est important pour nous que les habitants locaux portent eux\u00b7elles-m\u00eames le projet \u00bb, explique Essig.<\/p>\n\n\n\n<p>Depuis six ans, Br\u00fccke Le Pont collabore \u00e9galement avec le minist\u00e8re public salvadorien. Aujourd\u2019hui, des huissi\u00e8r\u00b7es sont charg\u00e9\u00b7es de poursuivre les violations du droit du travail, des postes cr\u00e9\u00e9s dans le cadre de ce partenariat et financ\u00e9s par le minist\u00e8re public. Au cours des cinq derni\u00e8res ann\u00e9es, plus de 4 000 travailleurs et travailleuses ont ainsi re\u00e7u des indemnisations totalisant environ 9,3 millions de dollars am\u00e9ricains, avec un budget de projet annuel moyen de 60 000 francs suisses.<\/p>\n\n\n\n<p>Dans un tel contexte marqu\u00e9 par la politique de Bukele, le projet demeure pertinent. Certes, ce sont principalement de jeunes hommes qui sont emprisonn\u00e9s arbitrairement, mais il est urgent d\u2019aborder les r\u00e9percussions s\u00e9curitaires et socio-\u00e9conomiques qui p\u00e8sent sur les femmes.<\/p>\n","protected":false},"excerpt":{"rendered":"<p>Nayib Bukele, pr\u00e9sident du Salvador depuis 2019, se proclame le \u00ab dictateur le plus cool du monde \u00bb. Il avait largement remport\u00e9 sa premi\u00e8re \u00e9lection, que l&#8217;Union europ\u00e9enne avait qualifi\u00e9e de \u00ab cr\u00e9dible, transparente et bien organis\u00e9e \u00bb. Toutefois, sa r\u00e9\u00e9lection en f\u00e9vrier dernier fut ill\u00e9gale, six articles de la Constitution interdisant la r\u00e9\u00e9lection imm\u00e9diate <a href=\"https:\/\/koff.swisspeace.ch\/apropos\/4627\/el-salvador-comment-les-ouvrier%c2%b7es-du-textile-accedent-a-leurs-droits\/\" class=\"more-link\">&#8230;<span class=\"screen-reader-text\">  El Salvador \u2014 Comment les &lt;\/strong&gt;ouvri\u00e8r\u00b7es&lt;strong&gt; du textile acc\u00e8dent \u00e0 leurs droits<\/span><\/a><\/p>\n","protected":false},"author":3,"featured_media":4618,"comment_status":"closed","ping_status":"closed","sticky":false,"template":"","format":"standard","meta":{"advgb_blocks_editor_width":"","advgb_blocks_columns_visual_guide":""},"categories":[113],"tags":[],"issue":[328],"acf":[],"author_meta":{"display_name":"\u00e0 propos","author_link":"https:\/\/koff.swisspeace.ch\/apropos\/author\/apropos\/"},"featured_img":"https:\/\/koff.swisspeace.ch\/apropos\/wp-content\/uploads\/2024\/11\/a-propos-Bild-Brucke-187-600x332.png","coauthors":[],"tax_additional":{"categories":{"linked":["<a href=\"https:\/\/koff.swisspeace.ch\/apropos\/category\/reports-fr\/\" class=\"advgb-post-tax-term\">Dossier<\/a>"],"unlinked":["<span class=\"advgb-post-tax-term\">Dossier<\/span>"]}},"comment_count":0,"relative_dates":{"created":"Posted 2 years ago","modified":"Updated 2 years ago"},"absolute_dates":{"created":"Posted on December 18, 2024","modified":"Updated on December 18, 2024"},"absolute_dates_time":{"created":"Posted on December 18, 2024 9:45 am","modified":"Updated on December 18, 2024 9:45 am"},"featured_img_caption":"","series_order":null,"_links":{"self":[{"href":"https:\/\/koff.swisspeace.ch\/apropos\/wp-json\/wp\/v2\/posts\/4627"}],"collection":[{"href":"https:\/\/koff.swisspeace.ch\/apropos\/wp-json\/wp\/v2\/posts"}],"about":[{"href":"https:\/\/koff.swisspeace.ch\/apropos\/wp-json\/wp\/v2\/types\/post"}],"author":[{"embeddable":true,"href":"https:\/\/koff.swisspeace.ch\/apropos\/wp-json\/wp\/v2\/users\/3"}],"replies":[{"embeddable":true,"href":"https:\/\/koff.swisspeace.ch\/apropos\/wp-json\/wp\/v2\/comments?post=4627"}],"version-history":[{"count":8,"href":"https:\/\/koff.swisspeace.ch\/apropos\/wp-json\/wp\/v2\/posts\/4627\/revisions"}],"predecessor-version":[{"id":4910,"href":"https:\/\/koff.swisspeace.ch\/apropos\/wp-json\/wp\/v2\/posts\/4627\/revisions\/4910"}],"wp:featuredmedia":[{"embeddable":true,"href":"https:\/\/koff.swisspeace.ch\/apropos\/wp-json\/wp\/v2\/media\/4618"}],"wp:attachment":[{"href":"https:\/\/koff.swisspeace.ch\/apropos\/wp-json\/wp\/v2\/media?parent=4627"}],"wp:term":[{"taxonomy":"category","embeddable":true,"href":"https:\/\/koff.swisspeace.ch\/apropos\/wp-json\/wp\/v2\/categories?post=4627"},{"taxonomy":"post_tag","embeddable":true,"href":"https:\/\/koff.swisspeace.ch\/apropos\/wp-json\/wp\/v2\/tags?post=4627"},{"taxonomy":"issue","embeddable":true,"href":"https:\/\/koff.swisspeace.ch\/apropos\/wp-json\/wp\/v2\/issue?post=4627"}],"curies":[{"name":"wp","href":"https:\/\/api.w.org\/{rel}","templated":true}]}}