{"id":4672,"date":"2024-12-18T09:45:27","date_gmt":"2024-12-18T09:45:27","guid":{"rendered":"https:\/\/koff.swisspeace.ch\/apropos\/?p=4672"},"modified":"2024-12-18T09:45:27","modified_gmt":"2024-12-18T09:45:27","slug":"la-voix-des-femmes-leur-experience-du-lien-entre-climat-genre-et-securite","status":"publish","type":"post","link":"https:\/\/koff.swisspeace.ch\/apropos\/4672\/la-voix-des-femmes-leur-experience-du-lien-entre-climat-genre-et-securite\/","title":{"rendered":"La voix des femmes \u2014 Leur exp\u00e9rience du lien entre climat, genre et s\u00e9curit\u00e9"},"content":{"rendered":"\n<p><strong>Le changement climatique constitue une menace s\u00e9curitaire importante pour les femmes. Ses impacts \u2014 allant de la d\u00e9gradation de l\u2019environnement \u00e0 la destruction des moyens de subsistance \u2014 entravent les efforts de consolidation de la paix et de la stabilit\u00e9. De plus, il exacerbe les tensions intercommunautaires, prolongeant souvent les conflits. Le changement climatique affecte non seulement les femmes de mani\u00e8re disproportionn\u00e9e, mais il aggrave \u00e9galement les in\u00e9galit\u00e9s structurelles et sociales d\u00e9j\u00e0 existantes. Les communaut\u00e9s sont moins aptes \u00e0 s\u2019adapter et \u00e0 se montrer r\u00e9silientes face au changement climatique en cas d\u2019\/en raison des in\u00e9galit\u00e9s de genre. Ainsi, des politiques et des programmes efficaces sur le climat et la s\u00e9curit\u00e9 doivent imp\u00e9rativement adopter une perspective de genre et s\u2019appuyer sur des savoirs et exp\u00e9riences locaux.<\/strong><\/p>\n\n\n\n<p>Plusieurs instances des Nations Unies (notamment le Conseil des droits de l\u2019homme de l\u2019ONU, les parties \u00e0 la Convention-cadre des Nations Unies sur les changements climatiques, le Comit\u00e9 CEDAW et le Secr\u00e9taire g\u00e9n\u00e9ral de l\u2019ONU dans ses rapports sur les Femmes, la Paix et la S\u00e9curit\u00e9) l\u2019ont clairement exprim\u00e9. De plus, de nombreux \u00c9tats se sont engag\u00e9s \u00e0 promouvoir la r\u00e9silience des femmes face au changement climatique dans leurs Plans d\u2019action nationaux 1325.<\/p>\n\n\n\n<p>En r\u00e9ponse aux besoins des d\u00e9cisionnaires et praticien\u00b7nes, le travail du DCAF en Colombie, au Mali et au Y\u00e9men a permis \u00e0 des femmes issues de 68 organisations de femmes de s\u2019impliquer davantage et augmenter leur visibilit\u00e9 dans les dialogues sur le climat et la s\u00e9curit\u00e9. Les initiatives du DCAF leur ont offert un espace pour dialoguer et d\u00e9velopper des approches de plaidoyer communes, cibl\u00e9es et bas\u00e9es sur des preuves concernant les enjeux climatiques et environnementaux. Ce travail a conduit \u00e0 la cr\u00e9ation de r\u00e9seaux d\u2019activistes et d\u2019organisations dirig\u00e9es par des femmes dans chaque pays, qui ont \u00e9labor\u00e9 des plans d\u2019action de plaidoyer autour du lien entre climat, genre et consolidation de la paix.<\/p>\n\n\n\n<p>Les huit recommandations issues de ces efforts sugg\u00e8rent des moyens d\u2019\u00e9laborer des politiques renfor\u00e7ant \u00e0 la fois l\u2019\u00e9galit\u00e9 de genre et la lutte contre le changement climatique :<\/p>\n\n\n\n<ol type=\"1\">\n<li>Appliquer une perspective de s\u00e9curit\u00e9 humaine intersectionnelle pour le lien conflit\/climat.<\/li>\n\n\n\n<li>Aborder la d\u00e9gradation de l\u2019environnement lorsque l\u2019on parle de changement climatique.<\/li>\n\n\n\n<li>Prioriser les objectifs pour l\u2019\u00e9galit\u00e9 des genres dans toutes les actions men\u00e9es pour le climat et l\u2019environnement.<\/li>\n\n\n\n<li>Aborder les connexions entre le climat et l\u2019environnement, la consolidation de la paix et l\u2019\u00e9galit\u00e9 des genres.<\/li>\n\n\n\n<li>\u00c9viter la s\u00e9curitisation des r\u00e9ponses \u00e0 la crise climatique et environnementale.<\/li>\n\n\n\n<li>R\u00e9duire l\u2019impact climatique et environnemental du secteur de la s\u00e9curit\u00e9 lui-m\u00eame.<\/li>\n\n\n\n<li>Garantir la participation significative et le leadership des femmes.<\/li>\n\n\n\n<li>Pr\u00e9voir des ressources pour les femmes dans les pays fragiles et touch\u00e9s par les conflits.<\/li>\n<\/ol>\n\n\n\n<p>En renfor\u00e7ant l\u2019inclusion et l\u2019\u00e9galit\u00e9, ces politiques contribuent \u00e0 r\u00e9duire la vuln\u00e9rabilit\u00e9 des femmes tout en s\u2019attaquant aux in\u00e9galit\u00e9s structurelles qui perp\u00e9tuent l\u2019ins\u00e9curit\u00e9.<\/p>\n\n\n\n<p>Des repr\u00e9sentantes des trois pays ont re\u00e7u un soutien pour amplifier leur r\u00f4le \u00e0 l\u2019\u00e9chelle r\u00e9gionale et internationale. Cela a favoris\u00e9 un engagement accru avec les acteurs du secteur de la s\u00e9curit\u00e9 et les gouvernements, permettant ainsi une prise en compte des pr\u00e9occupations intersectionnelles et sensibles au genre dans les r\u00e9ponses \u00e0 l\u2019ins\u00e9curit\u00e9 climatique.<\/p>\n\n\n\n<p>L\u2019implication des organisations de femmes rurales dans les politiques climatiques a \u00e9t\u00e9 cruciale pour perturber les in\u00e9galit\u00e9s \u00e0 l\u2019origine de l\u2019ins\u00e9curit\u00e9 et de la vuln\u00e9rabilit\u00e9, tout en favorisant le dialogue entre les organisations f\u00e9minines et les acteurs du secteur de la s\u00e9curit\u00e9. En remettant en question les structures et normes de pouvoir discriminatoires, les repr\u00e9sentantes f\u00e9minines cherchent \u00e0 \u00eatre reconnues comme des expertes et des leaders cl\u00e9s. Ce faisant, elles s\u2019efforcent d\u2019emp\u00eacher que le lien entre genre, climat et s\u00e9curit\u00e9 ne devienne qu\u2019une question de s\u00e9curit\u00e9.<\/p>\n\n\n\n<p>Cette initiative constitue donc un mod\u00e8le inspirant pour des \u00c9tats d\u2019Am\u00e9rique latine, comme la Colombie et le Mexique, qui ont adopt\u00e9 une politique \u00e9trang\u00e8re f\u00e9ministe.<\/p>\n","protected":false},"excerpt":{"rendered":"<p>Le changement climatique constitue une menace s\u00e9curitaire importante pour les femmes. Ses impacts \u2014 allant de la d\u00e9gradation de l\u2019environnement \u00e0 la destruction des moyens de subsistance \u2014 entravent les efforts de consolidation de la paix et de la stabilit\u00e9. De plus, il exacerbe les tensions intercommunautaires, prolongeant souvent les conflits. Le changement climatique affecte <a href=\"https:\/\/koff.swisspeace.ch\/apropos\/4672\/la-voix-des-femmes-leur-experience-du-lien-entre-climat-genre-et-securite\/\" class=\"more-link\">&#8230;<span class=\"screen-reader-text\">  La voix des femmes \u2014 Leur exp\u00e9rience du lien entre climat, genre et s\u00e9curit\u00e9<\/span><\/a><\/p>\n","protected":false},"author":3,"featured_media":4670,"comment_status":"closed","ping_status":"closed","sticky":false,"template":"","format":"standard","meta":{"advgb_blocks_editor_width":"","advgb_blocks_columns_visual_guide":""},"categories":[113],"tags":[],"issue":[328],"acf":[],"author_meta":{"display_name":"\u00e0 propos","author_link":"https:\/\/koff.swisspeace.ch\/apropos\/author\/apropos\/"},"featured_img":"https:\/\/koff.swisspeace.ch\/apropos\/wp-content\/uploads\/2024\/12\/DCAF187-600x331.jpg","coauthors":[],"tax_additional":{"categories":{"linked":["<a href=\"https:\/\/koff.swisspeace.ch\/apropos\/category\/reports-fr\/\" class=\"advgb-post-tax-term\">Dossier<\/a>"],"unlinked":["<span class=\"advgb-post-tax-term\">Dossier<\/span>"]}},"comment_count":0,"relative_dates":{"created":"Posted 2 years ago","modified":"Updated 2 years ago"},"absolute_dates":{"created":"Posted on December 18, 2024","modified":"Updated on December 18, 2024"},"absolute_dates_time":{"created":"Posted on December 18, 2024 9:45 am","modified":"Updated on December 18, 2024 9:45 am"},"featured_img_caption":"","series_order":null,"_links":{"self":[{"href":"https:\/\/koff.swisspeace.ch\/apropos\/wp-json\/wp\/v2\/posts\/4672"}],"collection":[{"href":"https:\/\/koff.swisspeace.ch\/apropos\/wp-json\/wp\/v2\/posts"}],"about":[{"href":"https:\/\/koff.swisspeace.ch\/apropos\/wp-json\/wp\/v2\/types\/post"}],"author":[{"embeddable":true,"href":"https:\/\/koff.swisspeace.ch\/apropos\/wp-json\/wp\/v2\/users\/3"}],"replies":[{"embeddable":true,"href":"https:\/\/koff.swisspeace.ch\/apropos\/wp-json\/wp\/v2\/comments?post=4672"}],"version-history":[{"count":6,"href":"https:\/\/koff.swisspeace.ch\/apropos\/wp-json\/wp\/v2\/posts\/4672\/revisions"}],"predecessor-version":[{"id":4911,"href":"https:\/\/koff.swisspeace.ch\/apropos\/wp-json\/wp\/v2\/posts\/4672\/revisions\/4911"}],"wp:featuredmedia":[{"embeddable":true,"href":"https:\/\/koff.swisspeace.ch\/apropos\/wp-json\/wp\/v2\/media\/4670"}],"wp:attachment":[{"href":"https:\/\/koff.swisspeace.ch\/apropos\/wp-json\/wp\/v2\/media?parent=4672"}],"wp:term":[{"taxonomy":"category","embeddable":true,"href":"https:\/\/koff.swisspeace.ch\/apropos\/wp-json\/wp\/v2\/categories?post=4672"},{"taxonomy":"post_tag","embeddable":true,"href":"https:\/\/koff.swisspeace.ch\/apropos\/wp-json\/wp\/v2\/tags?post=4672"},{"taxonomy":"issue","embeddable":true,"href":"https:\/\/koff.swisspeace.ch\/apropos\/wp-json\/wp\/v2\/issue?post=4672"}],"curies":[{"name":"wp","href":"https:\/\/api.w.org\/{rel}","templated":true}]}}